{"id":20980,"date":"2018-10-24T11:46:28","date_gmt":"2018-10-24T08:46:28","guid":{"rendered":"http:\/\/arantv.az\/?p=20980"},"modified":"2018-10-24T11:46:28","modified_gmt":"2018-10-24T08:46:28","slug":"bmt-dayaniqli-inkisaf-m%c9%99qs%c9%99dl%c9%99rin%c9%99-nail-olmaq-ucun-az%c9%99rbaycanin-f%c9%99aliyy%c9%99tini-d%c9%99st%c9%99kl%c9%99m%c9%99y%c9%99-davam-ed%c9%99c%c9%99k","status":"publish","type":"post","link":"https:\/\/arantv.az\/?p=20980","title":{"rendered":"&#8220;BMT Dayan\u0131ql\u0131 \u0130nki\u015faf M\u0259qs\u0259dl\u0259rin\u0259 nail olmaq \u00fc\u00e7\u00fcn Az\u0259rbaycan\u0131n f\u0259aliyy\u0259tini d\u0259st\u0259kl\u0259m\u0259y\u0259 davam ed\u0259c\u0259k&#8221;"},"content":{"rendered":"<p><strong>Birl\u0259\u015fmi\u015f Mill\u0259tl\u0259r T\u0259\u015fkilat\u0131 (BMT) Dayan\u0131ql\u0131 \u0130nki\u015faf M\u0259qs\u0259dl\u0259rin\u0259 (D\u0130M) nail olmaq \u00fc\u00e7\u00fcn Az\u0259rbaycan\u0131n f\u0259aliyy\u0259tini d\u0259st\u0259kl\u0259m\u0259y\u0259 davam ed\u0259c\u0259k.<\/strong><\/p>\n<p><strong>ARANTV.AZ<\/strong> trend-\u0259 istinad\u0259n x\u0259b\u0259r verir ki, bu bar\u0259d\u0259 t\u0259\u015fkilat\u0131n Az\u0259rbaycandak\u0131 rezident \u0259laq\u0259l\u0259ndiricisi Qulam \u0130shaqzainin BMT G\u00fcn\u00fc m\u00fcnasib\u0259til\u0259 m\u00fcraci\u0259tind\u0259 deyilir.<\/p>\n<p>M\u00fcraci\u0259td\u0259 qeyd olunur: &#8220;Bu g\u00fcn 73 il \u00f6nc\u0259 \u0259sas\u0131 qoyulmu\u015f Birl\u0259\u015fmi\u015f Mill\u0259tl\u0259r T\u0259\u015fkilat\u0131n\u0131n G\u00fcn\u00fcd\u00fcr. Bu biz\u0259 BMT-nin Az\u0259rbaycan h\u00f6kum\u0259ti v\u0259 xalq\u0131 il\u0259 \u0259m\u0259kda\u015fl\u0131\u011f\u0131n\u0131n 26 ilini qeyd etm\u0259k v\u0259 Az\u0259rbaycan\u0131n inki\u015faf\u0131 v\u0259 rifah\u0131 \u00fc\u00e7\u00fcn g\u00f6rd\u00fcy\u00fc i\u015fl\u0259r haqq\u0131nda dan\u0131\u015fmaq imkan\u0131 verir&#8221;.<\/p>\n<p>Q.\u0130shaqzai bildirib ki, Az\u0259rbaycan m\u00fcst\u0259qillik \u0259ld\u0259 etdikd\u0259n sonra BMT-nin d\u0259y\u0259rli v\u0259 f\u0259al \u00fczv\u00fc olub:<\/p>\n<p>&#8220;Biz daha yax\u015f\u0131 v\u0259 g\u00fccl\u00fc BMT namin\u0259 Az\u0259rbaycan\u0131n davaml\u0131 d\u0259st\u0259yin\u0259 g\u00fcv\u0259nirik. BMT Dayan\u0131ql\u0131 \u0130nki\u015faf M\u0259qs\u0259dl\u0259rin\u0259 nail olmaq \u00fc\u00e7\u00fcn Az\u0259rbaycan\u0131n f\u0259aliyy\u0259tini d\u0259st\u0259kl\u0259m\u0259y\u0259 davam ed\u0259c\u0259k. Sabah ke\u00e7iril\u0259c\u0259k D\u0130M Forumu bu dayan\u0131ql\u0131 inki\u015faf g\u00fcnd\u0259liyinin icras\u0131nda t\u0259r\u0259fda\u015fl\u0131\u011f\u0131m\u0131z v\u0259 birg\u0259 i\u015fimizin bariz n\u00fcmun\u0259sidir. G\u0259lin, BMT-nin Az\u0259rbaycanda v\u0259 d\u00fcnyadak\u0131 d\u0259y\u0259rini, v\u0259zif\u0259sini v\u0259 i\u015fini birlikd\u0259 t\u0259qdir ed\u0259k. BMT-nin biz\u0259, bizim is\u0259 BMT-y\u0259 ehtiyac\u0131m\u0131z var! BMT G\u00fcn\u00fcm\u00fcz m\u00fcbar\u0259k!&#8221;<\/p>\n","protected":false},"excerpt":{"rendered":"<p>Birl\u0259\u015fmi\u015f Mill\u0259tl\u0259r T\u0259\u015fkilat\u0131 (BMT) Dayan\u0131ql\u0131 \u0130nki\u015faf M\u0259qs\u0259dl\u0259rin\u0259 (D\u0130M) nail olmaq \u00fc\u00e7\u00fcn Az\u0259rbaycan\u0131n f\u0259aliyy\u0259tini d\u0259st\u0259kl\u0259m\u0259y\u0259 davam ed\u0259c\u0259k. ARANTV.AZ trend-\u0259 istinad\u0259n x\u0259b\u0259r verir ki, bu bar\u0259d\u0259 t\u0259\u015fkilat\u0131n Az\u0259rbaycandak\u0131 rezident \u0259laq\u0259l\u0259ndiricisi Qulam \u0130shaqzainin BMT G\u00fcn\u00fc m\u00fcnasib\u0259til\u0259 m\u00fcraci\u0259tind\u0259 deyilir. M\u00fcraci\u0259td\u0259 qeyd olunur: &#8220;Bu g\u00fcn 73 il \u00f6nc\u0259 \u0259sas\u0131 qoyulmu\u015f Birl\u0259\u015fmi\u015f Mill\u0259tl\u0259r T\u0259\u015fkilat\u0131n\u0131n G\u00fcn\u00fcd\u00fcr. Bu biz\u0259 BMT-nin Az\u0259rbaycan h\u00f6kum\u0259ti v\u0259 xalq\u0131 il\u0259 \u0259m\u0259kda\u015fl\u0131\u011f\u0131n\u0131n 26 ilini qeyd etm\u0259k v\u0259 Az\u0259rbaycan\u0131n inki\u015faf\u0131 v\u0259 rifah\u0131 \u00fc\u00e7\u00fcn g\u00f6rd\u00fcy\u00fc i\u015fl\u0259r haqq\u0131nda dan\u0131\u015fmaq imkan\u0131 verir&#8221;. Q.\u0130shaqzai bildirib ki, Az\u0259rbaycan m\u00fcst\u0259qillik \u0259ld\u0259 etdikd\u0259n sonra BMT-nin d\u0259y\u0259rli v\u0259 f\u0259al \u00fczv\u00fc olub: &#8220;Biz daha&hellip;<\/p>\n","protected":false},"author":2,"featured_media":20981,"comment_status":"closed","ping_status":"closed","sticky":false,"template":"","format":"standard","meta":{"om_disable_all_campaigns":false,"_monsterinsights_skip_tracking":false,"_monsterinsights_sitenote_active":false,"_monsterinsights_sitenote_note":"","_monsterinsights_sitenote_category":0},"categories":[4],"tags":[],"aioseo_notices":[],"gutentor_comment":0,"rttpg_featured_image_url":{"full":["https:\/\/arantv.az\/wp-content\/uploads\/2018\/10\/697422.jpg",800,600,false],"landscape":["https:\/\/arantv.az\/wp-content\/uploads\/2018\/10\/697422.jpg",800,600,false],"portraits":["https:\/\/arantv.az\/wp-content\/uploads\/2018\/10\/697422.jpg",800,600,false],"thumbnail":["https:\/\/arantv.az\/wp-content\/uploads\/2018\/10\/697422-150x150.jpg",150,150,true],"medium":["https:\/\/arantv.az\/wp-content\/uploads\/2018\/10\/697422-300x225.jpg",300,225,true],"large":["https:\/\/arantv.az\/wp-content\/uploads\/2018\/10\/697422.jpg",640,480,false],"1536x1536":["https:\/\/arantv.az\/wp-content\/uploads\/2018\/10\/697422.jpg",800,600,false],"2048x2048":["https:\/\/arantv.az\/wp-content\/uploads\/2018\/10\/697422.jpg",800,600,false],"post-thumbnail":["https:\/\/arantv.az\/wp-content\/uploads\/2018\/10\/697422-240x172.jpg",240,172,true],"advps-thumb-one":["https:\/\/arantv.az\/wp-content\/uploads\/2018\/10\/697422.jpg",800,600,false]},"rttpg_author":{"display_name":"V\u00fcsal Rafiqo\u011flu","author_link":"https:\/\/arantv.az\/?author=2"},"rttpg_comment":0,"rttpg_category":"<a href=\"https:\/\/arantv.az\/?cat=4\" rel=\"category\">Siyas\u0259t<\/a>","rttpg_excerpt":"Birl\u0259\u015fmi\u015f Mill\u0259tl\u0259r T\u0259\u015fkilat\u0131 (BMT) Dayan\u0131ql\u0131 \u0130nki\u015faf M\u0259qs\u0259dl\u0259rin\u0259 (D\u0130M) nail olmaq \u00fc\u00e7\u00fcn Az\u0259rbaycan\u0131n f\u0259aliyy\u0259tini d\u0259st\u0259kl\u0259m\u0259y\u0259 davam ed\u0259c\u0259k. ARANTV.AZ trend-\u0259 istinad\u0259n x\u0259b\u0259r verir ki, bu bar\u0259d\u0259 t\u0259\u015fkilat\u0131n Az\u0259rbaycandak\u0131 rezident \u0259laq\u0259l\u0259ndiricisi Qulam \u0130shaqzainin BMT G\u00fcn\u00fc m\u00fcnasib\u0259til\u0259 m\u00fcraci\u0259tind\u0259 deyilir. M\u00fcraci\u0259td\u0259 qeyd olunur: &#8220;Bu g\u00fcn 73 il \u00f6nc\u0259 \u0259sas\u0131 qoyulmu\u015f Birl\u0259\u015fmi\u015f Mill\u0259tl\u0259r T\u0259\u015fkilat\u0131n\u0131n G\u00fcn\u00fcd\u00fcr. Bu biz\u0259 BMT-nin Az\u0259rbaycan h\u00f6kum\u0259ti v\u0259&hellip;","_links":{"self":[{"href":"https:\/\/arantv.az\/index.php?rest_route=\/wp\/v2\/posts\/20980"}],"collection":[{"href":"https:\/\/arantv.az\/index.php?rest_route=\/wp\/v2\/posts"}],"about":[{"href":"https:\/\/arantv.az\/index.php?rest_route=\/wp\/v2\/types\/post"}],"author":[{"embeddable":true,"href":"https:\/\/arantv.az\/index.php?rest_route=\/wp\/v2\/users\/2"}],"replies":[{"embeddable":true,"href":"https:\/\/arantv.az\/index.php?rest_route=%2Fwp%2Fv2%2Fcomments&post=20980"}],"version-history":[{"count":0,"href":"https:\/\/arantv.az\/index.php?rest_route=\/wp\/v2\/posts\/20980\/revisions"}],"wp:featuredmedia":[{"embeddable":true,"href":"https:\/\/arantv.az\/index.php?rest_route=\/wp\/v2\/media\/20981"}],"wp:attachment":[{"href":"https:\/\/arantv.az\/index.php?rest_route=%2Fwp%2Fv2%2Fmedia&parent=20980"}],"wp:term":[{"taxonomy":"category","embeddable":true,"href":"https:\/\/arantv.az\/index.php?rest_route=%2Fwp%2Fv2%2Fcategories&post=20980"},{"taxonomy":"post_tag","embeddable":true,"href":"https:\/\/arantv.az\/index.php?rest_route=%2Fwp%2Fv2%2Ftags&post=20980"}],"curies":[{"name":"wp","href":"https:\/\/api.w.org\/{rel}","templated":true}]}}