{"id":20984,"date":"2018-10-24T13:31:20","date_gmt":"2018-10-24T10:31:20","guid":{"rendered":"http:\/\/arantv.az\/?p=20984"},"modified":"2018-10-24T13:31:20","modified_gmt":"2018-10-24T10:31:20","slug":"%c9%99li-%c9%99hm%c9%99dov-erm%c9%99nistana-ciddi-t%c9%99zyiql%c9%99r-edilm%c9%99lidir","status":"publish","type":"post","link":"https:\/\/arantv.az\/?p=20984","title":{"rendered":"\u018fli \u018fhm\u0259dov: Erm\u0259nistana ciddi t\u0259zyiql\u0259r edilm\u0259lidir"},"content":{"rendered":"<p>Qaraba\u011f problemi Az\u0259rbaycan\u0131n \u0259razi b\u00fct\u00f6vl\u00fcy\u00fc \u00e7\u0259r\u00e7iv\u0259sind\u0259, beyn\u0259lxalq h\u00fcququn normalar\u0131 \u0259sas\u0131nda h\u0259ll edilm\u0259lidir.<\/p>\n<p><b>ARANTV.AZ\u00a0<\/b>x\u0259b\u0259r verir ki, bunu ba\u015f nazirin m\u00fcavini\u00a0<strong>\u018fli \u018fhm\u0259dov<\/strong>\u00a0deyib.<\/p>\n<p>O\u00a0qeyd edib ki, i\u015f\u011fal\u00e7\u0131 v\u0259 t\u0259cav\u00fczkar Erm\u0259nistan m\u00fcnaqi\u015f\u0259nin, beyn\u0259lxalq h\u00fcququn normalar\u0131 \u0259sas\u0131nda h\u0259llin\u0259 ciddi c\u0259hdl\u0259rl\u0259 mane\u00e7ilik t\u00f6r\u0259dir.<\/p>\n<div id=\"AdributorNativeVideo0\" class=\"AdributorNativeVideo\">\n<div class=\"adributor-inboard\">\n<div>\n<div id=\"teads0\" class=\"adributor-player\"><\/div>\n<\/div>\n<\/div>\n<\/div>\n<p>\u201cM\u00fcnaqi\u015f\u0259 n\u0259tic\u0259sind\u0259 Az\u0259rbaycan torpaqlar\u0131n\u0131n 20 faizi i\u015f\u011fal olunub v\u0259 bir milyondan \u00e7ox soyda\u015f\u0131m\u0131z yurd-yuvalar\u0131ndan qa\u00e7q\u0131n v\u0259 m\u0259cburi k\u00f6\u00e7k\u00fcn d\u00fc\u015f\u00fcb.<\/p>\n<p>Bu problem Az\u0259rbaycan\u0131n \u0259razi b\u00fct\u00f6vl\u00fcy\u00fc \u00e7\u0259r\u00e7iv\u0259sind\u0259, beyn\u0259lxalq h\u00fcququn normalar\u0131 \u0259sas\u0131nda h\u0259ll edilm\u0259lidir. BMT T\u0259hl\u00fck\u0259sizlik \u015euras\u0131n\u0131n m\u00fcnaqi\u015f\u0259y\u0259 dair q\u0259bul etdiyi 822, 853, 874 v\u0259 884 sayl\u0131 q\u0259tnam\u0259l\u0259rd\u0259 \u00f6lk\u0259mizin \u0259razi b\u00fct\u00f6vl\u00fcy\u00fc v\u0259 toxunulmazl\u0131\u011f\u0131 bir daha t\u0259sdiql\u0259nib v\u0259 i\u015f\u011fal\u00e7\u0131 q\u00fcvv\u0259l\u0259rin Az\u0259rbaycan \u0259razisind\u0259n d\u0259rhal \u00e7\u0131xar\u0131lmas\u0131 t\u0259l\u0259b olunub.<\/p>\n<p>T\u0259\u0259ss\u00fcf ki, m\u0259lum q\u0259tnam\u0259l\u0259r indiy\u0259d\u0259k yerin\u0259 yetirilm\u0259yib. Ona g\u00f6r\u0259 h\u0259min q\u0259tnam\u0259l\u0259ri icra etm\u0259k, yerin\u0259 yetirm\u0259k \u00fc\u00e7\u00fcn Erm\u0259nistana ciddi t\u0259zyiql\u0259r edilm\u0259lidir\u201d, &#8211; dey\u0259 \u018f.\u018fhm\u0259dov \u0259lav\u0259 edib.oxu.az<\/p>\n","protected":false},"excerpt":{"rendered":"<p>Qaraba\u011f problemi Az\u0259rbaycan\u0131n \u0259razi b\u00fct\u00f6vl\u00fcy\u00fc \u00e7\u0259r\u00e7iv\u0259sind\u0259, beyn\u0259lxalq h\u00fcququn normalar\u0131 \u0259sas\u0131nda h\u0259ll edilm\u0259lidir. ARANTV.AZ\u00a0x\u0259b\u0259r verir ki, bunu ba\u015f nazirin m\u00fcavini\u00a0\u018fli \u018fhm\u0259dov\u00a0deyib. O\u00a0qeyd edib ki, i\u015f\u011fal\u00e7\u0131 v\u0259 t\u0259cav\u00fczkar Erm\u0259nistan m\u00fcnaqi\u015f\u0259nin, beyn\u0259lxalq h\u00fcququn normalar\u0131 \u0259sas\u0131nda h\u0259llin\u0259 ciddi c\u0259hdl\u0259rl\u0259 mane\u00e7ilik t\u00f6r\u0259dir. \u201cM\u00fcnaqi\u015f\u0259 n\u0259tic\u0259sind\u0259 Az\u0259rbaycan torpaqlar\u0131n\u0131n 20 faizi i\u015f\u011fal olunub v\u0259 bir milyondan \u00e7ox soyda\u015f\u0131m\u0131z yurd-yuvalar\u0131ndan qa\u00e7q\u0131n v\u0259 m\u0259cburi k\u00f6\u00e7k\u00fcn d\u00fc\u015f\u00fcb. Bu problem Az\u0259rbaycan\u0131n \u0259razi b\u00fct\u00f6vl\u00fcy\u00fc \u00e7\u0259r\u00e7iv\u0259sind\u0259, beyn\u0259lxalq h\u00fcququn normalar\u0131 \u0259sas\u0131nda h\u0259ll edilm\u0259lidir. BMT T\u0259hl\u00fck\u0259sizlik \u015euras\u0131n\u0131n m\u00fcnaqi\u015f\u0259y\u0259 dair q\u0259bul etdiyi 822, 853, 874 v\u0259 884 sayl\u0131 q\u0259tnam\u0259l\u0259rd\u0259 \u00f6lk\u0259mizin \u0259razi b\u00fct\u00f6vl\u00fcy\u00fc v\u0259 toxunulmazl\u0131\u011f\u0131 bir daha t\u0259sdiql\u0259nib&hellip;<\/p>\n","protected":false},"author":2,"featured_media":20985,"comment_status":"closed","ping_status":"closed","sticky":false,"template":"","format":"standard","meta":{"om_disable_all_campaigns":false,"_monsterinsights_skip_tracking":false,"_monsterinsights_sitenote_active":false,"_monsterinsights_sitenote_note":"","_monsterinsights_sitenote_category":0},"categories":[4],"tags":[],"aioseo_notices":[],"gutentor_comment":0,"rttpg_featured_image_url":{"full":["https:\/\/arantv.az\/wp-content\/uploads\/2018\/10\/ALI-AHMEDOV-11-1.jpg",620,348,false],"landscape":["https:\/\/arantv.az\/wp-content\/uploads\/2018\/10\/ALI-AHMEDOV-11-1.jpg",620,348,false],"portraits":["https:\/\/arantv.az\/wp-content\/uploads\/2018\/10\/ALI-AHMEDOV-11-1.jpg",620,348,false],"thumbnail":["https:\/\/arantv.az\/wp-content\/uploads\/2018\/10\/ALI-AHMEDOV-11-1-150x150.jpg",150,150,true],"medium":["https:\/\/arantv.az\/wp-content\/uploads\/2018\/10\/ALI-AHMEDOV-11-1-300x168.jpg",300,168,true],"large":["https:\/\/arantv.az\/wp-content\/uploads\/2018\/10\/ALI-AHMEDOV-11-1.jpg",620,348,false],"1536x1536":["https:\/\/arantv.az\/wp-content\/uploads\/2018\/10\/ALI-AHMEDOV-11-1.jpg",620,348,false],"2048x2048":["https:\/\/arantv.az\/wp-content\/uploads\/2018\/10\/ALI-AHMEDOV-11-1.jpg",620,348,false],"post-thumbnail":["https:\/\/arantv.az\/wp-content\/uploads\/2018\/10\/ALI-AHMEDOV-11-1-240x172.jpg",240,172,true],"advps-thumb-one":["https:\/\/arantv.az\/wp-content\/uploads\/2018\/10\/ALI-AHMEDOV-11-1.jpg",620,348,false]},"rttpg_author":{"display_name":"V\u00fcsal Rafiqo\u011flu","author_link":"https:\/\/arantv.az\/?author=2"},"rttpg_comment":0,"rttpg_category":"<a href=\"https:\/\/arantv.az\/?cat=4\" rel=\"category\">Siyas\u0259t<\/a>","rttpg_excerpt":"Qaraba\u011f problemi Az\u0259rbaycan\u0131n \u0259razi b\u00fct\u00f6vl\u00fcy\u00fc \u00e7\u0259r\u00e7iv\u0259sind\u0259, beyn\u0259lxalq h\u00fcququn normalar\u0131 \u0259sas\u0131nda h\u0259ll edilm\u0259lidir. ARANTV.AZ\u00a0x\u0259b\u0259r verir ki, bunu ba\u015f nazirin m\u00fcavini\u00a0\u018fli \u018fhm\u0259dov\u00a0deyib. O\u00a0qeyd edib ki, i\u015f\u011fal\u00e7\u0131 v\u0259 t\u0259cav\u00fczkar Erm\u0259nistan m\u00fcnaqi\u015f\u0259nin, beyn\u0259lxalq h\u00fcququn normalar\u0131 \u0259sas\u0131nda h\u0259llin\u0259 ciddi c\u0259hdl\u0259rl\u0259 mane\u00e7ilik t\u00f6r\u0259dir. \u201cM\u00fcnaqi\u015f\u0259 n\u0259tic\u0259sind\u0259 Az\u0259rbaycan torpaqlar\u0131n\u0131n 20 faizi i\u015f\u011fal olunub v\u0259 bir milyondan \u00e7ox soyda\u015f\u0131m\u0131z yurd-yuvalar\u0131ndan qa\u00e7q\u0131n v\u0259 m\u0259cburi k\u00f6\u00e7k\u00fcn&hellip;","_links":{"self":[{"href":"https:\/\/arantv.az\/index.php?rest_route=\/wp\/v2\/posts\/20984"}],"collection":[{"href":"https:\/\/arantv.az\/index.php?rest_route=\/wp\/v2\/posts"}],"about":[{"href":"https:\/\/arantv.az\/index.php?rest_route=\/wp\/v2\/types\/post"}],"author":[{"embeddable":true,"href":"https:\/\/arantv.az\/index.php?rest_route=\/wp\/v2\/users\/2"}],"replies":[{"embeddable":true,"href":"https:\/\/arantv.az\/index.php?rest_route=%2Fwp%2Fv2%2Fcomments&post=20984"}],"version-history":[{"count":0,"href":"https:\/\/arantv.az\/index.php?rest_route=\/wp\/v2\/posts\/20984\/revisions"}],"wp:featuredmedia":[{"embeddable":true,"href":"https:\/\/arantv.az\/index.php?rest_route=\/wp\/v2\/media\/20985"}],"wp:attachment":[{"href":"https:\/\/arantv.az\/index.php?rest_route=%2Fwp%2Fv2%2Fmedia&parent=20984"}],"wp:term":[{"taxonomy":"category","embeddable":true,"href":"https:\/\/arantv.az\/index.php?rest_route=%2Fwp%2Fv2%2Fcategories&post=20984"},{"taxonomy":"post_tag","embeddable":true,"href":"https:\/\/arantv.az\/index.php?rest_route=%2Fwp%2Fv2%2Ftags&post=20984"}],"curies":[{"name":"wp","href":"https:\/\/api.w.org\/{rel}","templated":true}]}}