{"id":20987,"date":"2018-10-24T13:32:27","date_gmt":"2018-10-24T10:32:27","guid":{"rendered":"http:\/\/arantv.az\/?p=20987"},"modified":"2018-10-24T13:32:27","modified_gmt":"2018-10-24T10:32:27","slug":"yerevan-baki-il%c9%99-operativ-%c9%99laq%c9%99-haqqinda","status":"publish","type":"post","link":"https:\/\/arantv.az\/?p=20987","title":{"rendered":"Yerevan Bak\u0131 il\u0259 operativ \u0259laq\u0259 haqq\u0131nda"},"content":{"rendered":"<p>Erm\u0259nistan Xarici \u0130\u015fl\u0259r Nazirliyinin m\u0259tbuat katibi\u00a0<strong>Anna Naqdalyan<\/strong>Az\u0259rbaycan v\u0259 Erm\u0259nistan aras\u0131ndak\u0131 operativ \u0259laq\u0259l\u0259r haqq\u0131nda dan\u0131\u015f\u0131b.<\/p>\n<p><b>ARANTV.AZ <\/b>oxu.az-a istinad\u0259n x\u0259b\u0259r verir ki, Naqdalyan\u0131n s\u00f6zl\u0259rin\u0259 g\u00f6r\u0259, bu \u0259laq\u0259l\u0259r n\u0259inki ictimai b\u0259yanatlar \u00fc\u00e7\u00fcnd\u00fcr, bu, h\u0259qiq\u0259t\u0259n, i\u015fl\u0259y\u0259n x\u0259tdir.<\/p>\n<p>\u201cBu \u0259laq\u0259l\u0259rin qurulmas\u0131na s\u00fclh atmosferinin formala\u015fmas\u0131 v\u0259 b\u0259rkidilm\u0259si bax\u0131m\u0131ndan baxmaq laz\u0131md\u0131r\u201d, &#8211; Erm\u0259nistan X\u0130N n\u00fcmay\u0259nd\u0259si bildirib.<\/p>\n<div id=\"AdributorNativeVideo0\" class=\"AdributorNativeVideo\"><\/div>\n<p>Oktyabr\u0131n 18-d\u0259 Erm\u0259nistan ba\u015f nazirinin v\u0259zif\u0259l\u0259rini m\u00fcv\u0259qq\u0259ti icra ed\u0259n Nikol Pa\u015finyan bildirib ki, Az\u0259rbaycanla etibarl\u0131 operativ \u0259laq\u0259 qurulub v\u0259 yar\u0131m saat \u0259rzind\u0259 \u0259ld\u0259 edil\u0259n m\u0259lumatlar d\u00f6vl\u0259t ba\u015f\u00e7\u0131lar\u0131na \u00e7atd\u0131r\u0131l\u0131r.<\/p>\n","protected":false},"excerpt":{"rendered":"<p>Erm\u0259nistan Xarici \u0130\u015fl\u0259r Nazirliyinin m\u0259tbuat katibi\u00a0Anna NaqdalyanAz\u0259rbaycan v\u0259 Erm\u0259nistan aras\u0131ndak\u0131 operativ \u0259laq\u0259l\u0259r haqq\u0131nda dan\u0131\u015f\u0131b. ARANTV.AZ oxu.az-a istinad\u0259n x\u0259b\u0259r verir ki, Naqdalyan\u0131n s\u00f6zl\u0259rin\u0259 g\u00f6r\u0259, bu \u0259laq\u0259l\u0259r n\u0259inki ictimai b\u0259yanatlar \u00fc\u00e7\u00fcnd\u00fcr, bu, h\u0259qiq\u0259t\u0259n, i\u015fl\u0259y\u0259n x\u0259tdir. \u201cBu \u0259laq\u0259l\u0259rin qurulmas\u0131na s\u00fclh atmosferinin formala\u015fmas\u0131 v\u0259 b\u0259rkidilm\u0259si bax\u0131m\u0131ndan baxmaq laz\u0131md\u0131r\u201d, &#8211; Erm\u0259nistan X\u0130N n\u00fcmay\u0259nd\u0259si bildirib. Oktyabr\u0131n 18-d\u0259 Erm\u0259nistan ba\u015f nazirinin v\u0259zif\u0259l\u0259rini m\u00fcv\u0259qq\u0259ti icra ed\u0259n Nikol Pa\u015finyan bildirib ki, Az\u0259rbaycanla etibarl\u0131 operativ \u0259laq\u0259 qurulub v\u0259 yar\u0131m saat \u0259rzind\u0259 \u0259ld\u0259 edil\u0259n m\u0259lumatlar d\u00f6vl\u0259t ba\u015f\u00e7\u0131lar\u0131na \u00e7atd\u0131r\u0131l\u0131r.<\/p>\n","protected":false},"author":2,"featured_media":20988,"comment_status":"closed","ping_status":"closed","sticky":false,"template":"","format":"standard","meta":{"om_disable_all_campaigns":false,"_monsterinsights_skip_tracking":false,"_monsterinsights_sitenote_active":false,"_monsterinsights_sitenote_note":"","_monsterinsights_sitenote_category":0},"categories":[1],"tags":[],"aioseo_notices":[],"gutentor_comment":0,"rttpg_featured_image_url":{"full":["https:\/\/arantv.az\/wp-content\/uploads\/2018\/10\/na.jpg",620,417,false],"landscape":["https:\/\/arantv.az\/wp-content\/uploads\/2018\/10\/na.jpg",620,417,false],"portraits":["https:\/\/arantv.az\/wp-content\/uploads\/2018\/10\/na.jpg",620,417,false],"thumbnail":["https:\/\/arantv.az\/wp-content\/uploads\/2018\/10\/na-150x150.jpg",150,150,true],"medium":["https:\/\/arantv.az\/wp-content\/uploads\/2018\/10\/na-300x202.jpg",300,202,true],"large":["https:\/\/arantv.az\/wp-content\/uploads\/2018\/10\/na.jpg",620,417,false],"1536x1536":["https:\/\/arantv.az\/wp-content\/uploads\/2018\/10\/na.jpg",620,417,false],"2048x2048":["https:\/\/arantv.az\/wp-content\/uploads\/2018\/10\/na.jpg",620,417,false],"post-thumbnail":["https:\/\/arantv.az\/wp-content\/uploads\/2018\/10\/na-240x172.jpg",240,172,true],"advps-thumb-one":["https:\/\/arantv.az\/wp-content\/uploads\/2018\/10\/na.jpg",620,417,false]},"rttpg_author":{"display_name":"V\u00fcsal Rafiqo\u011flu","author_link":"https:\/\/arantv.az\/?author=2"},"rttpg_comment":0,"rttpg_category":"<a href=\"https:\/\/arantv.az\/?cat=1\" rel=\"category\">C\u0259miyy\u0259t<\/a>","rttpg_excerpt":"Erm\u0259nistan Xarici \u0130\u015fl\u0259r Nazirliyinin m\u0259tbuat katibi\u00a0Anna NaqdalyanAz\u0259rbaycan v\u0259 Erm\u0259nistan aras\u0131ndak\u0131 operativ \u0259laq\u0259l\u0259r haqq\u0131nda dan\u0131\u015f\u0131b. ARANTV.AZ oxu.az-a istinad\u0259n x\u0259b\u0259r verir ki, Naqdalyan\u0131n s\u00f6zl\u0259rin\u0259 g\u00f6r\u0259, bu \u0259laq\u0259l\u0259r n\u0259inki ictimai b\u0259yanatlar \u00fc\u00e7\u00fcnd\u00fcr, bu, h\u0259qiq\u0259t\u0259n, i\u015fl\u0259y\u0259n x\u0259tdir. \u201cBu \u0259laq\u0259l\u0259rin qurulmas\u0131na s\u00fclh atmosferinin formala\u015fmas\u0131 v\u0259 b\u0259rkidilm\u0259si bax\u0131m\u0131ndan baxmaq laz\u0131md\u0131r\u201d, &#8211; Erm\u0259nistan X\u0130N n\u00fcmay\u0259nd\u0259si bildirib. Oktyabr\u0131n 18-d\u0259 Erm\u0259nistan ba\u015f nazirinin v\u0259zif\u0259l\u0259rini&hellip;","_links":{"self":[{"href":"https:\/\/arantv.az\/index.php?rest_route=\/wp\/v2\/posts\/20987"}],"collection":[{"href":"https:\/\/arantv.az\/index.php?rest_route=\/wp\/v2\/posts"}],"about":[{"href":"https:\/\/arantv.az\/index.php?rest_route=\/wp\/v2\/types\/post"}],"author":[{"embeddable":true,"href":"https:\/\/arantv.az\/index.php?rest_route=\/wp\/v2\/users\/2"}],"replies":[{"embeddable":true,"href":"https:\/\/arantv.az\/index.php?rest_route=%2Fwp%2Fv2%2Fcomments&post=20987"}],"version-history":[{"count":0,"href":"https:\/\/arantv.az\/index.php?rest_route=\/wp\/v2\/posts\/20987\/revisions"}],"wp:featuredmedia":[{"embeddable":true,"href":"https:\/\/arantv.az\/index.php?rest_route=\/wp\/v2\/media\/20988"}],"wp:attachment":[{"href":"https:\/\/arantv.az\/index.php?rest_route=%2Fwp%2Fv2%2Fmedia&parent=20987"}],"wp:term":[{"taxonomy":"category","embeddable":true,"href":"https:\/\/arantv.az\/index.php?rest_route=%2Fwp%2Fv2%2Fcategories&post=20987"},{"taxonomy":"post_tag","embeddable":true,"href":"https:\/\/arantv.az\/index.php?rest_route=%2Fwp%2Fv2%2Ftags&post=20987"}],"curies":[{"name":"wp","href":"https:\/\/api.w.org\/{rel}","templated":true}]}}