{"id":21018,"date":"2018-10-24T14:15:37","date_gmt":"2018-10-24T11:15:37","guid":{"rendered":"http:\/\/arantv.az\/?p=21018"},"modified":"2018-10-24T14:15:37","modified_gmt":"2018-10-24T11:15:37","slug":"sabah-bakida-vi-beyn%c9%99lxalq-humanitar-forum-is%c9%99-baslayacaq","status":"publish","type":"post","link":"https:\/\/arantv.az\/?p=21018","title":{"rendered":"Sabah Bak\u0131da VI Beyn\u0259lxalq Humanitar Forum i\u015f\u0259 ba\u015flayacaq"},"content":{"rendered":"<p><strong>ARANTV.AZ<\/strong> x\u0259b\u0259r verir ki, oktyabr\u0131n 25-26-da Bak\u0131da \u201cYeni d\u00fcnya v\u0259 yeni insan formala\u015fd\u0131raq: kreativlik v\u0259 insan inki\u015faf\u0131\u201d m\u00f6vzusunda VI Beyn\u0259lxalq Humanitar Forumu ke\u00e7iril\u0259c\u0259k. 2010-cu ild\u0259n t\u0259\u015fkil olunan Forumun t\u0259\u015f\u0259bb\u00fcs\u00e7\u00fcl\u0259ri Az\u0259rbaycan v\u0259 Rusiya prezidentl\u0259ridir.<\/p>\n<p>Builki Forumda 86 \u00f6lk\u0259 v\u0259 24 beyn\u0259lxalq t\u0259\u015fkilatdan 581 n\u0259f\u0259r (416 xarici qonaq olmaqla) n\u00fcmay\u0259nd\u0259 i\u015ftirak ed\u0259c\u0259k. Beyn\u0259lxalq Humanitar Forum qlobal xarakterli m\u0259s\u0259l\u0259l\u0259r\u0259 dair geni\u015f spektrli dialoqlar, fikir m\u00fcbadil\u0259l\u0259ri v\u0259 m\u00fczakir\u0259l\u0259r aparmaq m\u0259qs\u0259dil\u0259 m\u00fcxt\u0259lif \u00f6lk\u0259l\u0259rd\u0259n tan\u0131nm\u0131\u015f d\u00f6vl\u0259t xadiml\u0259rini, elmin f\u0259rqli sah\u0259l\u0259ri \u00fczr\u0259 Nobel m\u00fckafat\u0131 laureatlar\u0131n\u0131 v\u0259 n\u00fcfuzlu beyn\u0259lxalq t\u0259\u015fkilatlar\u0131n r\u0259hb\u0259rl\u0259rini, o c\u00fcml\u0259d\u0259n d\u00fcnyan\u0131n siyasi, elmi v\u0259 m\u0259d\u0259ni elitas\u0131n\u0131n n\u00fcmay\u0259nd\u0259l\u0259rini bir araya toplayan m\u00f6t\u0259b\u0259r t\u0259dbirdir.<\/p>\n<p>Forumun t\u0259\u015fkilat\u00e7\u0131lar\u0131 v\u0259 i\u015ftirak\u00e7\u0131lar\u0131 olan d\u00fcnya m\u0259d\u0259ni elitas\u0131 n\u00fcmay\u0259nd\u0259l\u0259rinin qar\u015f\u0131ya qoyduqlar\u0131 \u0259sas m\u0259qs\u0259d t\u0259bi\u0259t, sosial v\u0259 humanitar elml\u0259r sah\u0259sind\u0259 g\u0259l\u0259c\u0259kd\u0259 beyn\u0259lxalq s\u0259viyy\u0259d\u0259 bax\u0131lmas\u0131 m\u0259qs\u0259dil\u0259 yeni humanitar g\u00fcnd\u0259min formala\u015fd\u0131r\u0131lmas\u0131d\u0131r. R\u0259smi \u015f\u0259xsl\u0259r, beyn\u0259lxalq t\u0259\u015fkilatlar\u0131n t\u0259msil\u00e7il\u0259ri, habel\u0259 qeyd olunan sah\u0259l\u0259r \u00fczr\u0259 m\u00fct\u0259x\u0259ssisl\u0259r iki g\u00fcn \u0259rzind\u0259 b\u0259\u015f\u0259riyy\u0259ti narahat ed\u0259n aktual m\u0259s\u0259l\u0259l\u0259rin h\u0259lli yollar\u0131n\u0131 ara\u015fd\u0131racaqlar.<\/p>\n<p>VI Bak\u0131 Beyn\u0259lxalq Humanitar Forumu g\u0259l\u0259c\u0259k d\u00fcnyam\u0131z\u0131 formala\u015fd\u0131racaq kreativ ideyalara v\u0259 onlar\u0131n h\u0259yata ke\u00e7irilm\u0259si yollar\u0131n\u0131n axtar\u0131lmas\u0131n\u0131 diqq\u0259td\u0259 saxlayacaq. D\u00fcnyan\u0131 vahid m\u0259kan v\u0259 b\u00fct\u00fcn b\u0259\u015f\u0259riyy\u0259ti bir c\u0259miyy\u0259t kimi g\u00f6rm\u0259k ist\u0259yi yeni m\u00fcnasib\u0259tl\u0259r qurma\u011fa, daha m\u00fct\u0259r\u0259qqi v\u0259 aktual m\u00fczakir\u0259l\u0259r aparma\u011fa imkan ver\u0259c\u0259k v\u0259 b\u0259\u015f\u0259riyy\u0259tin inki\u015faf\u0131na \u0259n\u0259n\u0259vi yana\u015fmalarda d\u0259yi\u015fiklikl\u0259rin yaranmas\u0131na v\u0259sil\u0259 olacaq.<\/p>\n<p>Forumda, h\u0259m\u00e7inin insanlar\u0131n d\u00f6vr\u00fcm\u00fcz\u00fcn \u0259n m\u00fch\u00fcm \u00e7a\u011f\u0131r\u0131\u015flar\u0131n\u0131 qar\u015f\u0131lamaq bacar\u0131qlar\u0131na d\u0259rin inam\u0131, humanizm v\u0259 b\u0259\u015f\u0259ri m\u0259suliyy\u0259tin z\u0259ruriliyi m\u0259s\u0259l\u0259si \u00f6n\u0259 \u00e7\u0259kil\u0259c\u0259k. B\u00fct\u00fcn bu t\u0259\u015f\u0259bb\u00fcsl\u0259r insanlar\u0131n h\u0259yat\u0131n\u0131 xilas ed\u0259n, iztirablar\u0131 y\u00fcng\u00fcll\u0259\u015fdir\u0259n, k\u0259skin v\u0259 g\u0259rgin d\u0259yi\u015fiklikl\u0259r d\u00f6vr\u00fcnd\u0259 insan l\u0259yaq\u0259tini qoruyan, habel\u0259 antropogen b\u00f6hranlar v\u0259 f\u0259lak\u0259tl\u0259r\u0259 b\u0259nz\u0259r situasiyalar\u0131n \u00f6nl\u0259nm\u0259sini t\u0259min ed\u0259n humanizm aktlar\u0131d\u0131r. Forum bu add\u0131mlar\u0131 humanizmin b\u00fct\u00fcn d\u00fcnya \u00fc\u00e7\u00fcn vacib \u0259h\u0259miyy\u0259t k\u0259sb ed\u0259n t\u0259m\u0259l prinsipl\u0259ri \u00e7\u0259r\u00e7iv\u0259sind\u0259 &#8211; neytrall\u0131q, m\u00fcst\u0259qillik v\u0259 obyektivlik \u015f\u0259rtl\u0259ri alt\u0131nda n\u0259z\u0259rd\u0259n ke\u00e7irir. \u018fn\u0259n\u0259vi t\u0259dbirin konsepsiyas\u0131n\u0131n \u0259sas elementi BMT ba\u015f katibinin t\u0259r\u0259fda\u015fl\u0131\u011fa, v\u0259t\u0259nda\u015f c\u0259miyy\u0259tinin h\u0259mr\u0259yliyin\u0259, milli h\u00f6kum\u0259tl\u0259r v\u0259 beyn\u0259lxalq t\u0259\u015fkilatlar\u0131n \u0259m\u0259kda\u015fl\u0131\u011f\u0131na \u00e7a\u011f\u0131r\u0131\u015f\u0131d\u0131r.<\/p>\n<p>Ke\u00e7mi\u015fd\u0259n g\u00fcn\u00fcm\u00fcz\u0259 insanlar\u0131n \u0259n m\u00fcxt\u0259lif v\u0259ziyy\u0259t v\u0259 situasiyalara uy\u011funla\u015fmaq v\u0259 yaratmaq bacar\u0131\u011f\u0131 ist\u0259r ayr\u0131-ayr\u0131 f\u0259rdl\u0259r, ist\u0259rs\u0259 d\u0259 c\u0259miyy\u0259t kimi \u00fcmumi u\u011furumuzun \u0259sas\u0131n\u0131 t\u0259\u015fkil edib. Tarixin h\u0259r bir d\u00f6n\u0259mind\u0259 bizl\u0259ri yeni v\u0259 kreativ yollarla d\u00fc\u015f\u00fcnm\u0259y\u0259, davranma\u011fa v\u0259 \u0259m\u0259kda\u015fl\u0131q etm\u0259y\u0259 s\u00f6vq ed\u0259n f\u0259rqli \u00e7a\u011f\u0131r\u0131\u015flar m\u00f6vcud olub. Bu g\u00fcn\u00fcn d\u00fcnyas\u0131 da bu m\u0259nada f\u0259rqli deyil. Ona g\u00f6r\u0259 d\u0259 2015-ci ilin sentyabr ay\u0131nda d\u00fcnyan\u0131n 193 \u00f6lk\u0259sinin r\u0259hb\u0259rl\u0259ri 2030-cu il\u0259 kimi dayan\u0131ql\u0131 inki\u015fafa nail olmaq \u00fc\u00e7\u00fcn ifrat yoxsullu\u011fun v\u0259 acl\u0131\u011f\u0131n aradan qald\u0131r\u0131lmas\u0131, iqlim d\u0259yi\u015fikliyi il\u0259 m\u00fcbariz\u0259, qeyri-b\u0259rab\u0259rliyin azald\u0131lmas\u0131, davaml\u0131 su t\u0259chizat\u0131, enerji m\u0259nb\u0259l\u0259ri v\u0259 yeni s\u0259naye sah\u0259l\u0259rinin t\u0259min edilm\u0259si d\u0259 daxil olmaqla, d\u00fcnyan\u0131n g\u00f6rm\u0259li oldu\u011fu i\u015fl\u0259ri m\u00fc\u0259yy\u0259nl\u0259\u015fdirib.<\/p>\n<p>Forumda BMT ba\u015f katibinin iki m\u00fcavini, ISESCO, \u0130RS\u0130KA, T\u00dcRKPA, T\u00dcRKSOY, Qara D\u0259niz \u0130qtisadi \u018fm\u0259kda\u015fl\u0131q T\u0259\u015fkilat\u0131 (BSEC), Beyn\u0259lxalq T\u00fcrk Akademiyas\u0131 (TWESCO), Parlamentl\u0259raras\u0131 Birlik (\u0130PU), BMT-nin iqtisadi v\u0259 sosial \u015euras\u0131 (ECOSOC) kimi t\u0259\u015fkilatlar\u0131n r\u0259hb\u0259rl\u0259ri, UNESCO, M\u00fcst\u0259qil D\u00f6vl\u0259tl\u0259r Birliyinin MDB \u0130craiyy\u0259 Komit\u0259si r\u0259hb\u0259rl\u0259rinin m\u00fcavinl\u0259ri i\u015ftirak ed\u0259c\u0259k. T\u0259dbir\u0259, h\u0259m\u00e7inin Sudan\u0131n vitse-prezidenti, Rusiya, Slovakiyan\u0131n ba\u015f nazir m\u00fcavinl\u0259ri, Sloveniya, Uruqvay, Rusiya, Misir, Belarus, \u0130taliya v\u0259 Estoniya parlamentl\u0259rinin s\u0259dr v\u0259 s\u0259dr m\u00fcavinl\u0259ri, G\u00fcrc\u00fcstan, Monteneqro, \u00d6zb\u0259kistan, Bolqar\u0131stan, T\u00fcrkiy\u0259, Sudan, Tacikistan, Qazax\u0131stan, Ukrayna, \u018ffqan\u0131stan, Filippin v\u0259 Bolqar\u0131standan nazir v\u0259 nazir m\u00fcavinl\u0259ri, Qazax\u0131stan, T\u00fcrkiy\u0259, Tacikistan v\u0259 \u00d6zb\u0259kistandan ombudsmanlar, habel\u0259 15 \u00f6lk\u0259d\u0259n 40-dan \u00e7ox deputat, 46 \u00f6lk\u0259nin diplomatik n\u00fcmay\u0259nd\u0259likl\u0259rinin r\u0259hb\u0259rl\u0259ri, \u00e7oxsayl\u0131 respublikalardan \u015firk\u0259t r\u0259hb\u0259rl\u0259ri, elm xadiml\u0259ri, ekspertl\u0259r qat\u0131lacaq.<\/p>\n<p>Qeyd ed\u0259k ki, Beyn\u0259lxalq Humanitar Forum \u00e7\u0259r\u00e7iv\u0259sind\u0259 t\u0259dbir i\u015ftirak\u00e7\u0131lar\u0131n\u0131n asud\u0259 vaxtlar\u0131n\u0131n t\u0259\u015fkili m\u0259qs\u0259dil\u0259 r\u0259ngar\u0259ng m\u0259d\u0259ni proqram t\u0259qdim olunacaq, qonaqlar\u0131n Bak\u0131 \u015f\u0259h\u0259rinin g\u0259zm\u0259li-g\u00f6rm\u0259li yerl\u0259ri il\u0259 tan\u0131\u015fl\u0131\u011f\u0131 t\u0259\u015fkil edil\u0259c\u0259k.<\/p>\n","protected":false},"excerpt":{"rendered":"<p>ARANTV.AZ x\u0259b\u0259r verir ki, oktyabr\u0131n 25-26-da Bak\u0131da \u201cYeni d\u00fcnya v\u0259 yeni insan formala\u015fd\u0131raq: kreativlik v\u0259 insan inki\u015faf\u0131\u201d m\u00f6vzusunda VI Beyn\u0259lxalq Humanitar Forumu ke\u00e7iril\u0259c\u0259k. 2010-cu ild\u0259n t\u0259\u015fkil olunan Forumun t\u0259\u015f\u0259bb\u00fcs\u00e7\u00fcl\u0259ri Az\u0259rbaycan v\u0259 Rusiya prezidentl\u0259ridir. Builki Forumda 86 \u00f6lk\u0259 v\u0259 24 beyn\u0259lxalq t\u0259\u015fkilatdan 581 n\u0259f\u0259r (416 xarici qonaq olmaqla) n\u00fcmay\u0259nd\u0259 i\u015ftirak ed\u0259c\u0259k. Beyn\u0259lxalq Humanitar Forum qlobal xarakterli m\u0259s\u0259l\u0259l\u0259r\u0259 dair geni\u015f spektrli dialoqlar, fikir m\u00fcbadil\u0259l\u0259ri v\u0259 m\u00fczakir\u0259l\u0259r aparmaq m\u0259qs\u0259dil\u0259 m\u00fcxt\u0259lif \u00f6lk\u0259l\u0259rd\u0259n tan\u0131nm\u0131\u015f d\u00f6vl\u0259t xadiml\u0259rini, elmin f\u0259rqli sah\u0259l\u0259ri \u00fczr\u0259 Nobel m\u00fckafat\u0131 laureatlar\u0131n\u0131 v\u0259 n\u00fcfuzlu beyn\u0259lxalq t\u0259\u015fkilatlar\u0131n r\u0259hb\u0259rl\u0259rini, o c\u00fcml\u0259d\u0259n d\u00fcnyan\u0131n siyasi, elmi v\u0259 m\u0259d\u0259ni&hellip;<\/p>\n","protected":false},"author":2,"featured_media":21019,"comment_status":"closed","ping_status":"closed","sticky":false,"template":"","format":"standard","meta":{"om_disable_all_campaigns":false,"_monsterinsights_skip_tracking":false,"_monsterinsights_sitenote_active":false,"_monsterinsights_sitenote_note":"","_monsterinsights_sitenote_category":0},"categories":[4],"tags":[],"aioseo_notices":[],"gutentor_comment":0,"rttpg_featured_image_url":{"full":["https:\/\/arantv.az\/wp-content\/uploads\/2018\/10\/fc771gs4kj4nlricdk66ad25b3forum.jpg",816,669,false],"landscape":["https:\/\/arantv.az\/wp-content\/uploads\/2018\/10\/fc771gs4kj4nlricdk66ad25b3forum.jpg",816,669,false],"portraits":["https:\/\/arantv.az\/wp-content\/uploads\/2018\/10\/fc771gs4kj4nlricdk66ad25b3forum.jpg",816,669,false],"thumbnail":["https:\/\/arantv.az\/wp-content\/uploads\/2018\/10\/fc771gs4kj4nlricdk66ad25b3forum-150x150.jpg",150,150,true],"medium":["https:\/\/arantv.az\/wp-content\/uploads\/2018\/10\/fc771gs4kj4nlricdk66ad25b3forum-300x246.jpg",300,246,true],"large":["https:\/\/arantv.az\/wp-content\/uploads\/2018\/10\/fc771gs4kj4nlricdk66ad25b3forum.jpg",640,525,false],"1536x1536":["https:\/\/arantv.az\/wp-content\/uploads\/2018\/10\/fc771gs4kj4nlricdk66ad25b3forum.jpg",816,669,false],"2048x2048":["https:\/\/arantv.az\/wp-content\/uploads\/2018\/10\/fc771gs4kj4nlricdk66ad25b3forum.jpg",816,669,false],"post-thumbnail":["https:\/\/arantv.az\/wp-content\/uploads\/2018\/10\/fc771gs4kj4nlricdk66ad25b3forum-240x172.jpg",240,172,true],"advps-thumb-one":["https:\/\/arantv.az\/wp-content\/uploads\/2018\/10\/fc771gs4kj4nlricdk66ad25b3forum-816x620.jpg",816,620,true]},"rttpg_author":{"display_name":"V\u00fcsal Rafiqo\u011flu","author_link":"https:\/\/arantv.az\/?author=2"},"rttpg_comment":0,"rttpg_category":"<a href=\"https:\/\/arantv.az\/?cat=4\" rel=\"category\">Siyas\u0259t<\/a>","rttpg_excerpt":"ARANTV.AZ x\u0259b\u0259r verir ki, oktyabr\u0131n 25-26-da Bak\u0131da \u201cYeni d\u00fcnya v\u0259 yeni insan formala\u015fd\u0131raq: kreativlik v\u0259 insan inki\u015faf\u0131\u201d m\u00f6vzusunda VI Beyn\u0259lxalq Humanitar Forumu ke\u00e7iril\u0259c\u0259k. 2010-cu ild\u0259n t\u0259\u015fkil olunan Forumun t\u0259\u015f\u0259bb\u00fcs\u00e7\u00fcl\u0259ri Az\u0259rbaycan v\u0259 Rusiya prezidentl\u0259ridir. Builki Forumda 86 \u00f6lk\u0259 v\u0259 24 beyn\u0259lxalq t\u0259\u015fkilatdan 581 n\u0259f\u0259r (416 xarici qonaq olmaqla) n\u00fcmay\u0259nd\u0259 i\u015ftirak ed\u0259c\u0259k. Beyn\u0259lxalq Humanitar Forum qlobal xarakterli&hellip;","_links":{"self":[{"href":"https:\/\/arantv.az\/index.php?rest_route=\/wp\/v2\/posts\/21018"}],"collection":[{"href":"https:\/\/arantv.az\/index.php?rest_route=\/wp\/v2\/posts"}],"about":[{"href":"https:\/\/arantv.az\/index.php?rest_route=\/wp\/v2\/types\/post"}],"author":[{"embeddable":true,"href":"https:\/\/arantv.az\/index.php?rest_route=\/wp\/v2\/users\/2"}],"replies":[{"embeddable":true,"href":"https:\/\/arantv.az\/index.php?rest_route=%2Fwp%2Fv2%2Fcomments&post=21018"}],"version-history":[{"count":0,"href":"https:\/\/arantv.az\/index.php?rest_route=\/wp\/v2\/posts\/21018\/revisions"}],"wp:featuredmedia":[{"embeddable":true,"href":"https:\/\/arantv.az\/index.php?rest_route=\/wp\/v2\/media\/21019"}],"wp:attachment":[{"href":"https:\/\/arantv.az\/index.php?rest_route=%2Fwp%2Fv2%2Fmedia&parent=21018"}],"wp:term":[{"taxonomy":"category","embeddable":true,"href":"https:\/\/arantv.az\/index.php?rest_route=%2Fwp%2Fv2%2Fcategories&post=21018"},{"taxonomy":"post_tag","embeddable":true,"href":"https:\/\/arantv.az\/index.php?rest_route=%2Fwp%2Fv2%2Ftags&post=21018"}],"curies":[{"name":"wp","href":"https:\/\/api.w.org\/{rel}","templated":true}]}}