{"id":21037,"date":"2018-10-24T15:24:27","date_gmt":"2018-10-24T12:24:27","guid":{"rendered":"http:\/\/arantv.az\/?p=21037"},"modified":"2018-10-24T15:24:27","modified_gmt":"2018-10-24T12:24:27","slug":"fransanin-olk%c9%99mizd%c9%99ki-s%c9%99firi-az%c9%99rbaycanin-xarici-isl%c9%99r-nazirliyin%c9%99-cagirilib","status":"publish","type":"post","link":"https:\/\/arantv.az\/?p=21037","title":{"rendered":"Fransan\u0131n \u00f6lk\u0259mizd\u0259ki s\u0259firi Az\u0259rbaycan\u0131n Xarici \u0130\u015fl\u0259r Nazirliyin\u0259 \u00e7a\u011f\u0131r\u0131l\u0131b"},"content":{"rendered":"<p><strong>ARANTV.AZ<\/strong> x\u0259b\u0259r verir ki,\u00a0 Fransan\u0131n \u00f6lk\u0259mizd\u0259ki s\u0259firi Az\u0259rbaycan\u0131n Xarici \u0130\u015fl\u0259r Nazirliyin\u0259 \u00e7a\u011f\u0131r\u0131l\u0131b. S\u0259fir\u0259 Fransa n\u00fcmay\u0259nd\u0259l\u0259rinin Az\u0259rbaycan\u0131n maraqlar\u0131na, onun suverenliyin\u0259 v\u0259 \u0259razi b\u00fct\u00f6vl\u00fcy\u00fcn\u0259 toxunan bir s\u0131ra add\u0131mlar\u0131, o c\u00fcml\u0259d\u0259n bu yax\u0131nlarda Az\u0259rbaycan\u0131n i\u015f\u011fal edilmi\u015f Da\u011fl\u0131q Qaraba\u011f b\u00f6lg\u0259sin\u0259 Fransan\u0131n Sent Etyen \u015f\u0259h\u0259rinin meri v\u0259 Arnuvil b\u0259l\u0259diyy\u0259sinin r\u0259hb\u0259ri t\u0259r\u0259find\u0259n edilmi\u015f qanunsuz s\u0259f\u0259rl\u0259rl\u0259 ba\u011fl\u0131 r\u0259smi etiraz bildirilib. Fransa n\u00fcmay\u0259nd\u0259l\u0259rinin bu kimi add\u0131mlar\u0131na h\u00fcquqi v\u0259 siyasi qiym\u0259tl\u0259ndirm\u0259 verilib. Fransa h\u00f6kum\u0259ti bu \u00f6lk\u0259nin fiziki v\u0259 h\u00fcquqi \u015f\u0259xsl\u0259rinin Az\u0259rbaycan\u0131n suverenliyi v\u0259 \u0259razi b\u00fct\u00f6vl\u00fcy\u00fcn\u0259 qar\u015f\u0131 y\u00f6n\u0259lmi\u015f f\u0259aliyy\u0259tinin qar\u015f\u0131s\u0131n\u0131n al\u0131nmas\u0131 \u00fc\u00e7\u00fcn effektiv t\u0259dbirl\u0259r g\u00f6rm\u0259y\u0259 \u00e7a\u011f\u0131r\u0131l\u0131b v\u0259 qar\u015f\u0131 t\u0259r\u0259f\u0259 Az\u0259rbaycan Xarici \u0130\u015fl\u0259r Nazirliyinin r\u0259smi notas\u0131 t\u0259qdim olunub. Az\u0259rbaycan\u0131n Da\u011fl\u0131q Qaraba\u011f b\u00f6lg\u0259sinin az\u0259rbaycanl\u0131 icmas\u0131 da Fransan\u0131n Sent-Etiyen \u015f\u0259h\u0259rinin merinin Az\u0259rbaycan\u0131n i\u015f\u011fal olunmu\u015f \u0259razil\u0259rin\u0259 qanunsuz s\u0259f\u0259ri il\u0259 ba\u011fl\u0131 b\u0259yanat yay\u0131b.<\/p>\n","protected":false},"excerpt":{"rendered":"<p>ARANTV.AZ x\u0259b\u0259r verir ki,\u00a0 Fransan\u0131n \u00f6lk\u0259mizd\u0259ki s\u0259firi Az\u0259rbaycan\u0131n Xarici \u0130\u015fl\u0259r Nazirliyin\u0259 \u00e7a\u011f\u0131r\u0131l\u0131b. S\u0259fir\u0259 Fransa n\u00fcmay\u0259nd\u0259l\u0259rinin Az\u0259rbaycan\u0131n maraqlar\u0131na, onun suverenliyin\u0259 v\u0259 \u0259razi b\u00fct\u00f6vl\u00fcy\u00fcn\u0259 toxunan bir s\u0131ra add\u0131mlar\u0131, o c\u00fcml\u0259d\u0259n bu yax\u0131nlarda Az\u0259rbaycan\u0131n i\u015f\u011fal edilmi\u015f Da\u011fl\u0131q Qaraba\u011f b\u00f6lg\u0259sin\u0259 Fransan\u0131n Sent Etyen \u015f\u0259h\u0259rinin meri v\u0259 Arnuvil b\u0259l\u0259diyy\u0259sinin r\u0259hb\u0259ri t\u0259r\u0259find\u0259n edilmi\u015f qanunsuz s\u0259f\u0259rl\u0259rl\u0259 ba\u011fl\u0131 r\u0259smi etiraz bildirilib. Fransa n\u00fcmay\u0259nd\u0259l\u0259rinin bu kimi add\u0131mlar\u0131na h\u00fcquqi v\u0259 siyasi qiym\u0259tl\u0259ndirm\u0259 verilib. Fransa h\u00f6kum\u0259ti bu \u00f6lk\u0259nin fiziki v\u0259 h\u00fcquqi \u015f\u0259xsl\u0259rinin Az\u0259rbaycan\u0131n suverenliyi v\u0259 \u0259razi b\u00fct\u00f6vl\u00fcy\u00fcn\u0259 qar\u015f\u0131 y\u00f6n\u0259lmi\u015f f\u0259aliyy\u0259tinin qar\u015f\u0131s\u0131n\u0131n al\u0131nmas\u0131 \u00fc\u00e7\u00fcn effektiv t\u0259dbirl\u0259r g\u00f6rm\u0259y\u0259 \u00e7a\u011f\u0131r\u0131l\u0131b v\u0259 qar\u015f\u0131 t\u0259r\u0259f\u0259 Az\u0259rbaycan&hellip;<\/p>\n","protected":false},"author":2,"featured_media":21038,"comment_status":"closed","ping_status":"closed","sticky":false,"template":"","format":"standard","meta":{"om_disable_all_campaigns":false,"_monsterinsights_skip_tracking":false,"_monsterinsights_sitenote_active":false,"_monsterinsights_sitenote_note":"","_monsterinsights_sitenote_category":0},"categories":[4],"tags":[],"aioseo_notices":[],"gutentor_comment":0,"rttpg_featured_image_url":{"full":["https:\/\/arantv.az\/wp-content\/uploads\/2018\/10\/fc771gs4kj4nlricdk66ad25b3xin.jpg",1000,541,false],"landscape":["https:\/\/arantv.az\/wp-content\/uploads\/2018\/10\/fc771gs4kj4nlricdk66ad25b3xin.jpg",1000,541,false],"portraits":["https:\/\/arantv.az\/wp-content\/uploads\/2018\/10\/fc771gs4kj4nlricdk66ad25b3xin.jpg",1000,541,false],"thumbnail":["https:\/\/arantv.az\/wp-content\/uploads\/2018\/10\/fc771gs4kj4nlricdk66ad25b3xin-150x150.jpg",150,150,true],"medium":["https:\/\/arantv.az\/wp-content\/uploads\/2018\/10\/fc771gs4kj4nlricdk66ad25b3xin-300x162.jpg",300,162,true],"large":["https:\/\/arantv.az\/wp-content\/uploads\/2018\/10\/fc771gs4kj4nlricdk66ad25b3xin.jpg",640,346,false],"1536x1536":["https:\/\/arantv.az\/wp-content\/uploads\/2018\/10\/fc771gs4kj4nlricdk66ad25b3xin.jpg",1000,541,false],"2048x2048":["https:\/\/arantv.az\/wp-content\/uploads\/2018\/10\/fc771gs4kj4nlricdk66ad25b3xin.jpg",1000,541,false],"post-thumbnail":["https:\/\/arantv.az\/wp-content\/uploads\/2018\/10\/fc771gs4kj4nlricdk66ad25b3xin-240x172.jpg",240,172,true],"advps-thumb-one":["https:\/\/arantv.az\/wp-content\/uploads\/2018\/10\/fc771gs4kj4nlricdk66ad25b3xin.jpg",1000,541,false]},"rttpg_author":{"display_name":"V\u00fcsal Rafiqo\u011flu","author_link":"https:\/\/arantv.az\/?author=2"},"rttpg_comment":0,"rttpg_category":"<a href=\"https:\/\/arantv.az\/?cat=4\" rel=\"category\">Siyas\u0259t<\/a>","rttpg_excerpt":"ARANTV.AZ x\u0259b\u0259r verir ki,\u00a0 Fransan\u0131n \u00f6lk\u0259mizd\u0259ki s\u0259firi Az\u0259rbaycan\u0131n Xarici \u0130\u015fl\u0259r Nazirliyin\u0259 \u00e7a\u011f\u0131r\u0131l\u0131b. S\u0259fir\u0259 Fransa n\u00fcmay\u0259nd\u0259l\u0259rinin Az\u0259rbaycan\u0131n maraqlar\u0131na, onun suverenliyin\u0259 v\u0259 \u0259razi b\u00fct\u00f6vl\u00fcy\u00fcn\u0259 toxunan bir s\u0131ra add\u0131mlar\u0131, o c\u00fcml\u0259d\u0259n bu yax\u0131nlarda Az\u0259rbaycan\u0131n i\u015f\u011fal edilmi\u015f Da\u011fl\u0131q Qaraba\u011f b\u00f6lg\u0259sin\u0259 Fransan\u0131n Sent Etyen \u015f\u0259h\u0259rinin meri v\u0259 Arnuvil b\u0259l\u0259diyy\u0259sinin r\u0259hb\u0259ri t\u0259r\u0259find\u0259n edilmi\u015f qanunsuz s\u0259f\u0259rl\u0259rl\u0259 ba\u011fl\u0131 r\u0259smi etiraz bildirilib. Fransa n\u00fcmay\u0259nd\u0259l\u0259rinin&hellip;","_links":{"self":[{"href":"https:\/\/arantv.az\/index.php?rest_route=\/wp\/v2\/posts\/21037"}],"collection":[{"href":"https:\/\/arantv.az\/index.php?rest_route=\/wp\/v2\/posts"}],"about":[{"href":"https:\/\/arantv.az\/index.php?rest_route=\/wp\/v2\/types\/post"}],"author":[{"embeddable":true,"href":"https:\/\/arantv.az\/index.php?rest_route=\/wp\/v2\/users\/2"}],"replies":[{"embeddable":true,"href":"https:\/\/arantv.az\/index.php?rest_route=%2Fwp%2Fv2%2Fcomments&post=21037"}],"version-history":[{"count":0,"href":"https:\/\/arantv.az\/index.php?rest_route=\/wp\/v2\/posts\/21037\/revisions"}],"wp:featuredmedia":[{"embeddable":true,"href":"https:\/\/arantv.az\/index.php?rest_route=\/wp\/v2\/media\/21038"}],"wp:attachment":[{"href":"https:\/\/arantv.az\/index.php?rest_route=%2Fwp%2Fv2%2Fmedia&parent=21037"}],"wp:term":[{"taxonomy":"category","embeddable":true,"href":"https:\/\/arantv.az\/index.php?rest_route=%2Fwp%2Fv2%2Fcategories&post=21037"},{"taxonomy":"post_tag","embeddable":true,"href":"https:\/\/arantv.az\/index.php?rest_route=%2Fwp%2Fv2%2Ftags&post=21037"}],"curies":[{"name":"wp","href":"https:\/\/api.w.org\/{rel}","templated":true}]}}