{"id":21040,"date":"2018-10-24T15:25:12","date_gmt":"2018-10-24T12:25:12","guid":{"rendered":"http:\/\/arantv.az\/?p=21040"},"modified":"2018-10-24T15:25:12","modified_gmt":"2018-10-24T12:25:12","slug":"az%c9%99rbaycan-bmt-%c9%99laq%c9%99l%c9%99rinin-inkisafi-m%c9%99s%c9%99l%c9%99l%c9%99rin%c9%99-dair-fikir-mubadil%c9%99si-aparilib","status":"publish","type":"post","link":"https:\/\/arantv.az\/?p=21040","title":{"rendered":"Az\u0259rbaycan-BMT \u0259laq\u0259l\u0259rinin inki\u015faf\u0131 m\u0259s\u0259l\u0259l\u0259rin\u0259 dair fikir m\u00fcbadil\u0259si apar\u0131l\u0131b"},"content":{"rendered":"<p><strong>ARANTV.AZ<\/strong> x\u0259b\u0259r verir ki, Az\u0259rbaycan Respublikas\u0131 Ba\u015f nazirinin m\u00fcavini, Dayan\u0131ql\u0131 \u0130nki\u015faf \u00fczr\u0259 Milli \u018flaq\u0259l\u0259ndirm\u0259 \u015euras\u0131n\u0131n s\u0259dri \u018fli \u018fhm\u0259dov oktyabr\u0131n 24-d\u0259 BMT-nin \u0130qtisadi v\u0259 Sosial \u015euras\u0131n\u0131n (ECOSOC) s\u0259dri \u0130nqa Ronda Kinql\u0259 g\u00f6r\u00fc\u015f\u00fcb.<\/p>\n<p>\u018fli \u018fhm\u0259dov oktyabr\u0131n 25-26-da paytaxt\u0131m\u0131zda ke\u00e7iril\u0259c\u0259k Dayan\u0131ql\u0131 \u0130nki\u015fafa dair Bak\u0131 Forumunda i\u015ftirak \u00fc\u00e7\u00fcn \u00f6lk\u0259miz\u0259 s\u0259f\u0259r\u0259 g\u0259l\u0259n BMT-nin \u0130qtisadi v\u0259 Sosial \u015euras\u0131n\u0131n s\u0259drin\u0259 d\u0259v\u0259ti q\u0259bul etdiyin\u0259 g\u00f6r\u0259 t\u0259\u015f\u0259kk\u00fcr\u00fcn\u00fc bildirib. O deyib ki, beyn\u0259lxalq v\u0259 regional t\u0259r\u0259fda\u015fl\u0131\u011f\u0131n geni\u015fl\u0259ndirilm\u0259si m\u00f6vzusunda t\u0259\u015fkil edil\u0259c\u0259k Bak\u0131 Forumunda \u0130nqa Ronda Kinqin i\u015ftirak\u0131 BMT-Az\u0259rbaycan \u0259laq\u0259l\u0259rin\u0259 \u00f6z t\u00f6hf\u0259sini ver\u0259c\u0259k.<\/p>\n<p>Ba\u015f nazirin m\u00fcavini \u00f6lk\u0259mizl\u0259 BMT aras\u0131nda m\u00f6vcud olan m\u00fcnasib\u0259tl\u0259rd\u0259n dan\u0131\u015faraq \u0259laq\u0259l\u0259rin bundan sonra daha da u\u011furla inki\u015faf ed\u0259c\u0259yin\u0259 \u00fcmidvar oldu\u011funu bildirib. Qeyd edib ki, Az\u0259rbaycanda Dayan\u0131ql\u0131 \u0130nki\u015faf M\u0259qs\u0259dl\u0259ri \u00fczr\u0259 v\u0259zif\u0259l\u0259rin icras\u0131 v\u0259 b\u00fct\u00f6vl\u00fckd\u0259 \u00f6lk\u0259mizin \u0259halisinin h\u0259yat s\u0259viyy\u0259sinin yeni inki\u015faf pill\u0259sin\u0259 qald\u0131r\u0131lmas\u0131 \u00fc\u00e7\u00fcn iqtisadiyyat\u0131m\u0131z\u0131n \u0259sasl\u0131 sur\u0259td\u0259 islahatla\u015fd\u0131r\u0131lmas\u0131, yenil\u0259\u015fdirilm\u0259si konsepsiyas\u0131 u\u011furla h\u0259yata ke\u00e7irilir.<\/p>\n<p>\u018fli \u018fhm\u0259dov vur\u011fulay\u0131b ki, Az\u0259rbaycan H\u00f6kum\u0259ti \u00f6z v\u0259zif\u0259l\u0259rin\u0259 kifay\u0259t q\u0259d\u0259r m\u0259suliyy\u0259tl\u0259 yana\u015f\u0131r. Prezident \u0130lham \u018fliyevin 2016-c\u0131 il 6 oktyabr tarixli F\u0259rman\u0131 il\u0259 Az\u0259rbaycan Respublikas\u0131n\u0131n Dayan\u0131ql\u0131 \u0130nki\u015faf \u00fczr\u0259 Milli \u018flaq\u0259l\u0259ndirm\u0259 \u015euras\u0131 yarad\u0131l\u0131b v\u0259 \u015euran\u0131n daimi \u0259saslarla f\u0259aliyy\u0259t g\u00f6st\u0259r\u0259n katibliyi formala\u015f\u0131b. Az\u0259rbaycan H\u00f6kum\u0259ti Dayan\u0131ql\u0131 \u0130nki\u015faf M\u0259qs\u0259dl\u0259rind\u0259n ir\u0259li g\u0259l\u0259n v\u0259zif\u0259l\u0259ri h\u0259yata ke\u00e7irm\u0259k \u00fc\u00e7\u00fcn b\u00fct\u00fcn q\u00fcvv\u0259l\u0259rini s\u0259f\u0259rb\u0259r edib v\u0259 Milli \u018flaq\u0259l\u0259ndirm\u0259 \u015euras\u0131 q\u0131sa vaxt \u0259rzind\u0259 bir \u00e7ox m\u00fch\u00fcm i\u015fl\u0259r g\u00f6r\u00fcb. 2019-cu ilin yay\u0131nda Y\u00fcks\u0259k S\u0259viyy\u0259li Siyasi Foruma Dayan\u0131ql\u0131 \u0130nki\u015faf M\u0259qs\u0259dl\u0259ri \u00fczr\u0259 Az\u0259rbaycan Respublikas\u0131n\u0131n ikinci K\u00f6n\u00fcll\u00fc Milli Hesabat\u0131 t\u0259qdim edil\u0259c\u0259k.<\/p>\n<p>Ba\u015f nazirin m\u00fcavini Erm\u0259nistan-Az\u0259rbaycan Da\u011fl\u0131q Qaraba\u011f m\u00fcnaqi\u015f\u0259si haqq\u0131nda da m\u0259lumat verib. Bildirib ki, m\u00fcnaqi\u015f\u0259 n\u0259tic\u0259sind\u0259 Az\u0259rbaycan torpaqlar\u0131n\u0131n 20 faizi i\u015f\u011fal olunub v\u0259 1 milyondan \u00e7ox soyda\u015f\u0131m\u0131z yurd-yuvalar\u0131ndan qa\u00e7q\u0131n v\u0259 m\u0259cburi k\u00f6\u00e7k\u00fcn d\u00fc\u015f\u00fcb. Bu problem Az\u0259rbaycan\u0131n \u0259razi b\u00fct\u00f6vl\u00fcy\u00fc \u00e7\u0259r\u00e7iv\u0259sind\u0259, beyn\u0259lxalq h\u00fcququn normalar\u0131 \u0259sas\u0131nda h\u0259ll edilm\u0259lidir. BMT T\u0259hl\u00fck\u0259sizlik \u015euras\u0131n\u0131n m\u00fcnaqi\u015f\u0259y\u0259 dair q\u0259bul etdiyi 822, 853, 874 v\u0259 884 sayl\u0131 q\u0259tnam\u0259l\u0259rd\u0259 respublikam\u0131z\u0131n \u0259razi b\u00fct\u00f6vl\u00fcy\u00fc v\u0259 toxunulmazl\u0131\u011f\u0131 bir daha t\u0259sdiql\u0259nib v\u0259 i\u015f\u011fal\u00e7\u0131 q\u00fcvv\u0259l\u0259rin Az\u0259rbaycan \u0259razisind\u0259n d\u0259rhal \u00e7\u0131xar\u0131lmas\u0131 t\u0259l\u0259b olunub. T\u0259\u0259ss\u00fcf ki, m\u0259lum q\u0259tnam\u0259l\u0259r indiy\u0259d\u0259k yerin\u0259 yetirilm\u0259yib.<\/p>\n<p>BMT-nin \u0130qtisadi v\u0259 Sosial \u015euras\u0131n\u0131n s\u0259dri \u0130nqa Ronda Kinq Bak\u0131da olmas\u0131ndan v\u0259 y\u00fcks\u0259k s\u0259viyy\u0259li forumda i\u015ftirak\u0131ndan m\u0259mnunlu\u011funu ifad\u0259 edib, d\u0259v\u0259t\u0259 g\u00f6r\u0259 Az\u0259rbaycan H\u00f6kum\u0259tin\u0259 t\u0259\u015f\u0259kk\u00fcr\u00fcn\u00fc bildirib.<\/p>\n<p>Az\u0259rbaycan\u0131n BMT-d\u0259ki daimi n\u00fcmay\u0259nd\u0259liyinin r\u0259hb\u0259ri Ya\u015far \u018fliyevin d\u0259 i\u015ftirak etdiyi g\u00f6r\u00fc\u015fd\u0259 qar\u015f\u0131l\u0131ql\u0131 maraq do\u011furan bir s\u0131ra m\u0259s\u0259l\u0259l\u0259r \u0259traf\u0131nda fikir m\u00fcbadil\u0259si apar\u0131l\u0131b.<\/p>\n","protected":false},"excerpt":{"rendered":"<p>ARANTV.AZ x\u0259b\u0259r verir ki, Az\u0259rbaycan Respublikas\u0131 Ba\u015f nazirinin m\u00fcavini, Dayan\u0131ql\u0131 \u0130nki\u015faf \u00fczr\u0259 Milli \u018flaq\u0259l\u0259ndirm\u0259 \u015euras\u0131n\u0131n s\u0259dri \u018fli \u018fhm\u0259dov oktyabr\u0131n 24-d\u0259 BMT-nin \u0130qtisadi v\u0259 Sosial \u015euras\u0131n\u0131n (ECOSOC) s\u0259dri \u0130nqa Ronda Kinql\u0259 g\u00f6r\u00fc\u015f\u00fcb. \u018fli \u018fhm\u0259dov oktyabr\u0131n 25-26-da paytaxt\u0131m\u0131zda ke\u00e7iril\u0259c\u0259k Dayan\u0131ql\u0131 \u0130nki\u015fafa dair Bak\u0131 Forumunda i\u015ftirak \u00fc\u00e7\u00fcn \u00f6lk\u0259miz\u0259 s\u0259f\u0259r\u0259 g\u0259l\u0259n BMT-nin \u0130qtisadi v\u0259 Sosial \u015euras\u0131n\u0131n s\u0259drin\u0259 d\u0259v\u0259ti q\u0259bul etdiyin\u0259 g\u00f6r\u0259 t\u0259\u015f\u0259kk\u00fcr\u00fcn\u00fc bildirib. O deyib ki, beyn\u0259lxalq v\u0259 regional t\u0259r\u0259fda\u015fl\u0131\u011f\u0131n geni\u015fl\u0259ndirilm\u0259si m\u00f6vzusunda t\u0259\u015fkil edil\u0259c\u0259k Bak\u0131 Forumunda \u0130nqa Ronda Kinqin i\u015ftirak\u0131 BMT-Az\u0259rbaycan \u0259laq\u0259l\u0259rin\u0259 \u00f6z t\u00f6hf\u0259sini ver\u0259c\u0259k. Ba\u015f nazirin m\u00fcavini \u00f6lk\u0259mizl\u0259 BMT aras\u0131nda m\u00f6vcud olan m\u00fcnasib\u0259tl\u0259rd\u0259n&hellip;<\/p>\n","protected":false},"author":2,"featured_media":21041,"comment_status":"closed","ping_status":"closed","sticky":false,"template":"","format":"standard","meta":{"om_disable_all_campaigns":false,"_monsterinsights_skip_tracking":false,"_monsterinsights_sitenote_active":false,"_monsterinsights_sitenote_note":"","_monsterinsights_sitenote_category":0},"categories":[4],"tags":[],"aioseo_notices":[],"gutentor_comment":0,"rttpg_featured_image_url":{"full":["https:\/\/arantv.az\/wp-content\/uploads\/2018\/10\/fc771gs4kj4nlricdk66ad25b3bmt.jpg",1000,632,false],"landscape":["https:\/\/arantv.az\/wp-content\/uploads\/2018\/10\/fc771gs4kj4nlricdk66ad25b3bmt.jpg",1000,632,false],"portraits":["https:\/\/arantv.az\/wp-content\/uploads\/2018\/10\/fc771gs4kj4nlricdk66ad25b3bmt.jpg",1000,632,false],"thumbnail":["https:\/\/arantv.az\/wp-content\/uploads\/2018\/10\/fc771gs4kj4nlricdk66ad25b3bmt-150x150.jpg",150,150,true],"medium":["https:\/\/arantv.az\/wp-content\/uploads\/2018\/10\/fc771gs4kj4nlricdk66ad25b3bmt-300x190.jpg",300,190,true],"large":["https:\/\/arantv.az\/wp-content\/uploads\/2018\/10\/fc771gs4kj4nlricdk66ad25b3bmt.jpg",640,404,false],"1536x1536":["https:\/\/arantv.az\/wp-content\/uploads\/2018\/10\/fc771gs4kj4nlricdk66ad25b3bmt.jpg",1000,632,false],"2048x2048":["https:\/\/arantv.az\/wp-content\/uploads\/2018\/10\/fc771gs4kj4nlricdk66ad25b3bmt.jpg",1000,632,false],"post-thumbnail":["https:\/\/arantv.az\/wp-content\/uploads\/2018\/10\/fc771gs4kj4nlricdk66ad25b3bmt-240x172.jpg",240,172,true],"advps-thumb-one":["https:\/\/arantv.az\/wp-content\/uploads\/2018\/10\/fc771gs4kj4nlricdk66ad25b3bmt-1000x620.jpg",1000,620,true]},"rttpg_author":{"display_name":"V\u00fcsal Rafiqo\u011flu","author_link":"https:\/\/arantv.az\/?author=2"},"rttpg_comment":0,"rttpg_category":"<a href=\"https:\/\/arantv.az\/?cat=4\" rel=\"category\">Siyas\u0259t<\/a>","rttpg_excerpt":"ARANTV.AZ x\u0259b\u0259r verir ki, Az\u0259rbaycan Respublikas\u0131 Ba\u015f nazirinin m\u00fcavini, Dayan\u0131ql\u0131 \u0130nki\u015faf \u00fczr\u0259 Milli \u018flaq\u0259l\u0259ndirm\u0259 \u015euras\u0131n\u0131n s\u0259dri \u018fli \u018fhm\u0259dov oktyabr\u0131n 24-d\u0259 BMT-nin \u0130qtisadi v\u0259 Sosial \u015euras\u0131n\u0131n (ECOSOC) s\u0259dri \u0130nqa Ronda Kinql\u0259 g\u00f6r\u00fc\u015f\u00fcb. \u018fli \u018fhm\u0259dov oktyabr\u0131n 25-26-da paytaxt\u0131m\u0131zda ke\u00e7iril\u0259c\u0259k Dayan\u0131ql\u0131 \u0130nki\u015fafa dair Bak\u0131 Forumunda i\u015ftirak \u00fc\u00e7\u00fcn \u00f6lk\u0259miz\u0259 s\u0259f\u0259r\u0259 g\u0259l\u0259n BMT-nin \u0130qtisadi v\u0259 Sosial \u015euras\u0131n\u0131n s\u0259drin\u0259 d\u0259v\u0259ti q\u0259bul&hellip;","_links":{"self":[{"href":"https:\/\/arantv.az\/index.php?rest_route=\/wp\/v2\/posts\/21040"}],"collection":[{"href":"https:\/\/arantv.az\/index.php?rest_route=\/wp\/v2\/posts"}],"about":[{"href":"https:\/\/arantv.az\/index.php?rest_route=\/wp\/v2\/types\/post"}],"author":[{"embeddable":true,"href":"https:\/\/arantv.az\/index.php?rest_route=\/wp\/v2\/users\/2"}],"replies":[{"embeddable":true,"href":"https:\/\/arantv.az\/index.php?rest_route=%2Fwp%2Fv2%2Fcomments&post=21040"}],"version-history":[{"count":0,"href":"https:\/\/arantv.az\/index.php?rest_route=\/wp\/v2\/posts\/21040\/revisions"}],"wp:featuredmedia":[{"embeddable":true,"href":"https:\/\/arantv.az\/index.php?rest_route=\/wp\/v2\/media\/21041"}],"wp:attachment":[{"href":"https:\/\/arantv.az\/index.php?rest_route=%2Fwp%2Fv2%2Fmedia&parent=21040"}],"wp:term":[{"taxonomy":"category","embeddable":true,"href":"https:\/\/arantv.az\/index.php?rest_route=%2Fwp%2Fv2%2Fcategories&post=21040"},{"taxonomy":"post_tag","embeddable":true,"href":"https:\/\/arantv.az\/index.php?rest_route=%2Fwp%2Fv2%2Ftags&post=21040"}],"curies":[{"name":"wp","href":"https:\/\/api.w.org\/{rel}","templated":true}]}}