{"id":21055,"date":"2018-10-24T16:26:43","date_gmt":"2018-10-24T13:26:43","guid":{"rendered":"http:\/\/arantv.az\/?p=21055"},"modified":"2018-10-24T16:26:43","modified_gmt":"2018-10-24T13:26:43","slug":"vitse-prezident-aib-az%c9%99rbaycan-iqtisadiyyatinin-inkisafini-d%c9%99st%c9%99kl%c9%99m%c9%99kd%c9%99-davam-ed%c9%99c%c9%99k","status":"publish","type":"post","link":"https:\/\/arantv.az\/?p=21055","title":{"rendered":"Vitse-prezident: &#8220;A\u0130B Az\u0259rbaycan iqtisadiyyat\u0131n\u0131n inki\u015faf\u0131n\u0131 d\u0259st\u0259kl\u0259m\u0259kd\u0259 davam ed\u0259c\u0259k&#8221;"},"content":{"rendered":"<blockquote><p><em><strong>Asiya \u0130nki\u015faf Bank\u0131 (A\u0130B) Az\u0259rbaycan iqtisadiyyat\u0131n\u0131n inki\u015faf\u0131n\u0131 d\u0259st\u0259kl\u0259m\u0259kd\u0259 davam ed\u0259c\u0259k.<\/strong><\/em><\/p><\/blockquote>\n<p><strong>ARANTV.AZ<\/strong> trend-\u0259 istinad\u0259n x\u0259b\u0259r verir ki, bunu Bak\u0131da m\u0259tbuat konfrans\u0131nda bank\u0131n vitse-prezidenti Ven\u00e7ay Janq deyib.<\/p>\n<p>Vitse-prezident bildirib ki, bu m\u0259s\u0259l\u0259 2019-cu ilin birinci yar\u0131s\u0131nda bax\u0131lmas\u0131 n\u0259z\u0259rd\u0259 tutulan be\u015fillik strategiyada \u0259ks olunub.<\/p>\n<p>V.Janq \u0259lav\u0259 edib ki, A\u0130B Az\u0259rbaycanda \u00f6z\u0259l sektorun inki\u015faf\u0131n\u0131 da d\u0259st\u0259kl\u0259m\u0259k niyy\u0259tind\u0259dir.<\/p>\n","protected":false},"excerpt":{"rendered":"<p>Asiya \u0130nki\u015faf Bank\u0131 (A\u0130B) Az\u0259rbaycan iqtisadiyyat\u0131n\u0131n inki\u015faf\u0131n\u0131 d\u0259st\u0259kl\u0259m\u0259kd\u0259 davam ed\u0259c\u0259k. ARANTV.AZ trend-\u0259 istinad\u0259n x\u0259b\u0259r verir ki, bunu Bak\u0131da m\u0259tbuat konfrans\u0131nda bank\u0131n vitse-prezidenti Ven\u00e7ay Janq deyib. Vitse-prezident bildirib ki, bu m\u0259s\u0259l\u0259 2019-cu ilin birinci yar\u0131s\u0131nda bax\u0131lmas\u0131 n\u0259z\u0259rd\u0259 tutulan be\u015fillik strategiyada \u0259ks olunub. V.Janq \u0259lav\u0259 edib ki, A\u0130B Az\u0259rbaycanda \u00f6z\u0259l sektorun inki\u015faf\u0131n\u0131 da d\u0259st\u0259kl\u0259m\u0259k niyy\u0259tind\u0259dir.<\/p>\n","protected":false},"author":2,"featured_media":21056,"comment_status":"closed","ping_status":"closed","sticky":false,"template":"","format":"standard","meta":{"om_disable_all_campaigns":false,"_monsterinsights_skip_tracking":false,"_monsterinsights_sitenote_active":false,"_monsterinsights_sitenote_note":"","_monsterinsights_sitenote_category":0},"categories":[4],"tags":[],"aioseo_notices":[],"gutentor_comment":0,"rttpg_featured_image_url":{"full":["https:\/\/arantv.az\/wp-content\/uploads\/2018\/10\/697523.jpg",800,600,false],"landscape":["https:\/\/arantv.az\/wp-content\/uploads\/2018\/10\/697523.jpg",800,600,false],"portraits":["https:\/\/arantv.az\/wp-content\/uploads\/2018\/10\/697523.jpg",800,600,false],"thumbnail":["https:\/\/arantv.az\/wp-content\/uploads\/2018\/10\/697523-150x150.jpg",150,150,true],"medium":["https:\/\/arantv.az\/wp-content\/uploads\/2018\/10\/697523-300x225.jpg",300,225,true],"large":["https:\/\/arantv.az\/wp-content\/uploads\/2018\/10\/697523.jpg",640,480,false],"1536x1536":["https:\/\/arantv.az\/wp-content\/uploads\/2018\/10\/697523.jpg",800,600,false],"2048x2048":["https:\/\/arantv.az\/wp-content\/uploads\/2018\/10\/697523.jpg",800,600,false],"post-thumbnail":["https:\/\/arantv.az\/wp-content\/uploads\/2018\/10\/697523-240x172.jpg",240,172,true],"advps-thumb-one":["https:\/\/arantv.az\/wp-content\/uploads\/2018\/10\/697523.jpg",800,600,false]},"rttpg_author":{"display_name":"V\u00fcsal Rafiqo\u011flu","author_link":"https:\/\/arantv.az\/?author=2"},"rttpg_comment":0,"rttpg_category":"<a href=\"https:\/\/arantv.az\/?cat=4\" rel=\"category\">Siyas\u0259t<\/a>","rttpg_excerpt":"Asiya \u0130nki\u015faf Bank\u0131 (A\u0130B) Az\u0259rbaycan iqtisadiyyat\u0131n\u0131n inki\u015faf\u0131n\u0131 d\u0259st\u0259kl\u0259m\u0259kd\u0259 davam ed\u0259c\u0259k. ARANTV.AZ trend-\u0259 istinad\u0259n x\u0259b\u0259r verir ki, bunu Bak\u0131da m\u0259tbuat konfrans\u0131nda bank\u0131n vitse-prezidenti Ven\u00e7ay Janq deyib. Vitse-prezident bildirib ki, bu m\u0259s\u0259l\u0259 2019-cu ilin birinci yar\u0131s\u0131nda bax\u0131lmas\u0131 n\u0259z\u0259rd\u0259 tutulan be\u015fillik strategiyada \u0259ks olunub. V.Janq \u0259lav\u0259 edib ki, A\u0130B Az\u0259rbaycanda \u00f6z\u0259l sektorun inki\u015faf\u0131n\u0131 da d\u0259st\u0259kl\u0259m\u0259k niyy\u0259tind\u0259dir.","_links":{"self":[{"href":"https:\/\/arantv.az\/index.php?rest_route=\/wp\/v2\/posts\/21055"}],"collection":[{"href":"https:\/\/arantv.az\/index.php?rest_route=\/wp\/v2\/posts"}],"about":[{"href":"https:\/\/arantv.az\/index.php?rest_route=\/wp\/v2\/types\/post"}],"author":[{"embeddable":true,"href":"https:\/\/arantv.az\/index.php?rest_route=\/wp\/v2\/users\/2"}],"replies":[{"embeddable":true,"href":"https:\/\/arantv.az\/index.php?rest_route=%2Fwp%2Fv2%2Fcomments&post=21055"}],"version-history":[{"count":0,"href":"https:\/\/arantv.az\/index.php?rest_route=\/wp\/v2\/posts\/21055\/revisions"}],"wp:featuredmedia":[{"embeddable":true,"href":"https:\/\/arantv.az\/index.php?rest_route=\/wp\/v2\/media\/21056"}],"wp:attachment":[{"href":"https:\/\/arantv.az\/index.php?rest_route=%2Fwp%2Fv2%2Fmedia&parent=21055"}],"wp:term":[{"taxonomy":"category","embeddable":true,"href":"https:\/\/arantv.az\/index.php?rest_route=%2Fwp%2Fv2%2Fcategories&post=21055"},{"taxonomy":"post_tag","embeddable":true,"href":"https:\/\/arantv.az\/index.php?rest_route=%2Fwp%2Fv2%2Ftags&post=21055"}],"curies":[{"name":"wp","href":"https:\/\/api.w.org\/{rel}","templated":true}]}}