{"id":21070,"date":"2018-10-24T16:40:16","date_gmt":"2018-10-24T13:40:16","guid":{"rendered":"http:\/\/arantv.az\/?p=21070"},"modified":"2018-10-24T16:40:16","modified_gmt":"2018-10-24T13:40:16","slug":"amea-nin-institutlarinda-yeni-sob%c9%99l%c9%99r-yaradilib","status":"publish","type":"post","link":"https:\/\/arantv.az\/?p=21070","title":{"rendered":"AMEA-n\u0131n institutlar\u0131nda yeni \u015f\u00f6b\u0259l\u0259r yarad\u0131l\u0131b"},"content":{"rendered":"<p><strong>Az\u0259rbaycan Milli Elml\u0259r Akademiyas\u0131n\u0131n (AMEA) b\u0259zi institutlar\u0131nda yeni \u015f\u00f6b\u0259l\u0259r yarad\u0131l\u0131b.<\/strong><\/p>\n<p><strong>ARANTV.AZ<\/strong>-\u0131n\u00a0 trend-\u0259 istinad\u0259n\u00a0m\u0259lumat\u0131na g\u00f6r\u0259, bununla ba\u011fl\u0131 AMEA-n\u0131n D\u00f6vl\u0259t \u0130dar\u0259\u00e7ilik Akademiyas\u0131 il\u0259 birg\u0259 ke\u00e7irdiyi Elmi \u015euran\u0131n iclas\u0131nda q\u0259rar verilib.<\/p>\n<p>Q\u0259rara \u0259sas\u0259n, AMEA-n\u0131n Nizami G\u0259nc\u0259vi ad\u0131na \u018fd\u0259biyyat \u0130nstitutunda U\u015faq \u0259d\u0259biyyat\u0131 \u015f\u00f6b\u0259si, AMEA-n\u0131n N\u0259simi ad\u0131na Dil\u00e7ilik \u0130nstitutunda Eksperimental fonetik ara\u015fd\u0131rmalar laboratoriyas\u0131 v\u0259 AMEA-n\u0131n Memarl\u0131q v\u0259 \u0130nc\u0259s\u0259n\u0259t \u0130nstitutunda T\u0259hsil \u015f\u00f6b\u0259si yarad\u0131l\u0131b.<\/p>\n<p>\u0130clasda AMEA professorlar\u0131n\u0131n Koordinasiya \u015euras\u0131n\u0131n \u0259sasnam\u0259si d\u0259 t\u0259sdiq edilib.<\/p>\n<div id=\"AdributorNativeVideo0\" class=\"AdributorNativeVideo\"><\/div>\n<p>AMEA-n\u0131n akademik-katibi, akademik Rasim \u018fliquliyev bildirib ki, &#8220;Az\u0259rbaycan Milli Elml\u0259r Akademiyas\u0131n\u0131n professoru&#8221; elmi ad\u0131 2017-ci ild\u0259 R\u0259yas\u0259t Hey\u0259tinin q\u0259rar\u0131 il\u0259 t\u0259sis olunub.<\/p>\n<p>R.\u018fliquliyev qeyd edib ki, AMEA-n\u0131n professorlar\u0131n\u0131n akademiyan\u0131n elmi v\u0259 elmi-t\u0259\u015fkilati h\u0259yat\u0131nda daha yax\u0131ndan i\u015ftirak\u0131na nail olmaq, AMEA Nizamnam\u0259si il\u0259 m\u00fc\u0259yy\u0259n edilmi\u015f v\u0259zif\u0259l\u0259rin icras\u0131nda, habel\u0259 kadr haz\u0131rl\u0131\u011f\u0131nda v\u0259 innovativ f\u0259aliyy\u0259tin inki\u015faf\u0131nda onlar\u0131n f\u0259al i\u015ftiraklar\u0131n\u0131 t\u0259min etm\u0259k m\u0259qs\u0259di il\u0259 R\u0259yas\u0259t Hey\u0259tinin m\u00fcvafiq q\u0259rar\u0131 il\u0259 AMEA professorlar\u0131n\u0131n Koordinasiya \u015euras\u0131 yarad\u0131l\u0131b. H\u0259min q\u0259rara \u0259sas\u0259n, AMEA professorlar\u0131n\u0131n Koordinasiya \u015euras\u0131n\u0131n \u0259sasnam\u0259sinin layih\u0259si R\u0259yas\u0259t Hey\u0259tin\u0259 t\u0259qdim edilib.<\/p>\n<p>\u0130clasda R\u0259yas\u0259t Hey\u0259ti qeyd olunanlar\u0131 n\u0259z\u0259r alaraq \u015furan\u0131n \u0259sasnam\u0259sini v\u0259 t\u0259rkibini t\u0259sdiq edib.<\/p>\n","protected":false},"excerpt":{"rendered":"<p>Az\u0259rbaycan Milli Elml\u0259r Akademiyas\u0131n\u0131n (AMEA) b\u0259zi institutlar\u0131nda yeni \u015f\u00f6b\u0259l\u0259r yarad\u0131l\u0131b. ARANTV.AZ-\u0131n\u00a0 trend-\u0259 istinad\u0259n\u00a0m\u0259lumat\u0131na g\u00f6r\u0259, bununla ba\u011fl\u0131 AMEA-n\u0131n D\u00f6vl\u0259t \u0130dar\u0259\u00e7ilik Akademiyas\u0131 il\u0259 birg\u0259 ke\u00e7irdiyi Elmi \u015euran\u0131n iclas\u0131nda q\u0259rar verilib. Q\u0259rara \u0259sas\u0259n, AMEA-n\u0131n Nizami G\u0259nc\u0259vi ad\u0131na \u018fd\u0259biyyat \u0130nstitutunda U\u015faq \u0259d\u0259biyyat\u0131 \u015f\u00f6b\u0259si, AMEA-n\u0131n N\u0259simi ad\u0131na Dil\u00e7ilik \u0130nstitutunda Eksperimental fonetik ara\u015fd\u0131rmalar laboratoriyas\u0131 v\u0259 AMEA-n\u0131n Memarl\u0131q v\u0259 \u0130nc\u0259s\u0259n\u0259t \u0130nstitutunda T\u0259hsil \u015f\u00f6b\u0259si yarad\u0131l\u0131b. \u0130clasda AMEA professorlar\u0131n\u0131n Koordinasiya \u015euras\u0131n\u0131n \u0259sasnam\u0259si d\u0259 t\u0259sdiq edilib. AMEA-n\u0131n akademik-katibi, akademik Rasim \u018fliquliyev bildirib ki, &#8220;Az\u0259rbaycan Milli Elml\u0259r Akademiyas\u0131n\u0131n professoru&#8221; elmi ad\u0131 2017-ci ild\u0259 R\u0259yas\u0259t Hey\u0259tinin q\u0259rar\u0131 il\u0259 t\u0259sis olunub. R.\u018fliquliyev qeyd&hellip;<\/p>\n","protected":false},"author":2,"featured_media":21071,"comment_status":"closed","ping_status":"closed","sticky":false,"template":"","format":"standard","meta":{"om_disable_all_campaigns":false,"_monsterinsights_skip_tracking":false,"_monsterinsights_sitenote_active":false,"_monsterinsights_sitenote_note":"","_monsterinsights_sitenote_category":0},"categories":[1],"tags":[],"aioseo_notices":[],"gutentor_comment":0,"rttpg_featured_image_url":{"full":["https:\/\/arantv.az\/wp-content\/uploads\/2018\/10\/amea_0254.jpg",800,600,false],"landscape":["https:\/\/arantv.az\/wp-content\/uploads\/2018\/10\/amea_0254.jpg",800,600,false],"portraits":["https:\/\/arantv.az\/wp-content\/uploads\/2018\/10\/amea_0254.jpg",800,600,false],"thumbnail":["https:\/\/arantv.az\/wp-content\/uploads\/2018\/10\/amea_0254-150x150.jpg",150,150,true],"medium":["https:\/\/arantv.az\/wp-content\/uploads\/2018\/10\/amea_0254-300x225.jpg",300,225,true],"large":["https:\/\/arantv.az\/wp-content\/uploads\/2018\/10\/amea_0254.jpg",640,480,false],"1536x1536":["https:\/\/arantv.az\/wp-content\/uploads\/2018\/10\/amea_0254.jpg",800,600,false],"2048x2048":["https:\/\/arantv.az\/wp-content\/uploads\/2018\/10\/amea_0254.jpg",800,600,false],"post-thumbnail":["https:\/\/arantv.az\/wp-content\/uploads\/2018\/10\/amea_0254-240x172.jpg",240,172,true],"advps-thumb-one":["https:\/\/arantv.az\/wp-content\/uploads\/2018\/10\/amea_0254.jpg",800,600,false]},"rttpg_author":{"display_name":"V\u00fcsal Rafiqo\u011flu","author_link":"https:\/\/arantv.az\/?author=2"},"rttpg_comment":0,"rttpg_category":"<a href=\"https:\/\/arantv.az\/?cat=1\" rel=\"category\">C\u0259miyy\u0259t<\/a>","rttpg_excerpt":"Az\u0259rbaycan Milli Elml\u0259r Akademiyas\u0131n\u0131n (AMEA) b\u0259zi institutlar\u0131nda yeni \u015f\u00f6b\u0259l\u0259r yarad\u0131l\u0131b. ARANTV.AZ-\u0131n\u00a0 trend-\u0259 istinad\u0259n\u00a0m\u0259lumat\u0131na g\u00f6r\u0259, bununla ba\u011fl\u0131 AMEA-n\u0131n D\u00f6vl\u0259t \u0130dar\u0259\u00e7ilik Akademiyas\u0131 il\u0259 birg\u0259 ke\u00e7irdiyi Elmi \u015euran\u0131n iclas\u0131nda q\u0259rar verilib. Q\u0259rara \u0259sas\u0259n, AMEA-n\u0131n Nizami G\u0259nc\u0259vi ad\u0131na \u018fd\u0259biyyat \u0130nstitutunda U\u015faq \u0259d\u0259biyyat\u0131 \u015f\u00f6b\u0259si, AMEA-n\u0131n N\u0259simi ad\u0131na Dil\u00e7ilik \u0130nstitutunda Eksperimental fonetik ara\u015fd\u0131rmalar laboratoriyas\u0131 v\u0259 AMEA-n\u0131n Memarl\u0131q v\u0259 \u0130nc\u0259s\u0259n\u0259t \u0130nstitutunda T\u0259hsil&hellip;","_links":{"self":[{"href":"https:\/\/arantv.az\/index.php?rest_route=\/wp\/v2\/posts\/21070"}],"collection":[{"href":"https:\/\/arantv.az\/index.php?rest_route=\/wp\/v2\/posts"}],"about":[{"href":"https:\/\/arantv.az\/index.php?rest_route=\/wp\/v2\/types\/post"}],"author":[{"embeddable":true,"href":"https:\/\/arantv.az\/index.php?rest_route=\/wp\/v2\/users\/2"}],"replies":[{"embeddable":true,"href":"https:\/\/arantv.az\/index.php?rest_route=%2Fwp%2Fv2%2Fcomments&post=21070"}],"version-history":[{"count":0,"href":"https:\/\/arantv.az\/index.php?rest_route=\/wp\/v2\/posts\/21070\/revisions"}],"wp:featuredmedia":[{"embeddable":true,"href":"https:\/\/arantv.az\/index.php?rest_route=\/wp\/v2\/media\/21071"}],"wp:attachment":[{"href":"https:\/\/arantv.az\/index.php?rest_route=%2Fwp%2Fv2%2Fmedia&parent=21070"}],"wp:term":[{"taxonomy":"category","embeddable":true,"href":"https:\/\/arantv.az\/index.php?rest_route=%2Fwp%2Fv2%2Fcategories&post=21070"},{"taxonomy":"post_tag","embeddable":true,"href":"https:\/\/arantv.az\/index.php?rest_route=%2Fwp%2Fv2%2Ftags&post=21070"}],"curies":[{"name":"wp","href":"https:\/\/api.w.org\/{rel}","templated":true}]}}