{"id":21073,"date":"2018-10-24T16:42:35","date_gmt":"2018-10-24T13:42:35","guid":{"rendered":"http:\/\/arantv.az\/?p=21073"},"modified":"2018-10-24T16:42:35","modified_gmt":"2018-10-24T13:42:35","slug":"amea-aliml%c9%99rin%c9%99-f%c9%99xri-medallar-veril%c9%99c%c9%99k","status":"publish","type":"post","link":"https:\/\/arantv.az\/?p=21073","title":{"rendered":"AMEA aliml\u0259rin\u0259 f\u0259xri medallar veril\u0259c\u0259k"},"content":{"rendered":"<blockquote><p><em><strong>Az\u0259rbaycan Milli Elml\u0259r Akademiyas\u0131n\u0131n (AMEA) adl\u0131 m\u00fckafatlar\u0131n\u0131n f\u0259xri medallarla \u0259v\u0259z edilm\u0259si \u00fc\u00e7\u00fcn m\u00fcvafiq d\u00f6vl\u0259t orqanlar\u0131 qar\u015f\u0131s\u0131nda v\u0259sat\u0259t qald\u0131r\u0131lacaq.<\/strong><\/em><\/p><\/blockquote>\n<p><strong>ARANTV.AZ<\/strong> trend-\u0259 istinad\u0259n x\u0259b\u0259r verir ki, bunu AMEA prezidenti, akademik Akif \u018flizad\u0259 D\u00f6vl\u0259t Idar\u0259\u00e7ilik Akademiyas\u0131 il\u0259 birg\u0259 ke\u00e7iril\u0259n Elmi \u015euran\u0131n iclas\u0131nda bildirib.<\/p>\n<p>A.\u018flizad\u0259 bildirib ki, AMEA-n\u0131n adl\u0131 m\u00fckafatlar\u0131 elmin inki\u015faf\u0131na b\u00f6y\u00fck t\u00f6hf\u0259l\u0259r ver\u0259n v\u0259 m\u00fch\u00fcm nailiyy\u0259tl\u0259r qazanan aliml\u0259ri daha y\u00fcks\u0259k s\u0259viyy\u0259li t\u0259dqiqatlar aparma\u011fa h\u0259v\u0259sl\u0259ndirm\u0259k, h\u0259m\u00e7inin Az\u0259rbaycan\u0131n bir s\u0131ra g\u00f6rk\u0259mli aliml\u0259rinin xatir\u0259sini \u0259b\u0259dil\u0259\u015fdirm\u0259k m\u0259qs\u0259dil\u0259 2014-c\u00fc ild\u0259 t\u0259sis edilib.<\/p>\n<div id=\"AdributorNativeVideo0\" class=\"AdributorNativeVideo\"><\/div>\n<p>Akademik \u0259lav\u0259 edib ki, \u00f6t\u0259n m\u00fcdd\u0259t \u0259rzind\u0259 h\u0259r il adl\u0131 m\u00fckafatlar \u00fc\u00e7\u00fcn m\u00fcsabiq\u0259 elan olunub, m\u00fcvafiq elm sah\u0259l\u0259rini t\u0259msil ed\u0259n g\u00f6rk\u0259mli aliml\u0259r m\u00fckafatlarla t\u0259ltif edilibl\u0259r.<\/p>\n<p>R\u0259yas\u0259t Hey\u0259ti adl\u0131 m\u00fckafatlara t\u0259qdim olunan aliml\u0259rin daha d\u0259qiq meyar v\u0259 prinsipl\u0259r \u0259sas\u0131nda m\u00fc\u0259yy\u0259nl\u0259\u015fdirilm\u0259si \u00fc\u00e7\u00fcn m\u00fcsabiq\u0259nin iki ild\u0259n bir elan edilm\u0259sini q\u0259rara al\u0131b. Q\u0259rarda AMEA-n\u0131n adl\u0131 m\u00fckafatlar\u0131 \u00fczr\u0259 qaydalara d\u0259yi\u015fiklik edilm\u0259si, bu m\u00fckafatlar\u0131n f\u0259xri medallarla \u0259v\u0259z edilm\u0259si \u00fc\u00e7\u00fcn m\u00fcvafiq d\u00f6vl\u0259t orqanlar\u0131 qar\u015f\u0131s\u0131nda v\u0259sat\u0259t qald\u0131r\u0131lmas\u0131 da \u0259ksini tap\u0131b.<\/p>\n","protected":false},"excerpt":{"rendered":"<p>Az\u0259rbaycan Milli Elml\u0259r Akademiyas\u0131n\u0131n (AMEA) adl\u0131 m\u00fckafatlar\u0131n\u0131n f\u0259xri medallarla \u0259v\u0259z edilm\u0259si \u00fc\u00e7\u00fcn m\u00fcvafiq d\u00f6vl\u0259t orqanlar\u0131 qar\u015f\u0131s\u0131nda v\u0259sat\u0259t qald\u0131r\u0131lacaq. ARANTV.AZ trend-\u0259 istinad\u0259n x\u0259b\u0259r verir ki, bunu AMEA prezidenti, akademik Akif \u018flizad\u0259 D\u00f6vl\u0259t Idar\u0259\u00e7ilik Akademiyas\u0131 il\u0259 birg\u0259 ke\u00e7iril\u0259n Elmi \u015euran\u0131n iclas\u0131nda bildirib. A.\u018flizad\u0259 bildirib ki, AMEA-n\u0131n adl\u0131 m\u00fckafatlar\u0131 elmin inki\u015faf\u0131na b\u00f6y\u00fck t\u00f6hf\u0259l\u0259r ver\u0259n v\u0259 m\u00fch\u00fcm nailiyy\u0259tl\u0259r qazanan aliml\u0259ri daha y\u00fcks\u0259k s\u0259viyy\u0259li t\u0259dqiqatlar aparma\u011fa h\u0259v\u0259sl\u0259ndirm\u0259k, h\u0259m\u00e7inin Az\u0259rbaycan\u0131n bir s\u0131ra g\u00f6rk\u0259mli aliml\u0259rinin xatir\u0259sini \u0259b\u0259dil\u0259\u015fdirm\u0259k m\u0259qs\u0259dil\u0259 2014-c\u00fc ild\u0259 t\u0259sis edilib. Akademik \u0259lav\u0259 edib ki, \u00f6t\u0259n m\u00fcdd\u0259t \u0259rzind\u0259 h\u0259r il adl\u0131 m\u00fckafatlar \u00fc\u00e7\u00fcn m\u00fcsabiq\u0259 elan olunub,&hellip;<\/p>\n","protected":false},"author":2,"featured_media":21074,"comment_status":"closed","ping_status":"closed","sticky":false,"template":"","format":"standard","meta":{"om_disable_all_campaigns":false,"_monsterinsights_skip_tracking":false,"_monsterinsights_sitenote_active":false,"_monsterinsights_sitenote_note":"","_monsterinsights_sitenote_category":0},"categories":[1],"tags":[],"aioseo_notices":[],"gutentor_comment":0,"rttpg_featured_image_url":{"full":["https:\/\/arantv.az\/wp-content\/uploads\/2018\/10\/697517.jpg",800,600,false],"landscape":["https:\/\/arantv.az\/wp-content\/uploads\/2018\/10\/697517.jpg",800,600,false],"portraits":["https:\/\/arantv.az\/wp-content\/uploads\/2018\/10\/697517.jpg",800,600,false],"thumbnail":["https:\/\/arantv.az\/wp-content\/uploads\/2018\/10\/697517-150x150.jpg",150,150,true],"medium":["https:\/\/arantv.az\/wp-content\/uploads\/2018\/10\/697517-300x225.jpg",300,225,true],"large":["https:\/\/arantv.az\/wp-content\/uploads\/2018\/10\/697517.jpg",640,480,false],"1536x1536":["https:\/\/arantv.az\/wp-content\/uploads\/2018\/10\/697517.jpg",800,600,false],"2048x2048":["https:\/\/arantv.az\/wp-content\/uploads\/2018\/10\/697517.jpg",800,600,false],"post-thumbnail":["https:\/\/arantv.az\/wp-content\/uploads\/2018\/10\/697517-240x172.jpg",240,172,true],"advps-thumb-one":["https:\/\/arantv.az\/wp-content\/uploads\/2018\/10\/697517.jpg",800,600,false]},"rttpg_author":{"display_name":"V\u00fcsal Rafiqo\u011flu","author_link":"https:\/\/arantv.az\/?author=2"},"rttpg_comment":0,"rttpg_category":"<a href=\"https:\/\/arantv.az\/?cat=1\" rel=\"category\">C\u0259miyy\u0259t<\/a>","rttpg_excerpt":"Az\u0259rbaycan Milli Elml\u0259r Akademiyas\u0131n\u0131n (AMEA) adl\u0131 m\u00fckafatlar\u0131n\u0131n f\u0259xri medallarla \u0259v\u0259z edilm\u0259si \u00fc\u00e7\u00fcn m\u00fcvafiq d\u00f6vl\u0259t orqanlar\u0131 qar\u015f\u0131s\u0131nda v\u0259sat\u0259t qald\u0131r\u0131lacaq. ARANTV.AZ trend-\u0259 istinad\u0259n x\u0259b\u0259r verir ki, bunu AMEA prezidenti, akademik Akif \u018flizad\u0259 D\u00f6vl\u0259t Idar\u0259\u00e7ilik Akademiyas\u0131 il\u0259 birg\u0259 ke\u00e7iril\u0259n Elmi \u015euran\u0131n iclas\u0131nda bildirib. A.\u018flizad\u0259 bildirib ki, AMEA-n\u0131n adl\u0131 m\u00fckafatlar\u0131 elmin inki\u015faf\u0131na b\u00f6y\u00fck t\u00f6hf\u0259l\u0259r ver\u0259n v\u0259 m\u00fch\u00fcm nailiyy\u0259tl\u0259r qazanan&hellip;","_links":{"self":[{"href":"https:\/\/arantv.az\/index.php?rest_route=\/wp\/v2\/posts\/21073"}],"collection":[{"href":"https:\/\/arantv.az\/index.php?rest_route=\/wp\/v2\/posts"}],"about":[{"href":"https:\/\/arantv.az\/index.php?rest_route=\/wp\/v2\/types\/post"}],"author":[{"embeddable":true,"href":"https:\/\/arantv.az\/index.php?rest_route=\/wp\/v2\/users\/2"}],"replies":[{"embeddable":true,"href":"https:\/\/arantv.az\/index.php?rest_route=%2Fwp%2Fv2%2Fcomments&post=21073"}],"version-history":[{"count":0,"href":"https:\/\/arantv.az\/index.php?rest_route=\/wp\/v2\/posts\/21073\/revisions"}],"wp:featuredmedia":[{"embeddable":true,"href":"https:\/\/arantv.az\/index.php?rest_route=\/wp\/v2\/media\/21074"}],"wp:attachment":[{"href":"https:\/\/arantv.az\/index.php?rest_route=%2Fwp%2Fv2%2Fmedia&parent=21073"}],"wp:term":[{"taxonomy":"category","embeddable":true,"href":"https:\/\/arantv.az\/index.php?rest_route=%2Fwp%2Fv2%2Fcategories&post=21073"},{"taxonomy":"post_tag","embeddable":true,"href":"https:\/\/arantv.az\/index.php?rest_route=%2Fwp%2Fv2%2Ftags&post=21073"}],"curies":[{"name":"wp","href":"https:\/\/api.w.org\/{rel}","templated":true}]}}