{"id":21076,"date":"2018-10-24T16:44:47","date_gmt":"2018-10-24T13:44:47","guid":{"rendered":"http:\/\/arantv.az\/?p=21076"},"modified":"2018-10-24T16:44:47","modified_gmt":"2018-10-24T13:44:47","slug":"prezident-musaviri-abs-dagliq-qarabag-munaqis%c9%99sinin-dinc-yolla-h%c9%99llinin-tapilmasina-sadiq-qalacaq","status":"publish","type":"post","link":"https:\/\/arantv.az\/?p=21076","title":{"rendered":"Prezident m\u00fc\u015faviri: &#8220;AB\u015e Da\u011fl\u0131q Qaraba\u011f m\u00fcnaqi\u015f\u0259sinin dinc yolla h\u0259llinin tap\u0131lmas\u0131na sadiq qalacaq&#8221;"},"content":{"rendered":"<blockquote><p><em><strong>AB\u015e Da\u011fl\u0131q Qaraba\u011f m\u00fcnaqi\u015f\u0259sinin dinc yolla h\u0259llinin tap\u0131lmas\u0131na sadiq qalacaq.<\/strong><\/em><\/p><\/blockquote>\n<p><strong>ARANTV.AZ<\/strong> trend-\u0259 istinad\u0259n x\u0259b\u0259r verir ki, bunu Bak\u0131da s\u0259f\u0259rd\u0259 olan AB\u015e Prezidentinin milli t\u0259hl\u00fck\u0259sizlik m\u0259s\u0259l\u0259l\u0259ri \u00fczr\u0259 m\u00fc\u015faviri Con Bolton m\u0259tbuat konfrans\u0131nda deyib.<\/p>\n<p>C.Bolton qeyd edib ki, Da\u011fl\u0131q Qaraba\u011f m\u00fcnaqi\u015f\u0259sinin nizamlanmas\u0131 regionda s\u00fclh\u00fcn b\u0259rq\u0259rar olmas\u0131na, eyni zamanda beyn\u0259lxalq m\u00fcst\u0259vid\u0259 d\u0259 \u00f6z t\u0259sirini g\u00f6st\u0259r\u0259 bil\u0259r: &#8220;Y\u0259ni Da\u011fl\u0131q Qaraba\u011f m\u00fcnaqi\u015f\u0259sinin h\u0259lli strateji n\u00f6qteyi-n\u0259z\u0259rd\u0259n bizim \u00fc\u00e7\u00fcn d\u0259 m\u00fch\u00fcm \u0259h\u0259miyy\u0259t k\u0259sb edir&#8221;.<\/p>\n<p>M\u00fc\u015favir Az\u0259rbaycandan sonra Erm\u0259nistana s\u0259f\u0259r ed\u0259c\u0259yini bildirib: &#8220;\u00dcmid edir\u0259m ki, Erm\u0259nistan r\u0259smil\u0259ri il\u0259 g\u00f6r\u00fc\u015fl\u0259r ke\u00e7ir\u0259r\u0259k Yerevan t\u0259r\u0259finin d\u0259 Da\u011fl\u0131q Qaraba\u011f m\u00fcnaqi\u015f\u0259sinin h\u0259llin\u0259 dair bax\u0131\u015flar\u0131 il\u0259 tan\u0131\u015f olaca\u011fam. AB\u015e AT\u018fT-in Minsk qrupunun h\u0259ms\u0259drl\u0259rind\u0259n biridir v\u0259 bu istiqam\u0259td\u0259 f\u0259aliyy\u0259t g\u00f6st\u0259r\u0259r\u0259k m\u00fcnaqi\u015f\u0259nin dinc yolla h\u0259llinin tap\u0131lmas\u0131 istiqam\u0259tind\u0259 sadiqliyimizi n\u00fcmayi\u015f etdirm\u0259y\u0259 davam ed\u0259c\u0259yik&#8221;.<\/p>\n","protected":false},"excerpt":{"rendered":"<p>AB\u015e Da\u011fl\u0131q Qaraba\u011f m\u00fcnaqi\u015f\u0259sinin dinc yolla h\u0259llinin tap\u0131lmas\u0131na sadiq qalacaq. ARANTV.AZ trend-\u0259 istinad\u0259n x\u0259b\u0259r verir ki, bunu Bak\u0131da s\u0259f\u0259rd\u0259 olan AB\u015e Prezidentinin milli t\u0259hl\u00fck\u0259sizlik m\u0259s\u0259l\u0259l\u0259ri \u00fczr\u0259 m\u00fc\u015faviri Con Bolton m\u0259tbuat konfrans\u0131nda deyib. C.Bolton qeyd edib ki, Da\u011fl\u0131q Qaraba\u011f m\u00fcnaqi\u015f\u0259sinin nizamlanmas\u0131 regionda s\u00fclh\u00fcn b\u0259rq\u0259rar olmas\u0131na, eyni zamanda beyn\u0259lxalq m\u00fcst\u0259vid\u0259 d\u0259 \u00f6z t\u0259sirini g\u00f6st\u0259r\u0259 bil\u0259r: &#8220;Y\u0259ni Da\u011fl\u0131q Qaraba\u011f m\u00fcnaqi\u015f\u0259sinin h\u0259lli strateji n\u00f6qteyi-n\u0259z\u0259rd\u0259n bizim \u00fc\u00e7\u00fcn d\u0259 m\u00fch\u00fcm \u0259h\u0259miyy\u0259t k\u0259sb edir&#8221;. M\u00fc\u015favir Az\u0259rbaycandan sonra Erm\u0259nistana s\u0259f\u0259r ed\u0259c\u0259yini bildirib: &#8220;\u00dcmid edir\u0259m ki, Erm\u0259nistan r\u0259smil\u0259ri il\u0259 g\u00f6r\u00fc\u015fl\u0259r ke\u00e7ir\u0259r\u0259k Yerevan t\u0259r\u0259finin d\u0259 Da\u011fl\u0131q Qaraba\u011f m\u00fcnaqi\u015f\u0259sinin h\u0259llin\u0259 dair&hellip;<\/p>\n","protected":false},"author":2,"featured_media":21077,"comment_status":"closed","ping_status":"closed","sticky":false,"template":"","format":"standard","meta":{"om_disable_all_campaigns":false,"_monsterinsights_skip_tracking":false,"_monsterinsights_sitenote_active":false,"_monsterinsights_sitenote_note":"","_monsterinsights_sitenote_category":0},"categories":[4],"tags":[],"aioseo_notices":[],"gutentor_comment":0,"rttpg_featured_image_url":{"full":["https:\/\/arantv.az\/wp-content\/uploads\/2018\/10\/697518.jpg",800,600,false],"landscape":["https:\/\/arantv.az\/wp-content\/uploads\/2018\/10\/697518.jpg",800,600,false],"portraits":["https:\/\/arantv.az\/wp-content\/uploads\/2018\/10\/697518.jpg",800,600,false],"thumbnail":["https:\/\/arantv.az\/wp-content\/uploads\/2018\/10\/697518-150x150.jpg",150,150,true],"medium":["https:\/\/arantv.az\/wp-content\/uploads\/2018\/10\/697518-300x225.jpg",300,225,true],"large":["https:\/\/arantv.az\/wp-content\/uploads\/2018\/10\/697518.jpg",640,480,false],"1536x1536":["https:\/\/arantv.az\/wp-content\/uploads\/2018\/10\/697518.jpg",800,600,false],"2048x2048":["https:\/\/arantv.az\/wp-content\/uploads\/2018\/10\/697518.jpg",800,600,false],"post-thumbnail":["https:\/\/arantv.az\/wp-content\/uploads\/2018\/10\/697518-240x172.jpg",240,172,true],"advps-thumb-one":["https:\/\/arantv.az\/wp-content\/uploads\/2018\/10\/697518.jpg",800,600,false]},"rttpg_author":{"display_name":"V\u00fcsal Rafiqo\u011flu","author_link":"https:\/\/arantv.az\/?author=2"},"rttpg_comment":0,"rttpg_category":"<a href=\"https:\/\/arantv.az\/?cat=4\" rel=\"category\">Siyas\u0259t<\/a>","rttpg_excerpt":"AB\u015e Da\u011fl\u0131q Qaraba\u011f m\u00fcnaqi\u015f\u0259sinin dinc yolla h\u0259llinin tap\u0131lmas\u0131na sadiq qalacaq. ARANTV.AZ trend-\u0259 istinad\u0259n x\u0259b\u0259r verir ki, bunu Bak\u0131da s\u0259f\u0259rd\u0259 olan AB\u015e Prezidentinin milli t\u0259hl\u00fck\u0259sizlik m\u0259s\u0259l\u0259l\u0259ri \u00fczr\u0259 m\u00fc\u015faviri Con Bolton m\u0259tbuat konfrans\u0131nda deyib. C.Bolton qeyd edib ki, Da\u011fl\u0131q Qaraba\u011f m\u00fcnaqi\u015f\u0259sinin nizamlanmas\u0131 regionda s\u00fclh\u00fcn b\u0259rq\u0259rar olmas\u0131na, eyni zamanda beyn\u0259lxalq m\u00fcst\u0259vid\u0259 d\u0259 \u00f6z t\u0259sirini g\u00f6st\u0259r\u0259 bil\u0259r: &#8220;Y\u0259ni Da\u011fl\u0131q&hellip;","_links":{"self":[{"href":"https:\/\/arantv.az\/index.php?rest_route=\/wp\/v2\/posts\/21076"}],"collection":[{"href":"https:\/\/arantv.az\/index.php?rest_route=\/wp\/v2\/posts"}],"about":[{"href":"https:\/\/arantv.az\/index.php?rest_route=\/wp\/v2\/types\/post"}],"author":[{"embeddable":true,"href":"https:\/\/arantv.az\/index.php?rest_route=\/wp\/v2\/users\/2"}],"replies":[{"embeddable":true,"href":"https:\/\/arantv.az\/index.php?rest_route=%2Fwp%2Fv2%2Fcomments&post=21076"}],"version-history":[{"count":0,"href":"https:\/\/arantv.az\/index.php?rest_route=\/wp\/v2\/posts\/21076\/revisions"}],"wp:featuredmedia":[{"embeddable":true,"href":"https:\/\/arantv.az\/index.php?rest_route=\/wp\/v2\/media\/21077"}],"wp:attachment":[{"href":"https:\/\/arantv.az\/index.php?rest_route=%2Fwp%2Fv2%2Fmedia&parent=21076"}],"wp:term":[{"taxonomy":"category","embeddable":true,"href":"https:\/\/arantv.az\/index.php?rest_route=%2Fwp%2Fv2%2Fcategories&post=21076"},{"taxonomy":"post_tag","embeddable":true,"href":"https:\/\/arantv.az\/index.php?rest_route=%2Fwp%2Fv2%2Ftags&post=21076"}],"curies":[{"name":"wp","href":"https:\/\/api.w.org\/{rel}","templated":true}]}}