{"id":21101,"date":"2018-10-25T08:31:14","date_gmt":"2018-10-25T05:31:14","guid":{"rendered":"http:\/\/arantv.az\/?p=21101"},"modified":"2018-10-25T08:31:14","modified_gmt":"2018-10-25T05:31:14","slug":"g%c9%99nc%c9%99d%c9%99-orta-yasli-kisi-bicaqlanib","status":"publish","type":"post","link":"https:\/\/arantv.az\/?p=21101","title":{"rendered":"G\u0259nc\u0259d\u0259 orta ya\u015fl\u0131 ki\u015fi b\u0131\u00e7aqlan\u0131b"},"content":{"rendered":"<p>G\u0259nc\u0259 \u015f\u0259h\u0259rind\u0259 yerli sakin b\u0131\u00e7aqlan\u0131b.<\/p>\n<p><strong>ARANTV.AZ<\/strong> report-a istinad\u0259n bildirir ki,\u00a01986-c\u0131 il t\u0259v\u0259ll\u00fcdl\u00fc G\u0259nc\u0259 \u015f\u0259h\u0259r sakini Ad\u0131g\u00f6z\u0259lov El\u00e7in F\u0259xr\u0259ddin o\u011flu d\u00f6\u015f q\u0259f\u0259sinin k\u0259silmi\u015f-de\u015filmi\u015f yaras\u0131 x\u0259sar\u0259ti il\u0259 x\u0259st\u0259xanaya yerl\u0259\u015fdirilib.<\/p>\n<p>C\u0259rrahiyy\u0259 \u0259m\u0259liyyat\u0131 olunan E.Ad\u0131g\u00f6z\u0259lovun v\u0259ziyy\u0259tinin orta-a\u011f\u0131r oldu\u011fu bildirilir. Onun kim t\u0259r\u0259find\u0259n v\u0259 hans\u0131 \u015f\u0259raitd\u0259 b\u0131\u00e7aqland\u0131\u011f\u0131 h\u0259l\u0259 ki, m\u0259lum deyil.<\/p>\n<p>Faktla ba\u011fl\u0131 ara\u015fd\u0131rma apar\u0131l\u0131r.<\/p>\n","protected":false},"excerpt":{"rendered":"<p>G\u0259nc\u0259 \u015f\u0259h\u0259rind\u0259 yerli sakin b\u0131\u00e7aqlan\u0131b. ARANTV.AZ report-a istinad\u0259n bildirir ki,\u00a01986-c\u0131 il t\u0259v\u0259ll\u00fcdl\u00fc G\u0259nc\u0259 \u015f\u0259h\u0259r sakini Ad\u0131g\u00f6z\u0259lov El\u00e7in F\u0259xr\u0259ddin o\u011flu d\u00f6\u015f q\u0259f\u0259sinin k\u0259silmi\u015f-de\u015filmi\u015f yaras\u0131 x\u0259sar\u0259ti il\u0259 x\u0259st\u0259xanaya yerl\u0259\u015fdirilib. C\u0259rrahiyy\u0259 \u0259m\u0259liyyat\u0131 olunan E.Ad\u0131g\u00f6z\u0259lovun v\u0259ziyy\u0259tinin orta-a\u011f\u0131r oldu\u011fu bildirilir. Onun kim t\u0259r\u0259find\u0259n v\u0259 hans\u0131 \u015f\u0259raitd\u0259 b\u0131\u00e7aqland\u0131\u011f\u0131 h\u0259l\u0259 ki, m\u0259lum deyil. Faktla ba\u011fl\u0131 ara\u015fd\u0131rma apar\u0131l\u0131r.<\/p>\n","protected":false},"author":2,"featured_media":21102,"comment_status":"closed","ping_status":"closed","sticky":false,"template":"","format":"standard","meta":{"om_disable_all_campaigns":false,"_monsterinsights_skip_tracking":false,"_monsterinsights_sitenote_active":false,"_monsterinsights_sitenote_note":"","_monsterinsights_sitenote_category":0},"categories":[3],"tags":[],"aioseo_notices":[],"gutentor_comment":0,"rttpg_featured_image_url":{"full":["https:\/\/arantv.az\/wp-content\/uploads\/2018\/10\/bicaq_1.jpg",800,600,false],"landscape":["https:\/\/arantv.az\/wp-content\/uploads\/2018\/10\/bicaq_1.jpg",800,600,false],"portraits":["https:\/\/arantv.az\/wp-content\/uploads\/2018\/10\/bicaq_1.jpg",800,600,false],"thumbnail":["https:\/\/arantv.az\/wp-content\/uploads\/2018\/10\/bicaq_1-150x150.jpg",150,150,true],"medium":["https:\/\/arantv.az\/wp-content\/uploads\/2018\/10\/bicaq_1-300x225.jpg",300,225,true],"large":["https:\/\/arantv.az\/wp-content\/uploads\/2018\/10\/bicaq_1.jpg",640,480,false],"1536x1536":["https:\/\/arantv.az\/wp-content\/uploads\/2018\/10\/bicaq_1.jpg",800,600,false],"2048x2048":["https:\/\/arantv.az\/wp-content\/uploads\/2018\/10\/bicaq_1.jpg",800,600,false],"post-thumbnail":["https:\/\/arantv.az\/wp-content\/uploads\/2018\/10\/bicaq_1-240x172.jpg",240,172,true],"advps-thumb-one":["https:\/\/arantv.az\/wp-content\/uploads\/2018\/10\/bicaq_1.jpg",800,600,false]},"rttpg_author":{"display_name":"V\u00fcsal Rafiqo\u011flu","author_link":"https:\/\/arantv.az\/?author=2"},"rttpg_comment":0,"rttpg_category":"<a href=\"https:\/\/arantv.az\/?cat=3\" rel=\"category\">Kriminal<\/a>","rttpg_excerpt":"G\u0259nc\u0259 \u015f\u0259h\u0259rind\u0259 yerli sakin b\u0131\u00e7aqlan\u0131b. ARANTV.AZ report-a istinad\u0259n bildirir ki,\u00a01986-c\u0131 il t\u0259v\u0259ll\u00fcdl\u00fc G\u0259nc\u0259 \u015f\u0259h\u0259r sakini Ad\u0131g\u00f6z\u0259lov El\u00e7in F\u0259xr\u0259ddin o\u011flu d\u00f6\u015f q\u0259f\u0259sinin k\u0259silmi\u015f-de\u015filmi\u015f yaras\u0131 x\u0259sar\u0259ti il\u0259 x\u0259st\u0259xanaya yerl\u0259\u015fdirilib. C\u0259rrahiyy\u0259 \u0259m\u0259liyyat\u0131 olunan E.Ad\u0131g\u00f6z\u0259lovun v\u0259ziyy\u0259tinin orta-a\u011f\u0131r oldu\u011fu bildirilir. Onun kim t\u0259r\u0259find\u0259n v\u0259 hans\u0131 \u015f\u0259raitd\u0259 b\u0131\u00e7aqland\u0131\u011f\u0131 h\u0259l\u0259 ki, m\u0259lum deyil. Faktla ba\u011fl\u0131 ara\u015fd\u0131rma apar\u0131l\u0131r.","_links":{"self":[{"href":"https:\/\/arantv.az\/index.php?rest_route=\/wp\/v2\/posts\/21101"}],"collection":[{"href":"https:\/\/arantv.az\/index.php?rest_route=\/wp\/v2\/posts"}],"about":[{"href":"https:\/\/arantv.az\/index.php?rest_route=\/wp\/v2\/types\/post"}],"author":[{"embeddable":true,"href":"https:\/\/arantv.az\/index.php?rest_route=\/wp\/v2\/users\/2"}],"replies":[{"embeddable":true,"href":"https:\/\/arantv.az\/index.php?rest_route=%2Fwp%2Fv2%2Fcomments&post=21101"}],"version-history":[{"count":0,"href":"https:\/\/arantv.az\/index.php?rest_route=\/wp\/v2\/posts\/21101\/revisions"}],"wp:featuredmedia":[{"embeddable":true,"href":"https:\/\/arantv.az\/index.php?rest_route=\/wp\/v2\/media\/21102"}],"wp:attachment":[{"href":"https:\/\/arantv.az\/index.php?rest_route=%2Fwp%2Fv2%2Fmedia&parent=21101"}],"wp:term":[{"taxonomy":"category","embeddable":true,"href":"https:\/\/arantv.az\/index.php?rest_route=%2Fwp%2Fv2%2Fcategories&post=21101"},{"taxonomy":"post_tag","embeddable":true,"href":"https:\/\/arantv.az\/index.php?rest_route=%2Fwp%2Fv2%2Ftags&post=21101"}],"curies":[{"name":"wp","href":"https:\/\/api.w.org\/{rel}","templated":true}]}}