{"id":21104,"date":"2018-10-25T08:33:02","date_gmt":"2018-10-25T05:33:02","guid":{"rendered":"http:\/\/arantv.az\/?p=21104"},"modified":"2018-10-25T08:33:02","modified_gmt":"2018-10-25T05:33:02","slug":"istanbulda-d%c9%99hs%c9%99tli-yangin-sur%c9%99tl%c9%99-yayilir-partlayislar","status":"publish","type":"post","link":"https:\/\/arantv.az\/?p=21104","title":{"rendered":"\u0130stanbulda d\u0259h\u015f\u0259tli yan\u011f\u0131n s\u00fcr\u0259tl\u0259 yay\u0131l\u0131r: partlay\u0131\u015flar&#8230;"},"content":{"rendered":"<p><strong>\u0130stanbul \u015f\u0259h\u0259rinin \u018fs\u0259nyurd b\u00f6lg\u0259sind\u0259 fabrikl\u0259rd\u0259n birind\u0259 g\u00fccl\u00fc yan\u011f\u0131n ba\u015f verib.<\/strong><\/p>\n<p><strong>ARANTV.AZ<\/strong> x\u0259b\u0259r verir ki, T\u00fcrkiy\u0259 medias\u0131 g\u00fccl\u00fc g\u00fcl\u0259k v\u0259 fabrikd\u0259 istehsal olunan m\u0259hsullar\u0131n tezal\u0131\u015fan olmas\u0131 s\u0259b\u0259bind\u0259n yan\u011f\u0131n\u0131n daha da g\u00fccl\u0259ndiyini yaz\u0131b. N\u0259tic\u0259d\u0259 yan\u011f\u0131n yax\u0131nl\u0131qdak\u0131 al\u00fcminium v\u0259 tekstil istehsal ed\u0259n fabrikl\u0259r\u0259 d\u0259 ke\u00e7ib.<\/p>\n<p>Yanan b\u00f6lg\u0259d\u0259 partlay\u0131\u015flar ba\u015f verdiyi qeyd olunur.<\/p>\n<p>\u018fraziy\u0259 \u00e7ox sayda yan\u011f\u0131ns\u00f6nd\u00fcrm\u0259 briqadalar\u0131 c\u0259lb olunub.<\/p>\n<p>axar.az<\/p>\n","protected":false},"excerpt":{"rendered":"<p>\u0130stanbul \u015f\u0259h\u0259rinin \u018fs\u0259nyurd b\u00f6lg\u0259sind\u0259 fabrikl\u0259rd\u0259n birind\u0259 g\u00fccl\u00fc yan\u011f\u0131n ba\u015f verib. ARANTV.AZ x\u0259b\u0259r verir ki, T\u00fcrkiy\u0259 medias\u0131 g\u00fccl\u00fc g\u00fcl\u0259k v\u0259 fabrikd\u0259 istehsal olunan m\u0259hsullar\u0131n tezal\u0131\u015fan olmas\u0131 s\u0259b\u0259bind\u0259n yan\u011f\u0131n\u0131n daha da g\u00fccl\u0259ndiyini yaz\u0131b. N\u0259tic\u0259d\u0259 yan\u011f\u0131n yax\u0131nl\u0131qdak\u0131 al\u00fcminium v\u0259 tekstil istehsal ed\u0259n fabrikl\u0259r\u0259 d\u0259 ke\u00e7ib. Yanan b\u00f6lg\u0259d\u0259 partlay\u0131\u015flar ba\u015f verdiyi qeyd olunur. \u018fraziy\u0259 \u00e7ox sayda yan\u011f\u0131ns\u00f6nd\u00fcrm\u0259 briqadalar\u0131 c\u0259lb olunub. axar.az<\/p>\n","protected":false},"author":2,"featured_media":21105,"comment_status":"closed","ping_status":"closed","sticky":false,"template":"","format":"standard","meta":{"om_disable_all_campaigns":false,"_monsterinsights_skip_tracking":false,"_monsterinsights_sitenote_active":false,"_monsterinsights_sitenote_note":"","_monsterinsights_sitenote_category":0},"categories":[7],"tags":[],"aioseo_notices":[],"gutentor_comment":0,"rttpg_featured_image_url":{"full":["https:\/\/arantv.az\/wp-content\/uploads\/2018\/10\/istanbul-yangin.jpg",600,338,false],"landscape":["https:\/\/arantv.az\/wp-content\/uploads\/2018\/10\/istanbul-yangin.jpg",600,338,false],"portraits":["https:\/\/arantv.az\/wp-content\/uploads\/2018\/10\/istanbul-yangin.jpg",600,338,false],"thumbnail":["https:\/\/arantv.az\/wp-content\/uploads\/2018\/10\/istanbul-yangin-150x150.jpg",150,150,true],"medium":["https:\/\/arantv.az\/wp-content\/uploads\/2018\/10\/istanbul-yangin-300x169.jpg",300,169,true],"large":["https:\/\/arantv.az\/wp-content\/uploads\/2018\/10\/istanbul-yangin.jpg",600,338,false],"1536x1536":["https:\/\/arantv.az\/wp-content\/uploads\/2018\/10\/istanbul-yangin.jpg",600,338,false],"2048x2048":["https:\/\/arantv.az\/wp-content\/uploads\/2018\/10\/istanbul-yangin.jpg",600,338,false],"post-thumbnail":["https:\/\/arantv.az\/wp-content\/uploads\/2018\/10\/istanbul-yangin-240x172.jpg",240,172,true],"advps-thumb-one":["https:\/\/arantv.az\/wp-content\/uploads\/2018\/10\/istanbul-yangin.jpg",600,338,false]},"rttpg_author":{"display_name":"V\u00fcsal Rafiqo\u011flu","author_link":"https:\/\/arantv.az\/?author=2"},"rttpg_comment":0,"rttpg_category":"<a href=\"https:\/\/arantv.az\/?cat=7\" rel=\"category\">D\u00fcnya<\/a>","rttpg_excerpt":"\u0130stanbul \u015f\u0259h\u0259rinin \u018fs\u0259nyurd b\u00f6lg\u0259sind\u0259 fabrikl\u0259rd\u0259n birind\u0259 g\u00fccl\u00fc yan\u011f\u0131n ba\u015f verib. ARANTV.AZ x\u0259b\u0259r verir ki, T\u00fcrkiy\u0259 medias\u0131 g\u00fccl\u00fc g\u00fcl\u0259k v\u0259 fabrikd\u0259 istehsal olunan m\u0259hsullar\u0131n tezal\u0131\u015fan olmas\u0131 s\u0259b\u0259bind\u0259n yan\u011f\u0131n\u0131n daha da g\u00fccl\u0259ndiyini yaz\u0131b. N\u0259tic\u0259d\u0259 yan\u011f\u0131n yax\u0131nl\u0131qdak\u0131 al\u00fcminium v\u0259 tekstil istehsal ed\u0259n fabrikl\u0259r\u0259 d\u0259 ke\u00e7ib. Yanan b\u00f6lg\u0259d\u0259 partlay\u0131\u015flar ba\u015f verdiyi qeyd olunur. \u018fraziy\u0259 \u00e7ox sayda yan\u011f\u0131ns\u00f6nd\u00fcrm\u0259 briqadalar\u0131 c\u0259lb&hellip;","_links":{"self":[{"href":"https:\/\/arantv.az\/index.php?rest_route=\/wp\/v2\/posts\/21104"}],"collection":[{"href":"https:\/\/arantv.az\/index.php?rest_route=\/wp\/v2\/posts"}],"about":[{"href":"https:\/\/arantv.az\/index.php?rest_route=\/wp\/v2\/types\/post"}],"author":[{"embeddable":true,"href":"https:\/\/arantv.az\/index.php?rest_route=\/wp\/v2\/users\/2"}],"replies":[{"embeddable":true,"href":"https:\/\/arantv.az\/index.php?rest_route=%2Fwp%2Fv2%2Fcomments&post=21104"}],"version-history":[{"count":0,"href":"https:\/\/arantv.az\/index.php?rest_route=\/wp\/v2\/posts\/21104\/revisions"}],"wp:featuredmedia":[{"embeddable":true,"href":"https:\/\/arantv.az\/index.php?rest_route=\/wp\/v2\/media\/21105"}],"wp:attachment":[{"href":"https:\/\/arantv.az\/index.php?rest_route=%2Fwp%2Fv2%2Fmedia&parent=21104"}],"wp:term":[{"taxonomy":"category","embeddable":true,"href":"https:\/\/arantv.az\/index.php?rest_route=%2Fwp%2Fv2%2Fcategories&post=21104"},{"taxonomy":"post_tag","embeddable":true,"href":"https:\/\/arantv.az\/index.php?rest_route=%2Fwp%2Fv2%2Ftags&post=21104"}],"curies":[{"name":"wp","href":"https:\/\/api.w.org\/{rel}","templated":true}]}}