{"id":21110,"date":"2018-10-25T08:37:17","date_gmt":"2018-10-25T05:37:17","guid":{"rendered":"http:\/\/arantv.az\/?p=21110"},"modified":"2018-10-25T08:37:17","modified_gmt":"2018-10-25T05:37:17","slug":"aib-g%c9%99l%c9%99n-il-az%c9%99rbaycanda-umumi-daxili-m%c9%99hsulunun-artimi-2-faiz-proqnozlasdirilir","status":"publish","type":"post","link":"https:\/\/arantv.az\/?p=21110","title":{"rendered":"A\u0130B: G\u0259l\u0259n il Az\u0259rbaycanda \u00fcmumi daxili m\u0259hsulunun art\u0131m\u0131 2 faiz proqnozla\u015fd\u0131r\u0131l\u0131r"},"content":{"rendered":"<p><strong>ARANTV.AZ<\/strong> x\u0259b\u0259r verir ki, Asiya \u0130nki\u015faf Bank\u0131 (A\u0130B) g\u0259l\u0259n il Az\u0259rbaycanda \u00fcmumi daxili m\u0259hsulun art\u0131m\u0131n\u0131 2 faiz s\u0259viyy\u0259sind\u0259 proqnozla\u015fd\u0131r\u0131r. Bu il \u00fcmumi daxili m\u0259hsulun art\u0131m\u0131 1,7 faiz s\u0259viyy\u0259sind\u0259 olub.<\/p>\n<p>Bu bar\u0259d\u0259 Asiya \u0130nki\u015faf Bank\u0131n\u0131n vitse-prezidenti Ven\u00e7ay Janq Bak\u0131da ke\u00e7irdiyi m\u0259tbuat konfrans\u0131nda deyib.<\/p>\n<p>A\u0130B-in vitse-prezidenti qeyd edib ki, struktur islahatlar\u0131, \u00f6z\u0259l sektorun inki\u015faf\u0131, investisiyalar\u0131n yat\u0131r\u0131lmas\u0131 \u00f6lk\u0259d\u0259 art\u0131m \u00fc\u00e7\u00fcn daha b\u00f6y\u00fck z\u0259min yaradacaq.<\/p>\n","protected":false},"excerpt":{"rendered":"<p>ARANTV.AZ x\u0259b\u0259r verir ki, Asiya \u0130nki\u015faf Bank\u0131 (A\u0130B) g\u0259l\u0259n il Az\u0259rbaycanda \u00fcmumi daxili m\u0259hsulun art\u0131m\u0131n\u0131 2 faiz s\u0259viyy\u0259sind\u0259 proqnozla\u015fd\u0131r\u0131r. Bu il \u00fcmumi daxili m\u0259hsulun art\u0131m\u0131 1,7 faiz s\u0259viyy\u0259sind\u0259 olub. Bu bar\u0259d\u0259 Asiya \u0130nki\u015faf Bank\u0131n\u0131n vitse-prezidenti Ven\u00e7ay Janq Bak\u0131da ke\u00e7irdiyi m\u0259tbuat konfrans\u0131nda deyib. A\u0130B-in vitse-prezidenti qeyd edib ki, struktur islahatlar\u0131, \u00f6z\u0259l sektorun inki\u015faf\u0131, investisiyalar\u0131n yat\u0131r\u0131lmas\u0131 \u00f6lk\u0259d\u0259 art\u0131m \u00fc\u00e7\u00fcn daha b\u00f6y\u00fck z\u0259min yaradacaq.<\/p>\n","protected":false},"author":2,"featured_media":21111,"comment_status":"closed","ping_status":"closed","sticky":false,"template":"","format":"standard","meta":{"om_disable_all_campaigns":false,"_monsterinsights_skip_tracking":false,"_monsterinsights_sitenote_active":false,"_monsterinsights_sitenote_note":"","_monsterinsights_sitenote_category":0},"categories":[19],"tags":[],"aioseo_notices":[],"gutentor_comment":0,"rttpg_featured_image_url":{"full":["https:\/\/arantv.az\/wp-content\/uploads\/2018\/10\/e5jvlb7q1g59vs0ojhkfi31q43yong.jpg",1000,630,false],"landscape":["https:\/\/arantv.az\/wp-content\/uploads\/2018\/10\/e5jvlb7q1g59vs0ojhkfi31q43yong.jpg",1000,630,false],"portraits":["https:\/\/arantv.az\/wp-content\/uploads\/2018\/10\/e5jvlb7q1g59vs0ojhkfi31q43yong.jpg",1000,630,false],"thumbnail":["https:\/\/arantv.az\/wp-content\/uploads\/2018\/10\/e5jvlb7q1g59vs0ojhkfi31q43yong-150x150.jpg",150,150,true],"medium":["https:\/\/arantv.az\/wp-content\/uploads\/2018\/10\/e5jvlb7q1g59vs0ojhkfi31q43yong-300x189.jpg",300,189,true],"large":["https:\/\/arantv.az\/wp-content\/uploads\/2018\/10\/e5jvlb7q1g59vs0ojhkfi31q43yong.jpg",640,403,false],"1536x1536":["https:\/\/arantv.az\/wp-content\/uploads\/2018\/10\/e5jvlb7q1g59vs0ojhkfi31q43yong.jpg",1000,630,false],"2048x2048":["https:\/\/arantv.az\/wp-content\/uploads\/2018\/10\/e5jvlb7q1g59vs0ojhkfi31q43yong.jpg",1000,630,false],"post-thumbnail":["https:\/\/arantv.az\/wp-content\/uploads\/2018\/10\/e5jvlb7q1g59vs0ojhkfi31q43yong-240x172.jpg",240,172,true],"advps-thumb-one":["https:\/\/arantv.az\/wp-content\/uploads\/2018\/10\/e5jvlb7q1g59vs0ojhkfi31q43yong-1000x620.jpg",1000,620,true]},"rttpg_author":{"display_name":"V\u00fcsal Rafiqo\u011flu","author_link":"https:\/\/arantv.az\/?author=2"},"rttpg_comment":0,"rttpg_category":"<a href=\"https:\/\/arantv.az\/?cat=19\" rel=\"category\">G\u00fcnd\u0259m<\/a>","rttpg_excerpt":"ARANTV.AZ x\u0259b\u0259r verir ki, Asiya \u0130nki\u015faf Bank\u0131 (A\u0130B) g\u0259l\u0259n il Az\u0259rbaycanda \u00fcmumi daxili m\u0259hsulun art\u0131m\u0131n\u0131 2 faiz s\u0259viyy\u0259sind\u0259 proqnozla\u015fd\u0131r\u0131r. Bu il \u00fcmumi daxili m\u0259hsulun art\u0131m\u0131 1,7 faiz s\u0259viyy\u0259sind\u0259 olub. Bu bar\u0259d\u0259 Asiya \u0130nki\u015faf Bank\u0131n\u0131n vitse-prezidenti Ven\u00e7ay Janq Bak\u0131da ke\u00e7irdiyi m\u0259tbuat konfrans\u0131nda deyib. A\u0130B-in vitse-prezidenti qeyd edib ki, struktur islahatlar\u0131, \u00f6z\u0259l sektorun inki\u015faf\u0131, investisiyalar\u0131n yat\u0131r\u0131lmas\u0131 \u00f6lk\u0259d\u0259&hellip;","_links":{"self":[{"href":"https:\/\/arantv.az\/index.php?rest_route=\/wp\/v2\/posts\/21110"}],"collection":[{"href":"https:\/\/arantv.az\/index.php?rest_route=\/wp\/v2\/posts"}],"about":[{"href":"https:\/\/arantv.az\/index.php?rest_route=\/wp\/v2\/types\/post"}],"author":[{"embeddable":true,"href":"https:\/\/arantv.az\/index.php?rest_route=\/wp\/v2\/users\/2"}],"replies":[{"embeddable":true,"href":"https:\/\/arantv.az\/index.php?rest_route=%2Fwp%2Fv2%2Fcomments&post=21110"}],"version-history":[{"count":0,"href":"https:\/\/arantv.az\/index.php?rest_route=\/wp\/v2\/posts\/21110\/revisions"}],"wp:featuredmedia":[{"embeddable":true,"href":"https:\/\/arantv.az\/index.php?rest_route=\/wp\/v2\/media\/21111"}],"wp:attachment":[{"href":"https:\/\/arantv.az\/index.php?rest_route=%2Fwp%2Fv2%2Fmedia&parent=21110"}],"wp:term":[{"taxonomy":"category","embeddable":true,"href":"https:\/\/arantv.az\/index.php?rest_route=%2Fwp%2Fv2%2Fcategories&post=21110"},{"taxonomy":"post_tag","embeddable":true,"href":"https:\/\/arantv.az\/index.php?rest_route=%2Fwp%2Fv2%2Ftags&post=21110"}],"curies":[{"name":"wp","href":"https:\/\/api.w.org\/{rel}","templated":true}]}}