{"id":21117,"date":"2018-10-25T08:39:10","date_gmt":"2018-10-25T05:39:10","guid":{"rendered":"http:\/\/arantv.az\/?p=21117"},"modified":"2018-10-25T08:39:10","modified_gmt":"2018-10-25T05:39:10","slug":"con-bolton-abs-dagliq-qarabag-munaqis%c9%99sinin-h%c9%99lli-istiqam%c9%99tind%c9%99-s%c9%99yl%c9%99rini-bundan-sonra-da-davam-etdir%c9%99c%c9%99k","status":"publish","type":"post","link":"https:\/\/arantv.az\/?p=21117","title":{"rendered":"Con Bolton: AB\u015e Da\u011fl\u0131q Qaraba\u011f m\u00fcnaqi\u015f\u0259sinin h\u0259lli istiqam\u0259tind\u0259 s\u0259yl\u0259rini bundan sonra da davam etdir\u0259c\u0259k"},"content":{"rendered":"<p><strong>ARANTV.AZ<\/strong> x\u0259b\u0259r verir ki, oktyabr\u0131n 24-d\u0259 AB\u015e Prezidentinin milli t\u0259hl\u00fck\u0259sizlik m\u0259s\u0259l\u0259l\u0259ri \u00fczr\u0259 m\u00fc\u015faviri Con Bolton Az\u0259rbaycana s\u0259f\u0259rinin n\u0259tic\u0259l\u0259ri il\u0259 ba\u011fl\u0131 m\u0259tbuat konfrans\u0131 ke\u00e7irib.<\/p>\n<p>Az\u0259rbaycan Prezidenti il\u0259 g\u00f6r\u00fc\u015f\u00fcnd\u0259n m\u0259mnunlu\u011funu ifad\u0259 ed\u0259n Con Bolton d\u00f6vl\u0259t ba\u015f\u00e7\u0131s\u0131 il\u0259 AB\u015e-Az\u0259rbaycan \u0259m\u0259kda\u015fl\u0131q \u0259laq\u0259l\u0259rinin m\u00fcxt\u0259lif aspektl\u0259ri, d\u00fcnya enerji bazar\u0131nda Az\u0259rbaycan\u0131n rolu, terrorizm\u0259, insan alverin\u0259, narkotikl\u0259rin qeyri-qanuni d\u00f6vriyy\u0259sin\u0259 qar\u015f\u0131 m\u00fcbariz\u0259, insan haqlar\u0131, habel\u0259 regionda c\u0259r\u0259yan ed\u0259n siyasi v\u0259 iqtisadi prosesl\u0259r, region \u00f6lk\u0259l\u0259ri il\u0259 m\u00fcnasib\u0259tl\u0259r v\u0259 dig\u0259r m\u0259s\u0259l\u0259l\u0259rin m\u00fczakir\u0259 olundu\u011funu bildirib.<\/p>\n<p>Erm\u0259nistan-Az\u0259rbaycan Da\u011fl\u0131q Qaraba\u011f m\u00fcnaqi\u015f\u0259sin\u0259 x\u00fcsusi diqq\u0259t ayr\u0131ld\u0131\u011f\u0131n\u0131 diqq\u0259t\u0259 \u00e7atd\u0131ran AB\u015e r\u0259smisi qeyd edib ki, bu problemin h\u0259lli Birl\u0259\u015fmi\u015f \u015etatlar \u00fc\u00e7\u00fcn d\u0259 m\u00fch\u00fcm \u0259h\u0259miyy\u0259t k\u0259sb edir. Qar\u015f\u0131dak\u0131 d\u00f6vrd\u0259 Erm\u0259nistana s\u0259f\u0259r ed\u0259c\u0259yini, m\u0259s\u0259l\u0259 il\u0259 ba\u011fl\u0131 r\u0259smi Yerevan\u0131n da m\u00f6vqeyi il\u0259 tan\u0131\u015f olaca\u011f\u0131n\u0131 vur\u011fulayan Con Bolton \u0259lav\u0259 edib ki, AT\u018fT-in Minsk Qrupunun h\u0259ms\u0259dri kimi AB\u015e bundan sonrak\u0131 d\u00f6vrd\u0259 d\u0259 m\u00fcnaqi\u015f\u0259nin h\u0259lli istiqam\u0259tind\u0259 s\u0259yl\u0259rini davam etdir\u0259c\u0259k.<\/p>\n","protected":false},"excerpt":{"rendered":"<p>ARANTV.AZ x\u0259b\u0259r verir ki, oktyabr\u0131n 24-d\u0259 AB\u015e Prezidentinin milli t\u0259hl\u00fck\u0259sizlik m\u0259s\u0259l\u0259l\u0259ri \u00fczr\u0259 m\u00fc\u015faviri Con Bolton Az\u0259rbaycana s\u0259f\u0259rinin n\u0259tic\u0259l\u0259ri il\u0259 ba\u011fl\u0131 m\u0259tbuat konfrans\u0131 ke\u00e7irib. Az\u0259rbaycan Prezidenti il\u0259 g\u00f6r\u00fc\u015f\u00fcnd\u0259n m\u0259mnunlu\u011funu ifad\u0259 ed\u0259n Con Bolton d\u00f6vl\u0259t ba\u015f\u00e7\u0131s\u0131 il\u0259 AB\u015e-Az\u0259rbaycan \u0259m\u0259kda\u015fl\u0131q \u0259laq\u0259l\u0259rinin m\u00fcxt\u0259lif aspektl\u0259ri, d\u00fcnya enerji bazar\u0131nda Az\u0259rbaycan\u0131n rolu, terrorizm\u0259, insan alverin\u0259, narkotikl\u0259rin qeyri-qanuni d\u00f6vriyy\u0259sin\u0259 qar\u015f\u0131 m\u00fcbariz\u0259, insan haqlar\u0131, habel\u0259 regionda c\u0259r\u0259yan ed\u0259n siyasi v\u0259 iqtisadi prosesl\u0259r, region \u00f6lk\u0259l\u0259ri il\u0259 m\u00fcnasib\u0259tl\u0259r v\u0259 dig\u0259r m\u0259s\u0259l\u0259l\u0259rin m\u00fczakir\u0259 olundu\u011funu bildirib. Erm\u0259nistan-Az\u0259rbaycan Da\u011fl\u0131q Qaraba\u011f m\u00fcnaqi\u015f\u0259sin\u0259 x\u00fcsusi diqq\u0259t ayr\u0131ld\u0131\u011f\u0131n\u0131 diqq\u0259t\u0259 \u00e7atd\u0131ran AB\u015e r\u0259smisi qeyd edib ki, bu problemin h\u0259lli&hellip;<\/p>\n","protected":false},"author":2,"featured_media":21118,"comment_status":"closed","ping_status":"closed","sticky":false,"template":"","format":"standard","meta":{"om_disable_all_campaigns":false,"_monsterinsights_skip_tracking":false,"_monsterinsights_sitenote_active":false,"_monsterinsights_sitenote_note":"","_monsterinsights_sitenote_category":0},"categories":[4],"tags":[],"aioseo_notices":[],"gutentor_comment":0,"rttpg_featured_image_url":{"full":["https:\/\/arantv.az\/wp-content\/uploads\/2018\/10\/e5jvlb7q1g59vs0ojhkfi31q43abs.jpg",1000,653,false],"landscape":["https:\/\/arantv.az\/wp-content\/uploads\/2018\/10\/e5jvlb7q1g59vs0ojhkfi31q43abs.jpg",1000,653,false],"portraits":["https:\/\/arantv.az\/wp-content\/uploads\/2018\/10\/e5jvlb7q1g59vs0ojhkfi31q43abs.jpg",1000,653,false],"thumbnail":["https:\/\/arantv.az\/wp-content\/uploads\/2018\/10\/e5jvlb7q1g59vs0ojhkfi31q43abs-150x150.jpg",150,150,true],"medium":["https:\/\/arantv.az\/wp-content\/uploads\/2018\/10\/e5jvlb7q1g59vs0ojhkfi31q43abs-300x196.jpg",300,196,true],"large":["https:\/\/arantv.az\/wp-content\/uploads\/2018\/10\/e5jvlb7q1g59vs0ojhkfi31q43abs.jpg",640,418,false],"1536x1536":["https:\/\/arantv.az\/wp-content\/uploads\/2018\/10\/e5jvlb7q1g59vs0ojhkfi31q43abs.jpg",1000,653,false],"2048x2048":["https:\/\/arantv.az\/wp-content\/uploads\/2018\/10\/e5jvlb7q1g59vs0ojhkfi31q43abs.jpg",1000,653,false],"post-thumbnail":["https:\/\/arantv.az\/wp-content\/uploads\/2018\/10\/e5jvlb7q1g59vs0ojhkfi31q43abs-240x172.jpg",240,172,true],"advps-thumb-one":["https:\/\/arantv.az\/wp-content\/uploads\/2018\/10\/e5jvlb7q1g59vs0ojhkfi31q43abs-1000x620.jpg",1000,620,true]},"rttpg_author":{"display_name":"V\u00fcsal Rafiqo\u011flu","author_link":"https:\/\/arantv.az\/?author=2"},"rttpg_comment":0,"rttpg_category":"<a href=\"https:\/\/arantv.az\/?cat=4\" rel=\"category\">Siyas\u0259t<\/a>","rttpg_excerpt":"ARANTV.AZ x\u0259b\u0259r verir ki, oktyabr\u0131n 24-d\u0259 AB\u015e Prezidentinin milli t\u0259hl\u00fck\u0259sizlik m\u0259s\u0259l\u0259l\u0259ri \u00fczr\u0259 m\u00fc\u015faviri Con Bolton Az\u0259rbaycana s\u0259f\u0259rinin n\u0259tic\u0259l\u0259ri il\u0259 ba\u011fl\u0131 m\u0259tbuat konfrans\u0131 ke\u00e7irib. Az\u0259rbaycan Prezidenti il\u0259 g\u00f6r\u00fc\u015f\u00fcnd\u0259n m\u0259mnunlu\u011funu ifad\u0259 ed\u0259n Con Bolton d\u00f6vl\u0259t ba\u015f\u00e7\u0131s\u0131 il\u0259 AB\u015e-Az\u0259rbaycan \u0259m\u0259kda\u015fl\u0131q \u0259laq\u0259l\u0259rinin m\u00fcxt\u0259lif aspektl\u0259ri, d\u00fcnya enerji bazar\u0131nda Az\u0259rbaycan\u0131n rolu, terrorizm\u0259, insan alverin\u0259, narkotikl\u0259rin qeyri-qanuni d\u00f6vriyy\u0259sin\u0259 qar\u015f\u0131 m\u00fcbariz\u0259, insan haqlar\u0131,&hellip;","_links":{"self":[{"href":"https:\/\/arantv.az\/index.php?rest_route=\/wp\/v2\/posts\/21117"}],"collection":[{"href":"https:\/\/arantv.az\/index.php?rest_route=\/wp\/v2\/posts"}],"about":[{"href":"https:\/\/arantv.az\/index.php?rest_route=\/wp\/v2\/types\/post"}],"author":[{"embeddable":true,"href":"https:\/\/arantv.az\/index.php?rest_route=\/wp\/v2\/users\/2"}],"replies":[{"embeddable":true,"href":"https:\/\/arantv.az\/index.php?rest_route=%2Fwp%2Fv2%2Fcomments&post=21117"}],"version-history":[{"count":0,"href":"https:\/\/arantv.az\/index.php?rest_route=\/wp\/v2\/posts\/21117\/revisions"}],"wp:featuredmedia":[{"embeddable":true,"href":"https:\/\/arantv.az\/index.php?rest_route=\/wp\/v2\/media\/21118"}],"wp:attachment":[{"href":"https:\/\/arantv.az\/index.php?rest_route=%2Fwp%2Fv2%2Fmedia&parent=21117"}],"wp:term":[{"taxonomy":"category","embeddable":true,"href":"https:\/\/arantv.az\/index.php?rest_route=%2Fwp%2Fv2%2Fcategories&post=21117"},{"taxonomy":"post_tag","embeddable":true,"href":"https:\/\/arantv.az\/index.php?rest_route=%2Fwp%2Fv2%2Ftags&post=21117"}],"curies":[{"name":"wp","href":"https:\/\/api.w.org\/{rel}","templated":true}]}}