{"id":21120,"date":"2018-10-25T08:40:06","date_gmt":"2018-10-25T05:40:06","guid":{"rendered":"http:\/\/arantv.az\/?p=21120"},"modified":"2018-10-25T08:40:06","modified_gmt":"2018-10-25T05:40:06","slug":"sirvansahlar-saray-kompleksind%c9%99-sirvansahlar-irsi-dunya-muzeyl%c9%99rind%c9%99-s%c9%99rgisi-acilib","status":"publish","type":"post","link":"https:\/\/arantv.az\/?p=21120","title":{"rendered":"\u015eirvan\u015fahlar Saray Kompleksind\u0259 \u201c\u015eirvan\u015fahlar irsi d\u00fcnya muzeyl\u0259rind\u0259\u201d s\u0259rgisi a\u00e7\u0131l\u0131b"},"content":{"rendered":"<p><strong>ARANTV.AZ<\/strong> x\u0259b\u0259r verir ki, oktyabr\u0131n 24-d\u0259 \u201c\u0130\u00e7\u0259ri\u015f\u0259h\u0259r\u201d D\u00f6vl\u0259t Tarix-Memarl\u0131q Qoru\u011fu \u0130dar\u0259si t\u0259r\u0259find\u0259n \u015eirvan\u015fahlar Saray Kompleksind\u0259 \u201c\u015eirvan\u015fahlar irsi d\u00fcnya muzeyl\u0259rind\u0259\u201d s\u0259rgisi a\u00e7\u0131l\u0131b.<\/p>\n<p>Heyd\u0259r \u018fliyev Fondunun vitse-prezidenti Leyla \u018fliyeva s\u0259rginin a\u00e7\u0131l\u0131\u015f\u0131nda i\u015ftirak edib.<\/p>\n<p>S\u0259rgi Bak\u0131da ke\u00e7iril\u0259n \u201cM\u00fcasir Az\u0259rbaycandan tarixi \u015eirvan\u015fahlar d\u00f6vl\u0259tin\u0259 s\u0259yah\u0259t\u201d m\u00f6vzusunda beyn\u0259lxalq elmi konfrans \u00e7\u0259r\u00e7iv\u0259sind\u0259 t\u0259\u015fkil edilib.<\/p>\n<p>\u201c\u0130\u00e7\u0259ri\u015f\u0259h\u0259r\u201d D\u00f6vl\u0259t Tarix-Memarl\u0131q Qoruq \u0130dar\u0259sinin r\u0259isi \u018fsg\u0259r \u018fl\u0259kb\u0259rov s\u0259rginin a\u00e7\u0131l\u0131\u015f m\u0259rasimind\u0259 \u00e7\u0131x\u0131\u015f ed\u0259r\u0259k \u015eirvan \u015fahlar\u0131n\u0131n iqam\u0259tgah\u0131n\u0131n, minillik \u015eirvan tarixinin \u0259n g\u00f6zox\u015fayan tikilil\u0259rinin \u0130\u00e7\u0259ri\u015f\u0259h\u0259r \u0259razisind\u0259 yerl\u0259\u015fm\u0259sinin bu konfrans\u0131n v\u0259 s\u0259rginin ke\u00e7irilm\u0259si il\u0259 ba\u011fl\u0131 ideyan\u0131n yaranmas\u0131nda ba\u015fl\u0131ca s\u0259b\u0259bl\u0259rd\u0259n biri oldu\u011funu qeyd ed\u0259r\u0259k deyib: \u201cAz\u0259rbaycan Milli Elml\u0259r Akademiyas\u0131 il\u0259 birlikd\u0259 \u015eirvan\u015fahlar tarixin\u0259 h\u0259sr olunmu\u015f konfrans\u0131n ke\u00e7irilm\u0259si t\u0259\u015f\u0259bb\u00fcs\u00fc il\u0259 \u00e7\u0131x\u0131\u015f etdik. Prezident \u0130lham \u018fliyev\u0259 v\u0259 Birinci vitse-prezident Mehriban \u018fliyevaya bu t\u0259\u015f\u0259bb\u00fcs\u00fc d\u0259st\u0259kl\u0259dikl\u0259ri \u00fc\u00e7\u00fcn minn\u0259tdarl\u0131\u011f\u0131m\u0131 bildirir\u0259m. Bu, d\u00f6vl\u0259timizin ba\u015f\u00e7\u0131s\u0131n\u0131n xalq\u0131m\u0131z\u0131n tarixi irsin\u0259 verdiyi y\u00fcks\u0259k d\u0259y\u0259ri g\u00f6st\u0259rir, g\u0259nc n\u0259sill\u0259r\u0259 v\u0259t\u0259np\u0259rv\u0259rlik hissi a\u015f\u0131lay\u0131r\u201d.<\/p>\n<p>Qeyd edilib ki, s\u0259rgid\u0259 d\u00fcnyan\u0131n \u0259n b\u00f6y\u00fck muzeyl\u0259rind\u0259n Az\u0259rbaycana g\u0259tiril\u0259n nadir eksponatlar n\u00fcmayi\u015f olunur. \u201cS\u0259rginin \u0259sas eksponatlar\u0131n\u0131 \u0130stanbul \u018fsk\u0259ri Muzeyi t\u0259r\u0259find\u0259n t\u0259qdim olunan maddi-m\u0259d\u0259niyy\u0259t n\u00fcmun\u0259l\u0259ri t\u0259\u015fkil edir. XVI \u0259srin \u0259vv\u0259ll\u0259rind\u0259 qanl\u0131 d\u00f6y\u00fc\u015fl\u0259rd\u0259n sonra \u015eirvan\u015fahlar saray\u0131ndan q\u0259nim\u0259t kimi apar\u0131lan sonuncu \u015eirvan h\u00f6kmdar\u0131 F\u0259rrux Yasara aid 4 d\u0259bilq\u0259, \u015eirvan\u015fah Keyqubad v\u0259 \u015eirvan\u015fah I X\u0259lilullaha aid zirehli k\u00f6yn\u0259kl\u0259r 500 ild\u0259n sonra m\u00fcv\u0259qq\u0259ti d\u0259 olsa \u00f6z do\u011fma m\u0259kan\u0131nda s\u0259rgil\u0259nir. H\u0259m\u00e7inin G\u00fcrc\u00fcstan Milli Muzeyind\u0259n g\u0259tiril\u0259n Pir H\u00fcseyn xan\u0259gah\u0131na m\u0259xsus ka\u015f\u0131 n\u00fcmun\u0259l\u0259ri d\u0259 n\u00fcmayi\u015f olunur\u201d, &#8211; dey\u0259 \u018fsg\u0259r \u018fl\u0259kb\u0259rov qeyd edib.<\/p>\n<p>T\u0259dbird\u0259 \u0130stanbul \u018fsk\u0259ri Muzeyinin \u0259m\u0259kda\u015f\u0131 \u00d6m\u0259r Faruq Aslan \u00e7\u0131x\u0131\u015f ed\u0259r\u0259k minillik z\u0259ngin tarix\u0259 malik \u015eirvan\u015fahlar d\u00f6vl\u0259tin\u0259 h\u0259sr olunan s\u0259rginin \u0259h\u0259miyy\u0259tind\u0259n dan\u0131\u015f\u0131b, t\u0259\u015fkilat\u00e7\u0131lara t\u0259\u015f\u0259kk\u00fcr\u00fcn\u00fc bildirib.<\/p>\n<p>Sonra t\u0259dbir i\u015ftirak\u00e7\u0131lar\u0131 s\u0259rgi il\u0259 tan\u0131\u015f olublar.<\/p>\n<p>T\u0259dbird\u0259 Az\u0259rbaycan Milli Konservatoriyas\u0131n\u0131n Xalq artisti F\u0259xr\u0259ddin Dada\u015fovun r\u0259hb\u0259rliyi il\u0259 &#8220;\u018fsrl\u0259rin s\u0259das\u0131&#8221; q\u0259dim musiqi al\u0259tl\u0259ri ansambl\u0131 \u00e7\u0131x\u0131\u015f edib.<\/p>\n<p>S\u0259rgi 2019-cu il yanvar\u0131n 23-d\u0259k h\u0259r g\u00fcn saat 9:00-dan 20:00-d\u0259k ziyar\u0259t\u00e7il\u0259r \u00fc\u00e7\u00fcn a\u00e7\u0131q olacaq.<\/p>\n","protected":false},"excerpt":{"rendered":"<p>ARANTV.AZ x\u0259b\u0259r verir ki, oktyabr\u0131n 24-d\u0259 \u201c\u0130\u00e7\u0259ri\u015f\u0259h\u0259r\u201d D\u00f6vl\u0259t Tarix-Memarl\u0131q Qoru\u011fu \u0130dar\u0259si t\u0259r\u0259find\u0259n \u015eirvan\u015fahlar Saray Kompleksind\u0259 \u201c\u015eirvan\u015fahlar irsi d\u00fcnya muzeyl\u0259rind\u0259\u201d s\u0259rgisi a\u00e7\u0131l\u0131b. Heyd\u0259r \u018fliyev Fondunun vitse-prezidenti Leyla \u018fliyeva s\u0259rginin a\u00e7\u0131l\u0131\u015f\u0131nda i\u015ftirak edib. S\u0259rgi Bak\u0131da ke\u00e7iril\u0259n \u201cM\u00fcasir Az\u0259rbaycandan tarixi \u015eirvan\u015fahlar d\u00f6vl\u0259tin\u0259 s\u0259yah\u0259t\u201d m\u00f6vzusunda beyn\u0259lxalq elmi konfrans \u00e7\u0259r\u00e7iv\u0259sind\u0259 t\u0259\u015fkil edilib. \u201c\u0130\u00e7\u0259ri\u015f\u0259h\u0259r\u201d D\u00f6vl\u0259t Tarix-Memarl\u0131q Qoruq \u0130dar\u0259sinin r\u0259isi \u018fsg\u0259r \u018fl\u0259kb\u0259rov s\u0259rginin a\u00e7\u0131l\u0131\u015f m\u0259rasimind\u0259 \u00e7\u0131x\u0131\u015f ed\u0259r\u0259k \u015eirvan \u015fahlar\u0131n\u0131n iqam\u0259tgah\u0131n\u0131n, minillik \u015eirvan tarixinin \u0259n g\u00f6zox\u015fayan tikilil\u0259rinin \u0130\u00e7\u0259ri\u015f\u0259h\u0259r \u0259razisind\u0259 yerl\u0259\u015fm\u0259sinin bu konfrans\u0131n v\u0259 s\u0259rginin ke\u00e7irilm\u0259si il\u0259 ba\u011fl\u0131 ideyan\u0131n yaranmas\u0131nda ba\u015fl\u0131ca s\u0259b\u0259bl\u0259rd\u0259n biri oldu\u011funu qeyd ed\u0259r\u0259k deyib: \u201cAz\u0259rbaycan Milli&hellip;<\/p>\n","protected":false},"author":2,"featured_media":21121,"comment_status":"closed","ping_status":"closed","sticky":false,"template":"","format":"standard","meta":{"om_disable_all_campaigns":false,"_monsterinsights_skip_tracking":false,"_monsterinsights_sitenote_active":false,"_monsterinsights_sitenote_note":"","_monsterinsights_sitenote_category":0},"categories":[1],"tags":[],"aioseo_notices":[],"gutentor_comment":0,"rttpg_featured_image_url":{"full":["https:\/\/arantv.az\/wp-content\/uploads\/2018\/10\/e5jvlb7q1g59vs0ojhkfi31q43ley.jpg",1000,666,false],"landscape":["https:\/\/arantv.az\/wp-content\/uploads\/2018\/10\/e5jvlb7q1g59vs0ojhkfi31q43ley.jpg",1000,666,false],"portraits":["https:\/\/arantv.az\/wp-content\/uploads\/2018\/10\/e5jvlb7q1g59vs0ojhkfi31q43ley.jpg",1000,666,false],"thumbnail":["https:\/\/arantv.az\/wp-content\/uploads\/2018\/10\/e5jvlb7q1g59vs0ojhkfi31q43ley-150x150.jpg",150,150,true],"medium":["https:\/\/arantv.az\/wp-content\/uploads\/2018\/10\/e5jvlb7q1g59vs0ojhkfi31q43ley-300x200.jpg",300,200,true],"large":["https:\/\/arantv.az\/wp-content\/uploads\/2018\/10\/e5jvlb7q1g59vs0ojhkfi31q43ley.jpg",640,426,false],"1536x1536":["https:\/\/arantv.az\/wp-content\/uploads\/2018\/10\/e5jvlb7q1g59vs0ojhkfi31q43ley.jpg",1000,666,false],"2048x2048":["https:\/\/arantv.az\/wp-content\/uploads\/2018\/10\/e5jvlb7q1g59vs0ojhkfi31q43ley.jpg",1000,666,false],"post-thumbnail":["https:\/\/arantv.az\/wp-content\/uploads\/2018\/10\/e5jvlb7q1g59vs0ojhkfi31q43ley-240x172.jpg",240,172,true],"advps-thumb-one":["https:\/\/arantv.az\/wp-content\/uploads\/2018\/10\/e5jvlb7q1g59vs0ojhkfi31q43ley-1000x620.jpg",1000,620,true]},"rttpg_author":{"display_name":"V\u00fcsal Rafiqo\u011flu","author_link":"https:\/\/arantv.az\/?author=2"},"rttpg_comment":0,"rttpg_category":"<a href=\"https:\/\/arantv.az\/?cat=1\" rel=\"category\">C\u0259miyy\u0259t<\/a>","rttpg_excerpt":"ARANTV.AZ x\u0259b\u0259r verir ki, oktyabr\u0131n 24-d\u0259 \u201c\u0130\u00e7\u0259ri\u015f\u0259h\u0259r\u201d D\u00f6vl\u0259t Tarix-Memarl\u0131q Qoru\u011fu \u0130dar\u0259si t\u0259r\u0259find\u0259n \u015eirvan\u015fahlar Saray Kompleksind\u0259 \u201c\u015eirvan\u015fahlar irsi d\u00fcnya muzeyl\u0259rind\u0259\u201d s\u0259rgisi a\u00e7\u0131l\u0131b. Heyd\u0259r \u018fliyev Fondunun vitse-prezidenti Leyla \u018fliyeva s\u0259rginin a\u00e7\u0131l\u0131\u015f\u0131nda i\u015ftirak edib. S\u0259rgi Bak\u0131da ke\u00e7iril\u0259n \u201cM\u00fcasir Az\u0259rbaycandan tarixi \u015eirvan\u015fahlar d\u00f6vl\u0259tin\u0259 s\u0259yah\u0259t\u201d m\u00f6vzusunda beyn\u0259lxalq elmi konfrans \u00e7\u0259r\u00e7iv\u0259sind\u0259 t\u0259\u015fkil edilib. \u201c\u0130\u00e7\u0259ri\u015f\u0259h\u0259r\u201d D\u00f6vl\u0259t Tarix-Memarl\u0131q Qoruq \u0130dar\u0259sinin r\u0259isi \u018fsg\u0259r \u018fl\u0259kb\u0259rov&hellip;","_links":{"self":[{"href":"https:\/\/arantv.az\/index.php?rest_route=\/wp\/v2\/posts\/21120"}],"collection":[{"href":"https:\/\/arantv.az\/index.php?rest_route=\/wp\/v2\/posts"}],"about":[{"href":"https:\/\/arantv.az\/index.php?rest_route=\/wp\/v2\/types\/post"}],"author":[{"embeddable":true,"href":"https:\/\/arantv.az\/index.php?rest_route=\/wp\/v2\/users\/2"}],"replies":[{"embeddable":true,"href":"https:\/\/arantv.az\/index.php?rest_route=%2Fwp%2Fv2%2Fcomments&post=21120"}],"version-history":[{"count":0,"href":"https:\/\/arantv.az\/index.php?rest_route=\/wp\/v2\/posts\/21120\/revisions"}],"wp:featuredmedia":[{"embeddable":true,"href":"https:\/\/arantv.az\/index.php?rest_route=\/wp\/v2\/media\/21121"}],"wp:attachment":[{"href":"https:\/\/arantv.az\/index.php?rest_route=%2Fwp%2Fv2%2Fmedia&parent=21120"}],"wp:term":[{"taxonomy":"category","embeddable":true,"href":"https:\/\/arantv.az\/index.php?rest_route=%2Fwp%2Fv2%2Fcategories&post=21120"},{"taxonomy":"post_tag","embeddable":true,"href":"https:\/\/arantv.az\/index.php?rest_route=%2Fwp%2Fv2%2Ftags&post=21120"}],"curies":[{"name":"wp","href":"https:\/\/api.w.org\/{rel}","templated":true}]}}