{"id":211238,"date":"2020-08-27T13:04:43","date_gmt":"2020-08-27T10:04:43","guid":{"rendered":"http:\/\/arantv.az\/?p=211238"},"modified":"2020-08-27T13:04:43","modified_gmt":"2020-08-27T10:04:43","slug":"tiktokun-r%c9%99hb%c9%99ri-istefa-verdi","status":"publish","type":"post","link":"https:\/\/arantv.az\/?p=211238","title":{"rendered":"\u201cTikTok\u201dun r\u0259hb\u0259ri istefa verdi"},"content":{"rendered":"<p>\u201cTikTok\u201dun r\u0259hb\u0259ri Kevin Mayer istefa verib.<\/p>\n<p>TASS x\u0259b\u0259r verir ki, bu bar\u0259d\u0259 o \u00c7inin milli televiziyas\u0131nda a\u00e7\u0131qlay\u0131b.<\/p>\n<p>Onun s\u00f6zl\u0259rin\u0259 g\u00f6r\u0259, son bir ne\u00e7\u0259 h\u0259ft\u0259 \u0259rzind\u0259 \u201csiyasi v\u0259ziyy\u0259t \u00e7ox d\u0259yi\u015fdi\u201d v\u0259 o, \u015firk\u0259tin prioritetl\u0259ri bar\u0259d\u0259\u00a0\u201cciddi \u015f\u0259kild\u0259 d\u00fc\u015f\u00fcnm\u0259y\u0259\u201d m\u0259cbur oldu.<\/p>\n<p>Eyni zamanda, Mayer t\u0259rk etdiyi \u015firk\u0259tin \u201cparlaq g\u0259l\u0259c\u0259yin\u0259\u201d inam\u0131n\u0131 da dil\u0259 g\u0259tirib.<\/p>\n","protected":false},"excerpt":{"rendered":"<p>\u201cTikTok\u201dun r\u0259hb\u0259ri Kevin Mayer istefa verib. TASS x\u0259b\u0259r verir ki, bu bar\u0259d\u0259 o \u00c7inin milli televiziyas\u0131nda a\u00e7\u0131qlay\u0131b. Onun s\u00f6zl\u0259rin\u0259 g\u00f6r\u0259, son bir ne\u00e7\u0259 h\u0259ft\u0259 \u0259rzind\u0259 \u201csiyasi v\u0259ziyy\u0259t \u00e7ox d\u0259yi\u015fdi\u201d v\u0259 o, \u015firk\u0259tin prioritetl\u0259ri bar\u0259d\u0259\u00a0\u201cciddi \u015f\u0259kild\u0259 d\u00fc\u015f\u00fcnm\u0259y\u0259\u201d m\u0259cbur oldu. Eyni zamanda, Mayer t\u0259rk etdiyi \u015firk\u0259tin \u201cparlaq g\u0259l\u0259c\u0259yin\u0259\u201d inam\u0131n\u0131 da dil\u0259 g\u0259tirib.<\/p>\n","protected":false},"author":2,"featured_media":211239,"comment_status":"closed","ping_status":"closed","sticky":false,"template":"","format":"standard","meta":{"om_disable_all_campaigns":false,"_monsterinsights_skip_tracking":false,"_monsterinsights_sitenote_active":false,"_monsterinsights_sitenote_note":"","_monsterinsights_sitenote_category":0},"categories":[7],"tags":[],"aioseo_notices":[],"gutentor_comment":0,"rttpg_featured_image_url":{"full":["https:\/\/arantv.az\/wp-content\/uploads\/2020\/08\/kevin-mayer-tiktok.jpg",620,373,false],"landscape":["https:\/\/arantv.az\/wp-content\/uploads\/2020\/08\/kevin-mayer-tiktok.jpg",620,373,false],"portraits":["https:\/\/arantv.az\/wp-content\/uploads\/2020\/08\/kevin-mayer-tiktok.jpg",620,373,false],"thumbnail":["https:\/\/arantv.az\/wp-content\/uploads\/2020\/08\/kevin-mayer-tiktok-150x150.jpg",150,150,true],"medium":["https:\/\/arantv.az\/wp-content\/uploads\/2020\/08\/kevin-mayer-tiktok-300x180.jpg",300,180,true],"large":["https:\/\/arantv.az\/wp-content\/uploads\/2020\/08\/kevin-mayer-tiktok.jpg",620,373,false],"1536x1536":["https:\/\/arantv.az\/wp-content\/uploads\/2020\/08\/kevin-mayer-tiktok.jpg",620,373,false],"2048x2048":["https:\/\/arantv.az\/wp-content\/uploads\/2020\/08\/kevin-mayer-tiktok.jpg",620,373,false],"post-thumbnail":["https:\/\/arantv.az\/wp-content\/uploads\/2020\/08\/kevin-mayer-tiktok-240x172.jpg",240,172,true],"advps-thumb-one":["https:\/\/arantv.az\/wp-content\/uploads\/2020\/08\/kevin-mayer-tiktok.jpg",620,373,false]},"rttpg_author":{"display_name":"V\u00fcsal Rafiqo\u011flu","author_link":"https:\/\/arantv.az\/?author=2"},"rttpg_comment":0,"rttpg_category":"<a href=\"https:\/\/arantv.az\/?cat=7\" rel=\"category\">D\u00fcnya<\/a>","rttpg_excerpt":"\u201cTikTok\u201dun r\u0259hb\u0259ri Kevin Mayer istefa verib. TASS x\u0259b\u0259r verir ki, bu bar\u0259d\u0259 o \u00c7inin milli televiziyas\u0131nda a\u00e7\u0131qlay\u0131b. Onun s\u00f6zl\u0259rin\u0259 g\u00f6r\u0259, son bir ne\u00e7\u0259 h\u0259ft\u0259 \u0259rzind\u0259 \u201csiyasi v\u0259ziyy\u0259t \u00e7ox d\u0259yi\u015fdi\u201d v\u0259 o, \u015firk\u0259tin prioritetl\u0259ri bar\u0259d\u0259\u00a0\u201cciddi \u015f\u0259kild\u0259 d\u00fc\u015f\u00fcnm\u0259y\u0259\u201d m\u0259cbur oldu. Eyni zamanda, Mayer t\u0259rk etdiyi \u015firk\u0259tin \u201cparlaq g\u0259l\u0259c\u0259yin\u0259\u201d inam\u0131n\u0131 da dil\u0259 g\u0259tirib.","_links":{"self":[{"href":"https:\/\/arantv.az\/index.php?rest_route=\/wp\/v2\/posts\/211238"}],"collection":[{"href":"https:\/\/arantv.az\/index.php?rest_route=\/wp\/v2\/posts"}],"about":[{"href":"https:\/\/arantv.az\/index.php?rest_route=\/wp\/v2\/types\/post"}],"author":[{"embeddable":true,"href":"https:\/\/arantv.az\/index.php?rest_route=\/wp\/v2\/users\/2"}],"replies":[{"embeddable":true,"href":"https:\/\/arantv.az\/index.php?rest_route=%2Fwp%2Fv2%2Fcomments&post=211238"}],"version-history":[{"count":0,"href":"https:\/\/arantv.az\/index.php?rest_route=\/wp\/v2\/posts\/211238\/revisions"}],"wp:featuredmedia":[{"embeddable":true,"href":"https:\/\/arantv.az\/index.php?rest_route=\/wp\/v2\/media\/211239"}],"wp:attachment":[{"href":"https:\/\/arantv.az\/index.php?rest_route=%2Fwp%2Fv2%2Fmedia&parent=211238"}],"wp:term":[{"taxonomy":"category","embeddable":true,"href":"https:\/\/arantv.az\/index.php?rest_route=%2Fwp%2Fv2%2Fcategories&post=211238"},{"taxonomy":"post_tag","embeddable":true,"href":"https:\/\/arantv.az\/index.php?rest_route=%2Fwp%2Fv2%2Ftags&post=211238"}],"curies":[{"name":"wp","href":"https:\/\/api.w.org\/{rel}","templated":true}]}}