{"id":211242,"date":"2020-08-27T13:08:31","date_gmt":"2020-08-27T10:08:31","guid":{"rendered":"http:\/\/arantv.az\/?p=211242"},"modified":"2020-08-27T13:08:31","modified_gmt":"2020-08-27T10:08:31","slug":"avropada-t%c9%99dris-ilind%c9%99-hansi-qaydalar-n%c9%99z%c9%99rd%c9%99-tutulur","status":"publish","type":"post","link":"https:\/\/arantv.az\/?p=211242","title":{"rendered":"Avropada t\u0259dris ilind\u0259 hans\u0131 qaydalar n\u0259z\u0259rd\u0259 tutulur?"},"content":{"rendered":"<p>Avropan\u0131n h\u0259r yerind\u0259 m\u0259kt\u0259blil\u0259r, t\u0259l\u0259b\u0259l\u0259r v\u0259 m\u00fc\u0259lliml\u0259r yay fasil\u0259sind\u0259n sonra sinif otaqlar\u0131na v\u0259 auditoriyalara qay\u0131tma\u011fa haz\u0131rla\u015f\u0131rlar.<\/p>\n<p>\u201cEuronews\u201d x\u0259b\u0259r verir ki, COVID-19 infeksiyas\u0131 t\u0259hl\u00fck\u0259si qit\u0259d\u0259 h\u0259l\u0259 d\u0259 aktuald\u0131r. Buna g\u00f6r\u0259 d\u0259 Avropa \u00f6lk\u0259l\u0259rinin h\u00f6kum\u0259tl\u0259ri t\u0259hsil ehtiyaclar\u0131 il\u0259 t\u0259hl\u00fck\u0259sizlik z\u0259man\u0259tinin v\u0259hd\u0259t t\u0259\u015fkil etdiyi \u00e7\u0259tin q\u0259rarlar q\u0259bul etm\u0259lidirl\u0259r. Burada iki m\u0259qam \u00fcz\u0259 \u00e7\u0131x\u0131r.<\/p>\n<p>Birinci, qoruyucu maskalar\u0131 kim v\u0259 n\u0259 zaman istifad\u0259 etm\u0259lidir? M\u0259s\u0259l\u0259n, bu\u00a0Fransada d\u0259rs zaman\u0131\u00a0m\u00fc\u0259lliml\u0259r \u00fc\u00e7\u00fcn m\u0259cburidir. \u0130spaniyada m\u00fc\u0259lliml\u0259r v\u0259 t\u0259l\u0259b\u0259l\u0259r maskalar\u0131 yaln\u0131z bir-birl\u0259rin\u0259 yax\u0131n v\u0259ziyy\u0259td\u0259 olanda tax\u0131rlar, Niderlandda is\u0259 maskadan tamamil\u0259\u00a0imtina etm\u0259k q\u0259rar\u0131na g\u0259libl\u0259r.<\/p>\n<p>\u0130kincisi, sosial m\u0259saf\u0259ni nec\u0259 t\u0259min etm\u0259k olar? Bunun \u00fc\u00e7\u00fcn eyni sinifd\u0259 olan \u015fagirdl\u0259rin say\u0131n\u0131 azaltmaq t\u00f6vsiy\u0259 olunur. T\u0259hsil prosesinin n\u00f6vb\u0259li t\u0259\u015fkili ilk d\u0259f\u0259 Danimarkada t\u0259tbiq olundu v\u0259 \u00e7oxu\u00a0onun n\u00fcmun\u0259sind\u0259n istifad\u0259 etdi. Ota\u011f\u0131n h\u0259ddind\u0259n art\u0131q y\u00fckl\u0259nm\u0259m\u0259sind\u0259n qa\u00e7ma\u011f\u0131n ba\u015fqa bir yolu is\u0259 onlayn d\u0259rsl\u0259rdir.<\/p>\n<p>Gigiyena qaydalar\u0131na h\u0259r yerd\u0259 ciddi \u015f\u0259kild\u0259 riay\u0259t edilm\u0259lidir. Almaniyada tez-tez \u0259l yuma t\u00f6vsiy\u0259 olunur, \u0130spaniyada binalar\u0131n \u0259n az\u0131 bir d\u0259f\u0259, tualetl\u0259rin is\u0259 g\u00fcnd\u0259 \u0259n az\u0131 \u00fc\u00e7 d\u0259f\u0259 h\u0259rt\u0259r\u0259fli t\u0259mizl\u0259nm\u0259sinin vacib oldu\u011fu vur\u011fulan\u0131r.<\/p>\n<p>\u018flb\u0259tt\u0259 ki, h\u0259r k\u0259si ilk n\u00f6vb\u0259d\u0259 \u015fagirdl\u0259rin v\u0259 ya m\u00fc\u0259lliml\u0259rin koronavirus testl\u0259ri m\u00fcsb\u0259t n\u0259tic\u0259 ver\u0259rs\u0259 n\u0259 etm\u0259k laz\u0131m oldu\u011fu narahat edir. Hesab edirl\u0259r ki, ayr\u0131-ayr\u0131 infeksiyaya yoluxma hallar\u0131 zaman\u0131 b\u00fct\u00fcn m\u00fc\u0259ssis\u0259 ba\u011flanmamal\u0131d\u0131r. Ancaq Almaniyada b\u0259zi m\u0259kt\u0259bl\u0259r bu s\u0259b\u0259bd\u0259n ba\u011flanma\u011fa m\u0259cbur olub.<\/p>\n<p>Ba\u015fqa bir m\u0259qam is\u0259 q\u0259rarlar\u0131 hans\u0131 \u00f6lk\u0259l\u0259rin\u00a0q\u0259bul etm\u0259sidir. \u0130taliya v\u0259 Fransa kimi b\u0259zi \u00f6lk\u0259l\u0259rd\u0259 bu, \u00f6lk\u0259 h\u00f6kum\u0259tinin s\u0259lahiyy\u0259tidir, dig\u0259rl\u0259rind\u0259 is\u0259 q\u0259rar q\u0259buletm\u0259 s\u0259lahiyy\u0259tl\u0259ri ayr\u0131-ayr\u0131 b\u00f6lg\u0259l\u0259r\u0259 verilir.<\/p>\n","protected":false},"excerpt":{"rendered":"<p>Avropan\u0131n h\u0259r yerind\u0259 m\u0259kt\u0259blil\u0259r, t\u0259l\u0259b\u0259l\u0259r v\u0259 m\u00fc\u0259lliml\u0259r yay fasil\u0259sind\u0259n sonra sinif otaqlar\u0131na v\u0259 auditoriyalara qay\u0131tma\u011fa haz\u0131rla\u015f\u0131rlar. \u201cEuronews\u201d x\u0259b\u0259r verir ki, COVID-19 infeksiyas\u0131 t\u0259hl\u00fck\u0259si qit\u0259d\u0259 h\u0259l\u0259 d\u0259 aktuald\u0131r. Buna g\u00f6r\u0259 d\u0259 Avropa \u00f6lk\u0259l\u0259rinin h\u00f6kum\u0259tl\u0259ri t\u0259hsil ehtiyaclar\u0131 il\u0259 t\u0259hl\u00fck\u0259sizlik z\u0259man\u0259tinin v\u0259hd\u0259t t\u0259\u015fkil etdiyi \u00e7\u0259tin q\u0259rarlar q\u0259bul etm\u0259lidirl\u0259r. Burada iki m\u0259qam \u00fcz\u0259 \u00e7\u0131x\u0131r. Birinci, qoruyucu maskalar\u0131 kim v\u0259 n\u0259 zaman istifad\u0259 etm\u0259lidir? M\u0259s\u0259l\u0259n, bu\u00a0Fransada d\u0259rs zaman\u0131\u00a0m\u00fc\u0259lliml\u0259r \u00fc\u00e7\u00fcn m\u0259cburidir. \u0130spaniyada m\u00fc\u0259lliml\u0259r v\u0259 t\u0259l\u0259b\u0259l\u0259r maskalar\u0131 yaln\u0131z bir-birl\u0259rin\u0259 yax\u0131n v\u0259ziyy\u0259td\u0259 olanda tax\u0131rlar, Niderlandda is\u0259 maskadan tamamil\u0259\u00a0imtina etm\u0259k q\u0259rar\u0131na g\u0259libl\u0259r. \u0130kincisi, sosial m\u0259saf\u0259ni nec\u0259 t\u0259min etm\u0259k olar?&hellip;<\/p>\n","protected":false},"author":2,"featured_media":211243,"comment_status":"closed","ping_status":"closed","sticky":false,"template":"","format":"standard","meta":{"om_disable_all_campaigns":false,"_monsterinsights_skip_tracking":false,"_monsterinsights_sitenote_active":false,"_monsterinsights_sitenote_note":"","_monsterinsights_sitenote_category":0},"categories":[7],"tags":[],"aioseo_notices":[],"gutentor_comment":0,"rttpg_featured_image_url":{"full":["https:\/\/arantv.az\/wp-content\/uploads\/2020\/08\/SHkolnoe-obrazovanie-v-Anglii.jpg",620,345,false],"landscape":["https:\/\/arantv.az\/wp-content\/uploads\/2020\/08\/SHkolnoe-obrazovanie-v-Anglii.jpg",620,345,false],"portraits":["https:\/\/arantv.az\/wp-content\/uploads\/2020\/08\/SHkolnoe-obrazovanie-v-Anglii.jpg",620,345,false],"thumbnail":["https:\/\/arantv.az\/wp-content\/uploads\/2020\/08\/SHkolnoe-obrazovanie-v-Anglii-150x150.jpg",150,150,true],"medium":["https:\/\/arantv.az\/wp-content\/uploads\/2020\/08\/SHkolnoe-obrazovanie-v-Anglii-300x167.jpg",300,167,true],"large":["https:\/\/arantv.az\/wp-content\/uploads\/2020\/08\/SHkolnoe-obrazovanie-v-Anglii.jpg",620,345,false],"1536x1536":["https:\/\/arantv.az\/wp-content\/uploads\/2020\/08\/SHkolnoe-obrazovanie-v-Anglii.jpg",620,345,false],"2048x2048":["https:\/\/arantv.az\/wp-content\/uploads\/2020\/08\/SHkolnoe-obrazovanie-v-Anglii.jpg",620,345,false],"post-thumbnail":["https:\/\/arantv.az\/wp-content\/uploads\/2020\/08\/SHkolnoe-obrazovanie-v-Anglii-240x172.jpg",240,172,true],"advps-thumb-one":["https:\/\/arantv.az\/wp-content\/uploads\/2020\/08\/SHkolnoe-obrazovanie-v-Anglii.jpg",620,345,false]},"rttpg_author":{"display_name":"V\u00fcsal Rafiqo\u011flu","author_link":"https:\/\/arantv.az\/?author=2"},"rttpg_comment":0,"rttpg_category":"<a href=\"https:\/\/arantv.az\/?cat=7\" rel=\"category\">D\u00fcnya<\/a>","rttpg_excerpt":"Avropan\u0131n h\u0259r yerind\u0259 m\u0259kt\u0259blil\u0259r, t\u0259l\u0259b\u0259l\u0259r v\u0259 m\u00fc\u0259lliml\u0259r yay fasil\u0259sind\u0259n sonra sinif otaqlar\u0131na v\u0259 auditoriyalara qay\u0131tma\u011fa haz\u0131rla\u015f\u0131rlar. \u201cEuronews\u201d x\u0259b\u0259r verir ki, COVID-19 infeksiyas\u0131 t\u0259hl\u00fck\u0259si qit\u0259d\u0259 h\u0259l\u0259 d\u0259 aktuald\u0131r. Buna g\u00f6r\u0259 d\u0259 Avropa \u00f6lk\u0259l\u0259rinin h\u00f6kum\u0259tl\u0259ri t\u0259hsil ehtiyaclar\u0131 il\u0259 t\u0259hl\u00fck\u0259sizlik z\u0259man\u0259tinin v\u0259hd\u0259t t\u0259\u015fkil etdiyi \u00e7\u0259tin q\u0259rarlar q\u0259bul etm\u0259lidirl\u0259r. Burada iki m\u0259qam \u00fcz\u0259 \u00e7\u0131x\u0131r. Birinci, qoruyucu maskalar\u0131 kim v\u0259&hellip;","_links":{"self":[{"href":"https:\/\/arantv.az\/index.php?rest_route=\/wp\/v2\/posts\/211242"}],"collection":[{"href":"https:\/\/arantv.az\/index.php?rest_route=\/wp\/v2\/posts"}],"about":[{"href":"https:\/\/arantv.az\/index.php?rest_route=\/wp\/v2\/types\/post"}],"author":[{"embeddable":true,"href":"https:\/\/arantv.az\/index.php?rest_route=\/wp\/v2\/users\/2"}],"replies":[{"embeddable":true,"href":"https:\/\/arantv.az\/index.php?rest_route=%2Fwp%2Fv2%2Fcomments&post=211242"}],"version-history":[{"count":0,"href":"https:\/\/arantv.az\/index.php?rest_route=\/wp\/v2\/posts\/211242\/revisions"}],"wp:featuredmedia":[{"embeddable":true,"href":"https:\/\/arantv.az\/index.php?rest_route=\/wp\/v2\/media\/211243"}],"wp:attachment":[{"href":"https:\/\/arantv.az\/index.php?rest_route=%2Fwp%2Fv2%2Fmedia&parent=211242"}],"wp:term":[{"taxonomy":"category","embeddable":true,"href":"https:\/\/arantv.az\/index.php?rest_route=%2Fwp%2Fv2%2Fcategories&post=211242"},{"taxonomy":"post_tag","embeddable":true,"href":"https:\/\/arantv.az\/index.php?rest_route=%2Fwp%2Fv2%2Ftags&post=211242"}],"curies":[{"name":"wp","href":"https:\/\/api.w.org\/{rel}","templated":true}]}}