{"id":21126,"date":"2018-10-25T08:44:27","date_gmt":"2018-10-25T05:44:27","guid":{"rendered":"http:\/\/arantv.az\/?p=21126"},"modified":"2018-10-25T08:44:27","modified_gmt":"2018-10-25T05:44:27","slug":"qarabag-avroliqada-novb%c9%99ti-oyununa-cixir","status":"publish","type":"post","link":"https:\/\/arantv.az\/?p=21126","title":{"rendered":"\u201cQaraba\u011f\u201d Avroliqada n\u00f6vb\u0259ti oyununa \u00e7\u0131x\u0131r"},"content":{"rendered":"<p>Bu g\u00fcn futbol \u00fczr\u0259 Avropa Liqas\u0131n\u0131n qrup m\u0259rh\u0259l\u0259sinin \u00fc\u00e7\u00fcnc\u00fc turunun oyunlar\u0131 ke\u00e7iril\u0259c\u0259k.<\/p>\n<p><strong>ARANTV.AZ<\/strong>-\u0131n x\u0259b\u0259rin\u0259 g\u00f6r\u0259, \u201cE\u201d qrupunda yer alan Az\u0259rbaycan \u00e7empionu \u201cQaraba\u011f\u201d do\u011fma meydanda Ukraynan\u0131n \u201cVorskla\u201d komandas\u0131 il\u0259 qar\u015f\u0131la\u015facaq.<\/p>\n<p>Bak\u0131 Olimpiya Stadionunda ke\u00e7iril\u0259c\u0259k qar\u015f\u0131la\u015fman\u0131n start fiti saat 20:55-d\u0259 s\u0259sl\u0259n\u0259c\u0259k.<\/p>\n<div id=\"AdributorNativeVideo0\" class=\"AdributorNativeVideo\"><\/div>\n<p>Bu qrupun dig\u0259r oyununda \u0130ngilt\u0259r\u0259nin \u201cArsenal\u201d komandas\u0131 Portuqaliyan\u0131n \u201cSportinq\u201d klubu il\u0259 \u00fcz-\u00fcz\u0259 g\u0259l\u0259c\u0259k.<\/p>\n<p>Qeyd ed\u0259k ki, \u201cQaraba\u011f\u201d v\u0259 \u201cVorskla\u201d ilk iki turda m\u0259\u011flub olublar.<\/p>\n<p>oxu.az<\/p>\n","protected":false},"excerpt":{"rendered":"<p>Bu g\u00fcn futbol \u00fczr\u0259 Avropa Liqas\u0131n\u0131n qrup m\u0259rh\u0259l\u0259sinin \u00fc\u00e7\u00fcnc\u00fc turunun oyunlar\u0131 ke\u00e7iril\u0259c\u0259k. ARANTV.AZ-\u0131n x\u0259b\u0259rin\u0259 g\u00f6r\u0259, \u201cE\u201d qrupunda yer alan Az\u0259rbaycan \u00e7empionu \u201cQaraba\u011f\u201d do\u011fma meydanda Ukraynan\u0131n \u201cVorskla\u201d komandas\u0131 il\u0259 qar\u015f\u0131la\u015facaq. Bak\u0131 Olimpiya Stadionunda ke\u00e7iril\u0259c\u0259k qar\u015f\u0131la\u015fman\u0131n start fiti saat 20:55-d\u0259 s\u0259sl\u0259n\u0259c\u0259k. Bu qrupun dig\u0259r oyununda \u0130ngilt\u0259r\u0259nin \u201cArsenal\u201d komandas\u0131 Portuqaliyan\u0131n \u201cSportinq\u201d klubu il\u0259 \u00fcz-\u00fcz\u0259 g\u0259l\u0259c\u0259k. Qeyd ed\u0259k ki, \u201cQaraba\u011f\u201d v\u0259 \u201cVorskla\u201d ilk iki turda m\u0259\u011flub olublar. oxu.az<\/p>\n","protected":false},"author":2,"featured_media":21127,"comment_status":"closed","ping_status":"closed","sticky":false,"template":"","format":"standard","meta":{"om_disable_all_campaigns":false,"_monsterinsights_skip_tracking":false,"_monsterinsights_sitenote_active":false,"_monsterinsights_sitenote_note":"","_monsterinsights_sitenote_category":0},"categories":[6],"tags":[],"aioseo_notices":[],"gutentor_comment":0,"rttpg_featured_image_url":{"full":["https:\/\/arantv.az\/wp-content\/uploads\/2018\/10\/151adb88-e4ac-4dc2-bb2d-e909f466c04b.jpg",620,438,false],"landscape":["https:\/\/arantv.az\/wp-content\/uploads\/2018\/10\/151adb88-e4ac-4dc2-bb2d-e909f466c04b.jpg",620,438,false],"portraits":["https:\/\/arantv.az\/wp-content\/uploads\/2018\/10\/151adb88-e4ac-4dc2-bb2d-e909f466c04b.jpg",620,438,false],"thumbnail":["https:\/\/arantv.az\/wp-content\/uploads\/2018\/10\/151adb88-e4ac-4dc2-bb2d-e909f466c04b-150x150.jpg",150,150,true],"medium":["https:\/\/arantv.az\/wp-content\/uploads\/2018\/10\/151adb88-e4ac-4dc2-bb2d-e909f466c04b-300x212.jpg",300,212,true],"large":["https:\/\/arantv.az\/wp-content\/uploads\/2018\/10\/151adb88-e4ac-4dc2-bb2d-e909f466c04b.jpg",620,438,false],"1536x1536":["https:\/\/arantv.az\/wp-content\/uploads\/2018\/10\/151adb88-e4ac-4dc2-bb2d-e909f466c04b.jpg",620,438,false],"2048x2048":["https:\/\/arantv.az\/wp-content\/uploads\/2018\/10\/151adb88-e4ac-4dc2-bb2d-e909f466c04b.jpg",620,438,false],"post-thumbnail":["https:\/\/arantv.az\/wp-content\/uploads\/2018\/10\/151adb88-e4ac-4dc2-bb2d-e909f466c04b-240x172.jpg",240,172,true],"advps-thumb-one":["https:\/\/arantv.az\/wp-content\/uploads\/2018\/10\/151adb88-e4ac-4dc2-bb2d-e909f466c04b.jpg",620,438,false]},"rttpg_author":{"display_name":"V\u00fcsal Rafiqo\u011flu","author_link":"https:\/\/arantv.az\/?author=2"},"rttpg_comment":0,"rttpg_category":"<a href=\"https:\/\/arantv.az\/?cat=6\" rel=\"category\">\u0130dman<\/a>","rttpg_excerpt":"Bu g\u00fcn futbol \u00fczr\u0259 Avropa Liqas\u0131n\u0131n qrup m\u0259rh\u0259l\u0259sinin \u00fc\u00e7\u00fcnc\u00fc turunun oyunlar\u0131 ke\u00e7iril\u0259c\u0259k. ARANTV.AZ-\u0131n x\u0259b\u0259rin\u0259 g\u00f6r\u0259, \u201cE\u201d qrupunda yer alan Az\u0259rbaycan \u00e7empionu \u201cQaraba\u011f\u201d do\u011fma meydanda Ukraynan\u0131n \u201cVorskla\u201d komandas\u0131 il\u0259 qar\u015f\u0131la\u015facaq. Bak\u0131 Olimpiya Stadionunda ke\u00e7iril\u0259c\u0259k qar\u015f\u0131la\u015fman\u0131n start fiti saat 20:55-d\u0259 s\u0259sl\u0259n\u0259c\u0259k. Bu qrupun dig\u0259r oyununda \u0130ngilt\u0259r\u0259nin \u201cArsenal\u201d komandas\u0131 Portuqaliyan\u0131n \u201cSportinq\u201d klubu il\u0259 \u00fcz-\u00fcz\u0259 g\u0259l\u0259c\u0259k. Qeyd ed\u0259k ki,&hellip;","_links":{"self":[{"href":"https:\/\/arantv.az\/index.php?rest_route=\/wp\/v2\/posts\/21126"}],"collection":[{"href":"https:\/\/arantv.az\/index.php?rest_route=\/wp\/v2\/posts"}],"about":[{"href":"https:\/\/arantv.az\/index.php?rest_route=\/wp\/v2\/types\/post"}],"author":[{"embeddable":true,"href":"https:\/\/arantv.az\/index.php?rest_route=\/wp\/v2\/users\/2"}],"replies":[{"embeddable":true,"href":"https:\/\/arantv.az\/index.php?rest_route=%2Fwp%2Fv2%2Fcomments&post=21126"}],"version-history":[{"count":0,"href":"https:\/\/arantv.az\/index.php?rest_route=\/wp\/v2\/posts\/21126\/revisions"}],"wp:featuredmedia":[{"embeddable":true,"href":"https:\/\/arantv.az\/index.php?rest_route=\/wp\/v2\/media\/21127"}],"wp:attachment":[{"href":"https:\/\/arantv.az\/index.php?rest_route=%2Fwp%2Fv2%2Fmedia&parent=21126"}],"wp:term":[{"taxonomy":"category","embeddable":true,"href":"https:\/\/arantv.az\/index.php?rest_route=%2Fwp%2Fv2%2Fcategories&post=21126"},{"taxonomy":"post_tag","embeddable":true,"href":"https:\/\/arantv.az\/index.php?rest_route=%2Fwp%2Fv2%2Ftags&post=21126"}],"curies":[{"name":"wp","href":"https:\/\/api.w.org\/{rel}","templated":true}]}}