{"id":211290,"date":"2020-08-27T13:37:01","date_gmt":"2020-08-27T10:37:01","guid":{"rendered":"http:\/\/arantv.az\/?p=211290"},"modified":"2020-08-27T13:37:01","modified_gmt":"2020-08-27T10:37:01","slug":"googleun-direktoru-tiktoku-almayacaqlarini-elan-edib","status":"publish","type":"post","link":"https:\/\/arantv.az\/?p=211290","title":{"rendered":"\u201cGoogle\u201dun direktoru \u201cTikTok\u201du almayacaqlar\u0131n\u0131 elan edib"},"content":{"rendered":"<p>AB\u015e-\u0131n \u201cGoogle\u201d \u015firk\u0259ti \u201cTikTok\u201d sosial \u015f\u0259b\u0259k\u0259sini almaq niyy\u0259tind\u0259 olmad\u0131\u011f\u0131n\u0131 elan edib.<\/p>\n<p>\u201cBloomberg\u201d agentliyi bu bar\u0259d\u0259 \u201cGoogle\u201dun Ba\u015f icra\u00e7\u0131 direktoru Sundar Pi\u00e7ainin a\u00e7\u0131qlamas\u0131na istinad\u0259n m\u0259lumat yay\u0131b.<\/p>\n<div id=\"AdviadNativeVideo0\" class=\"AdviadNativeVideo\"><\/div>\n<p>\u00d6z n\u00f6vb\u0259sind\u0259 S. Pi\u00e7ai \u201cTikTok\u201dun \u201cGoogle\u201d \u015firk\u0259tinin bulud texnologiyas\u0131ndan istifad\u0259 etdiyini t\u0259sdiql\u0259yib.<\/p>\n<p>Xat\u0131rladaq ki, bir m\u00fcdd\u0259t \u00f6nc\u0259 AB\u015e Prezidenti Donald Tramp sentyabr\u0131n 15-d\u0259k \u201cMicrosoft\u201d v\u0259 ya dig\u0259r AB\u015e \u015firk\u0259tin\u0259 sat\u0131lmayaca\u011f\u0131 t\u0259qdird\u0259 \u201cTikTok\u201d \u0259lav\u0259sinin Birl\u0259\u015fmi\u015f \u015etatlarda f\u0259aliyy\u0259tini dayand\u0131raca\u011f\u0131 il\u0259 h\u0259d\u0259l\u0259yib.<\/p>\n","protected":false},"excerpt":{"rendered":"<p>AB\u015e-\u0131n \u201cGoogle\u201d \u015firk\u0259ti \u201cTikTok\u201d sosial \u015f\u0259b\u0259k\u0259sini almaq niyy\u0259tind\u0259 olmad\u0131\u011f\u0131n\u0131 elan edib. \u201cBloomberg\u201d agentliyi bu bar\u0259d\u0259 \u201cGoogle\u201dun Ba\u015f icra\u00e7\u0131 direktoru Sundar Pi\u00e7ainin a\u00e7\u0131qlamas\u0131na istinad\u0259n m\u0259lumat yay\u0131b. \u00d6z n\u00f6vb\u0259sind\u0259 S. Pi\u00e7ai \u201cTikTok\u201dun \u201cGoogle\u201d \u015firk\u0259tinin bulud texnologiyas\u0131ndan istifad\u0259 etdiyini t\u0259sdiql\u0259yib. Xat\u0131rladaq ki, bir m\u00fcdd\u0259t \u00f6nc\u0259 AB\u015e Prezidenti Donald Tramp sentyabr\u0131n 15-d\u0259k \u201cMicrosoft\u201d v\u0259 ya dig\u0259r AB\u015e \u015firk\u0259tin\u0259 sat\u0131lmayaca\u011f\u0131 t\u0259qdird\u0259 \u201cTikTok\u201d \u0259lav\u0259sinin Birl\u0259\u015fmi\u015f \u015etatlarda f\u0259aliyy\u0259tini dayand\u0131raca\u011f\u0131 il\u0259 h\u0259d\u0259l\u0259yib.<\/p>\n","protected":false},"author":2,"featured_media":211291,"comment_status":"closed","ping_status":"closed","sticky":false,"template":"","format":"standard","meta":{"om_disable_all_campaigns":false,"_monsterinsights_skip_tracking":false,"_monsterinsights_sitenote_active":false,"_monsterinsights_sitenote_note":"","_monsterinsights_sitenote_category":0},"categories":[7],"tags":[],"aioseo_notices":[],"gutentor_comment":0,"rttpg_featured_image_url":{"full":["https:\/\/arantv.az\/wp-content\/uploads\/2020\/08\/f488e7b08997ad.jpg",620,347,false],"landscape":["https:\/\/arantv.az\/wp-content\/uploads\/2020\/08\/f488e7b08997ad.jpg",620,347,false],"portraits":["https:\/\/arantv.az\/wp-content\/uploads\/2020\/08\/f488e7b08997ad.jpg",620,347,false],"thumbnail":["https:\/\/arantv.az\/wp-content\/uploads\/2020\/08\/f488e7b08997ad-150x150.jpg",150,150,true],"medium":["https:\/\/arantv.az\/wp-content\/uploads\/2020\/08\/f488e7b08997ad-300x168.jpg",300,168,true],"large":["https:\/\/arantv.az\/wp-content\/uploads\/2020\/08\/f488e7b08997ad.jpg",620,347,false],"1536x1536":["https:\/\/arantv.az\/wp-content\/uploads\/2020\/08\/f488e7b08997ad.jpg",620,347,false],"2048x2048":["https:\/\/arantv.az\/wp-content\/uploads\/2020\/08\/f488e7b08997ad.jpg",620,347,false],"post-thumbnail":["https:\/\/arantv.az\/wp-content\/uploads\/2020\/08\/f488e7b08997ad-240x172.jpg",240,172,true],"advps-thumb-one":["https:\/\/arantv.az\/wp-content\/uploads\/2020\/08\/f488e7b08997ad.jpg",620,347,false]},"rttpg_author":{"display_name":"V\u00fcsal Rafiqo\u011flu","author_link":"https:\/\/arantv.az\/?author=2"},"rttpg_comment":0,"rttpg_category":"<a href=\"https:\/\/arantv.az\/?cat=7\" rel=\"category\">D\u00fcnya<\/a>","rttpg_excerpt":"AB\u015e-\u0131n \u201cGoogle\u201d \u015firk\u0259ti \u201cTikTok\u201d sosial \u015f\u0259b\u0259k\u0259sini almaq niyy\u0259tind\u0259 olmad\u0131\u011f\u0131n\u0131 elan edib. \u201cBloomberg\u201d agentliyi bu bar\u0259d\u0259 \u201cGoogle\u201dun Ba\u015f icra\u00e7\u0131 direktoru Sundar Pi\u00e7ainin a\u00e7\u0131qlamas\u0131na istinad\u0259n m\u0259lumat yay\u0131b. \u00d6z n\u00f6vb\u0259sind\u0259 S. Pi\u00e7ai \u201cTikTok\u201dun \u201cGoogle\u201d \u015firk\u0259tinin bulud texnologiyas\u0131ndan istifad\u0259 etdiyini t\u0259sdiql\u0259yib. Xat\u0131rladaq ki, bir m\u00fcdd\u0259t \u00f6nc\u0259 AB\u015e Prezidenti Donald Tramp sentyabr\u0131n 15-d\u0259k \u201cMicrosoft\u201d v\u0259 ya dig\u0259r AB\u015e \u015firk\u0259tin\u0259 sat\u0131lmayaca\u011f\u0131&hellip;","_links":{"self":[{"href":"https:\/\/arantv.az\/index.php?rest_route=\/wp\/v2\/posts\/211290"}],"collection":[{"href":"https:\/\/arantv.az\/index.php?rest_route=\/wp\/v2\/posts"}],"about":[{"href":"https:\/\/arantv.az\/index.php?rest_route=\/wp\/v2\/types\/post"}],"author":[{"embeddable":true,"href":"https:\/\/arantv.az\/index.php?rest_route=\/wp\/v2\/users\/2"}],"replies":[{"embeddable":true,"href":"https:\/\/arantv.az\/index.php?rest_route=%2Fwp%2Fv2%2Fcomments&post=211290"}],"version-history":[{"count":0,"href":"https:\/\/arantv.az\/index.php?rest_route=\/wp\/v2\/posts\/211290\/revisions"}],"wp:featuredmedia":[{"embeddable":true,"href":"https:\/\/arantv.az\/index.php?rest_route=\/wp\/v2\/media\/211291"}],"wp:attachment":[{"href":"https:\/\/arantv.az\/index.php?rest_route=%2Fwp%2Fv2%2Fmedia&parent=211290"}],"wp:term":[{"taxonomy":"category","embeddable":true,"href":"https:\/\/arantv.az\/index.php?rest_route=%2Fwp%2Fv2%2Fcategories&post=211290"},{"taxonomy":"post_tag","embeddable":true,"href":"https:\/\/arantv.az\/index.php?rest_route=%2Fwp%2Fv2%2Ftags&post=211290"}],"curies":[{"name":"wp","href":"https:\/\/api.w.org\/{rel}","templated":true}]}}