{"id":211298,"date":"2020-08-27T13:38:04","date_gmt":"2020-08-27T10:38:04","guid":{"rendered":"http:\/\/arantv.az\/?p=211298"},"modified":"2020-08-27T13:38:04","modified_gmt":"2020-08-27T10:38:04","slug":"sosial-baglar-layih%c9%99si-c%c9%99rciv%c9%99sind%c9%99-istirakcilara-d%c9%99st%c9%99k-m%c9%99qs%c9%99dil%c9%99-hansi-t%c9%99dbirl%c9%99r-gorulur","status":"publish","type":"post","link":"https:\/\/arantv.az\/?p=211298","title":{"rendered":"\u201cSosial ba\u011flar\u201d layih\u0259si \u00e7\u0259r\u00e7iv\u0259sind\u0259 i\u015ftirak\u00e7\u0131lara d\u0259st\u0259k m\u0259qs\u0259dil\u0259 hans\u0131 t\u0259dbirl\u0259r g\u00f6r\u00fcl\u00fcr?"},"content":{"rendered":"<p>\u018fm\u0259k v\u0259 \u018fhalinin Sosial M\u00fcdafi\u0259si Nazirliyi v\u0259 Heyd\u0259r \u018fliyev Fondunun \u201cRegional \u0130nki\u015faf\u201d \u0130ctimai Birliyinin birg\u0259 h\u0259yata ke\u00e7irdiyi \u201cSosial Ba\u011flar\u201d layih\u0259sin\u0259 c\u0259lb olunan i\u015ftirak\u00e7\u0131lara d\u0259st\u0259k m\u0259qs\u0259dil\u0259 bir s\u0131ra t\u0259dbirl\u0259r\u00a0h\u0259yata ke\u00e7irilir.<\/p>\n<p>Nazirlikd\u0259n\u00a0veril\u0259n m\u0259lumata g\u00f6r\u0259, ilk olaraq i\u015ftirak\u00e7\u0131lar\u0131n v\u0259 onlar \u00fc\u00e7\u00fcn yarad\u0131lacaq ba\u011f\u00e7\u0131l\u0131q t\u0259s\u0259rr\u00fcfat\u0131n\u0131n n\u00f6v\u00fcn\u00fcn se\u00e7imi apar\u0131l\u0131r. El\u0259c\u0259 d\u0259\u00a0i\u015ftirak\u00e7\u0131lar\u00a0\u00fc\u00e7\u00fcn biznes\u0259 ba\u015flama v\u0259 biznesin idar\u0259 edilm\u0259sin\u0259 dair t\u0259liml\u0259r ke\u00e7irilir.<\/p>\n<p>N\u00f6vb\u0259ti m\u0259rh\u0259l\u0259d\u0259 torpaq sah\u0259l\u0259ri \u0259kin \u00fc\u00e7\u00fcn haz\u0131r v\u0259ziyy\u0259t\u0259 g\u0259tirilir, \u0259razi k\u00f6hn\u0259 a\u011faclardan, kollardan, da\u015flardan t\u0259mizl\u0259nir v\u0259 tingl\u0259r \u0259kilir.<\/p>\n<div id=\"AdviadNativeVideo0\" class=\"AdviadNativeVideo\"><\/div>\n<p>\u018frazi hasara al\u0131n\u0131r, elektrik x\u0259tl\u0259ri \u00e7\u0259kilir v\u0259 damla suvarma sistemi qura\u015fd\u0131r\u0131l\u0131r.<\/p>\n<p>H\u0259m\u00e7inin ba\u011flarda m\u00fct\u0259madi monitorinql\u0259r ke\u00e7iril\u0259r\u0259k m\u00f6vcud v\u0259ziyy\u0259t qiym\u0259tl\u0259ndirilir. \u0130\u015ftirak\u00e7\u0131lar g\u00fcbr\u0259 v\u0259 d\u0259rman vasit\u0259l\u0259ri il\u0259 t\u0259min edilir, onlara laz\u0131m\u0131 aqrotexniki v\u0259 dig\u0259r m\u0259sl\u0259h\u0259t xidm\u0259tl\u0259ri g\u00f6st\u0259rilir. Quruyan\u00a0v\u0259 inki\u015fafdan qalan\u00a0tingl\u0259r yenil\u0259ri il\u0259 \u0259v\u0259z edilir, i\u015ftirak\u00e7\u0131lar\u0131n avadanl\u0131qlara olan \u0259lav\u0259 ehtiyaclar\u0131 da t\u0259min edilir.<\/p>\n<p>Qeyd ed\u0259k ki, 2018-ci ild\u0259n realla\u015fd\u0131r\u0131lan layih\u0259 \u00e7\u0259r\u00e7iv\u0259sind\u0259 375 ail\u0259 \u00fc\u00e7\u00fcn ba\u011f sal\u0131n\u0131b. Cari ild\u0259 16 rayon \u00fczr\u0259 250 azt\u0259minatl\u0131 ail\u0259 \u00fc\u00e7\u00fcn intensiz meyv\u0259 ba\u011flar\u0131n\u0131n yarad\u0131lmas\u0131 da n\u0259z\u0259rd\u0259 tutulur.<\/p>\n<p>Haz\u0131rda layih\u0259y\u0259 m\u00fcraci\u0259tl\u0259rin h\u0259min rayonlar \u00fczr\u0259 \u018frazi M\u0259\u015f\u011fulluq M\u0259rk\u0259zl\u0259ri t\u0259r\u0259find\u0259n qeydiyyat\u0131 davam edir. Son m\u00fcraci\u0259t tarixi sentyabr\u0131n 1-dir.<\/p>\n","protected":false},"excerpt":{"rendered":"<p>\u018fm\u0259k v\u0259 \u018fhalinin Sosial M\u00fcdafi\u0259si Nazirliyi v\u0259 Heyd\u0259r \u018fliyev Fondunun \u201cRegional \u0130nki\u015faf\u201d \u0130ctimai Birliyinin birg\u0259 h\u0259yata ke\u00e7irdiyi \u201cSosial Ba\u011flar\u201d layih\u0259sin\u0259 c\u0259lb olunan i\u015ftirak\u00e7\u0131lara d\u0259st\u0259k m\u0259qs\u0259dil\u0259 bir s\u0131ra t\u0259dbirl\u0259r\u00a0h\u0259yata ke\u00e7irilir. Nazirlikd\u0259n\u00a0veril\u0259n m\u0259lumata g\u00f6r\u0259, ilk olaraq i\u015ftirak\u00e7\u0131lar\u0131n v\u0259 onlar \u00fc\u00e7\u00fcn yarad\u0131lacaq ba\u011f\u00e7\u0131l\u0131q t\u0259s\u0259rr\u00fcfat\u0131n\u0131n n\u00f6v\u00fcn\u00fcn se\u00e7imi apar\u0131l\u0131r. El\u0259c\u0259 d\u0259\u00a0i\u015ftirak\u00e7\u0131lar\u00a0\u00fc\u00e7\u00fcn biznes\u0259 ba\u015flama v\u0259 biznesin idar\u0259 edilm\u0259sin\u0259 dair t\u0259liml\u0259r ke\u00e7irilir. N\u00f6vb\u0259ti m\u0259rh\u0259l\u0259d\u0259 torpaq sah\u0259l\u0259ri \u0259kin \u00fc\u00e7\u00fcn haz\u0131r v\u0259ziyy\u0259t\u0259 g\u0259tirilir, \u0259razi k\u00f6hn\u0259 a\u011faclardan, kollardan, da\u015flardan t\u0259mizl\u0259nir v\u0259 tingl\u0259r \u0259kilir. \u018frazi hasara al\u0131n\u0131r, elektrik x\u0259tl\u0259ri \u00e7\u0259kilir v\u0259 damla suvarma sistemi qura\u015fd\u0131r\u0131l\u0131r. H\u0259m\u00e7inin ba\u011flarda m\u00fct\u0259madi monitorinql\u0259r ke\u00e7iril\u0259r\u0259k m\u00f6vcud&hellip;<\/p>\n","protected":false},"author":2,"featured_media":211299,"comment_status":"closed","ping_status":"closed","sticky":false,"template":"","format":"standard","meta":{"om_disable_all_campaigns":false,"_monsterinsights_skip_tracking":false,"_monsterinsights_sitenote_active":false,"_monsterinsights_sitenote_note":"","_monsterinsights_sitenote_category":0},"categories":[26],"tags":[],"aioseo_notices":[],"gutentor_comment":0,"rttpg_featured_image_url":{"full":["https:\/\/arantv.az\/wp-content\/uploads\/2020\/08\/bag-1.jpg",620,414,false],"landscape":["https:\/\/arantv.az\/wp-content\/uploads\/2020\/08\/bag-1.jpg",620,414,false],"portraits":["https:\/\/arantv.az\/wp-content\/uploads\/2020\/08\/bag-1.jpg",620,414,false],"thumbnail":["https:\/\/arantv.az\/wp-content\/uploads\/2020\/08\/bag-1-150x150.jpg",150,150,true],"medium":["https:\/\/arantv.az\/wp-content\/uploads\/2020\/08\/bag-1-300x200.jpg",300,200,true],"large":["https:\/\/arantv.az\/wp-content\/uploads\/2020\/08\/bag-1.jpg",620,414,false],"1536x1536":["https:\/\/arantv.az\/wp-content\/uploads\/2020\/08\/bag-1.jpg",620,414,false],"2048x2048":["https:\/\/arantv.az\/wp-content\/uploads\/2020\/08\/bag-1.jpg",620,414,false],"post-thumbnail":["https:\/\/arantv.az\/wp-content\/uploads\/2020\/08\/bag-1-240x172.jpg",240,172,true],"advps-thumb-one":["https:\/\/arantv.az\/wp-content\/uploads\/2020\/08\/bag-1.jpg",620,414,false]},"rttpg_author":{"display_name":"V\u00fcsal Rafiqo\u011flu","author_link":"https:\/\/arantv.az\/?author=2"},"rttpg_comment":0,"rttpg_category":"<a href=\"https:\/\/arantv.az\/?cat=26\" rel=\"category\">Sosial<\/a>","rttpg_excerpt":"\u018fm\u0259k v\u0259 \u018fhalinin Sosial M\u00fcdafi\u0259si Nazirliyi v\u0259 Heyd\u0259r \u018fliyev Fondunun \u201cRegional \u0130nki\u015faf\u201d \u0130ctimai Birliyinin birg\u0259 h\u0259yata ke\u00e7irdiyi \u201cSosial Ba\u011flar\u201d layih\u0259sin\u0259 c\u0259lb olunan i\u015ftirak\u00e7\u0131lara d\u0259st\u0259k m\u0259qs\u0259dil\u0259 bir s\u0131ra t\u0259dbirl\u0259r\u00a0h\u0259yata ke\u00e7irilir. Nazirlikd\u0259n\u00a0veril\u0259n m\u0259lumata g\u00f6r\u0259, ilk olaraq i\u015ftirak\u00e7\u0131lar\u0131n v\u0259 onlar \u00fc\u00e7\u00fcn yarad\u0131lacaq ba\u011f\u00e7\u0131l\u0131q t\u0259s\u0259rr\u00fcfat\u0131n\u0131n n\u00f6v\u00fcn\u00fcn se\u00e7imi apar\u0131l\u0131r. El\u0259c\u0259 d\u0259\u00a0i\u015ftirak\u00e7\u0131lar\u00a0\u00fc\u00e7\u00fcn biznes\u0259 ba\u015flama v\u0259 biznesin idar\u0259 edilm\u0259sin\u0259 dair t\u0259liml\u0259r ke\u00e7irilir.&hellip;","_links":{"self":[{"href":"https:\/\/arantv.az\/index.php?rest_route=\/wp\/v2\/posts\/211298"}],"collection":[{"href":"https:\/\/arantv.az\/index.php?rest_route=\/wp\/v2\/posts"}],"about":[{"href":"https:\/\/arantv.az\/index.php?rest_route=\/wp\/v2\/types\/post"}],"author":[{"embeddable":true,"href":"https:\/\/arantv.az\/index.php?rest_route=\/wp\/v2\/users\/2"}],"replies":[{"embeddable":true,"href":"https:\/\/arantv.az\/index.php?rest_route=%2Fwp%2Fv2%2Fcomments&post=211298"}],"version-history":[{"count":0,"href":"https:\/\/arantv.az\/index.php?rest_route=\/wp\/v2\/posts\/211298\/revisions"}],"wp:featuredmedia":[{"embeddable":true,"href":"https:\/\/arantv.az\/index.php?rest_route=\/wp\/v2\/media\/211299"}],"wp:attachment":[{"href":"https:\/\/arantv.az\/index.php?rest_route=%2Fwp%2Fv2%2Fmedia&parent=211298"}],"wp:term":[{"taxonomy":"category","embeddable":true,"href":"https:\/\/arantv.az\/index.php?rest_route=%2Fwp%2Fv2%2Fcategories&post=211298"},{"taxonomy":"post_tag","embeddable":true,"href":"https:\/\/arantv.az\/index.php?rest_route=%2Fwp%2Fv2%2Ftags&post=211298"}],"curies":[{"name":"wp","href":"https:\/\/api.w.org\/{rel}","templated":true}]}}