{"id":211302,"date":"2020-08-27T13:40:23","date_gmt":"2020-08-27T10:40:23","guid":{"rendered":"http:\/\/arantv.az\/?p=211302"},"modified":"2020-08-27T13:40:23","modified_gmt":"2020-08-27T10:40:23","slug":"c%c9%99nubi-koreyada-pik-yoluxma","status":"publish","type":"post","link":"https:\/\/arantv.az\/?p=211302","title":{"rendered":"C\u0259nubi Koreyada pik yoluxma"},"content":{"rendered":"<p><strong>C\u0259nubi Koreyada mart ay\u0131n\u0131n 7-d\u0259n b\u0259ri yeni n\u00f6v koronavirusa (COVID-19) g\u00fcnd\u0259lik \u0259n y\u00fcks\u0259k yoluxma qeyd\u0259 al\u0131n\u0131b.<\/strong><\/p>\n<p><strong>ARANTV.AZ<\/strong> APA-ya\u00a0istinad\u0259n bildirir ki,\u00a0bu bar\u0259d\u0259 \u00f6lk\u0259nin S\u0259hiyy\u0259 Naziliyi bildirib.<\/p>\n<p>Son sutka \u0259rzind\u0259 \u00f6lk\u0259d\u0259 koronavirusa 441 yeni yoluxma ba\u015f verib.<\/p>\n<p>Nazirlikd\u0259n bildirilib ki, aktiv yoluxma hal\u0131 daha \u00e7ox paytaxt Seuldak\u0131 Saranq-ceyl kils\u0259si \u0259traf\u0131nda qeyd\u0259 al\u0131n\u0131b.<\/p>\n<div>\n<div id=\"AdviadNativeVideo0\" class=\"AdviadNativeVideo\"><\/div>\n<\/div>\n<p>Qeyd ed\u0259k ki, pandemiyan\u0131n ba\u015flad\u0131\u011f\u0131 ilk vaxtlarda C\u0259nubi Koreya virusun yay\u0131lmas\u0131n\u0131 effektiv \u015f\u0259kild\u0259 n\u0259zar\u0259td\u0259 saxlad\u0131\u011f\u0131 \u00fc\u00e7\u00fcn beyn\u0259lxalq t\u0259qdir qazanm\u0131\u015fd\u0131.<\/p>\n<p>&nbsp;<\/p>\n","protected":false},"excerpt":{"rendered":"<p>C\u0259nubi Koreyada mart ay\u0131n\u0131n 7-d\u0259n b\u0259ri yeni n\u00f6v koronavirusa (COVID-19) g\u00fcnd\u0259lik \u0259n y\u00fcks\u0259k yoluxma qeyd\u0259 al\u0131n\u0131b. ARANTV.AZ APA-ya\u00a0istinad\u0259n bildirir ki,\u00a0bu bar\u0259d\u0259 \u00f6lk\u0259nin S\u0259hiyy\u0259 Naziliyi bildirib. Son sutka \u0259rzind\u0259 \u00f6lk\u0259d\u0259 koronavirusa 441 yeni yoluxma ba\u015f verib. Nazirlikd\u0259n bildirilib ki, aktiv yoluxma hal\u0131 daha \u00e7ox paytaxt Seuldak\u0131 Saranq-ceyl kils\u0259si \u0259traf\u0131nda qeyd\u0259 al\u0131n\u0131b. Qeyd ed\u0259k ki, pandemiyan\u0131n ba\u015flad\u0131\u011f\u0131 ilk vaxtlarda C\u0259nubi Koreya virusun yay\u0131lmas\u0131n\u0131 effektiv \u015f\u0259kild\u0259 n\u0259zar\u0259td\u0259 saxlad\u0131\u011f\u0131 \u00fc\u00e7\u00fcn beyn\u0259lxalq t\u0259qdir qazanm\u0131\u015fd\u0131. &nbsp;<\/p>\n","protected":false},"author":2,"featured_media":211303,"comment_status":"closed","ping_status":"closed","sticky":false,"template":"","format":"standard","meta":{"om_disable_all_campaigns":false,"_monsterinsights_skip_tracking":false,"_monsterinsights_sitenote_active":false,"_monsterinsights_sitenote_note":"","_monsterinsights_sitenote_category":0},"categories":[7],"tags":[],"aioseo_notices":[],"gutentor_comment":0,"rttpg_featured_image_url":{"full":["https:\/\/arantv.az\/wp-content\/uploads\/2020\/08\/876328.jpg",800,600,false],"landscape":["https:\/\/arantv.az\/wp-content\/uploads\/2020\/08\/876328.jpg",800,600,false],"portraits":["https:\/\/arantv.az\/wp-content\/uploads\/2020\/08\/876328.jpg",800,600,false],"thumbnail":["https:\/\/arantv.az\/wp-content\/uploads\/2020\/08\/876328-150x150.jpg",150,150,true],"medium":["https:\/\/arantv.az\/wp-content\/uploads\/2020\/08\/876328-300x225.jpg",300,225,true],"large":["https:\/\/arantv.az\/wp-content\/uploads\/2020\/08\/876328.jpg",640,480,false],"1536x1536":["https:\/\/arantv.az\/wp-content\/uploads\/2020\/08\/876328.jpg",800,600,false],"2048x2048":["https:\/\/arantv.az\/wp-content\/uploads\/2020\/08\/876328.jpg",800,600,false],"post-thumbnail":["https:\/\/arantv.az\/wp-content\/uploads\/2020\/08\/876328-240x172.jpg",240,172,true],"advps-thumb-one":["https:\/\/arantv.az\/wp-content\/uploads\/2020\/08\/876328.jpg",800,600,false]},"rttpg_author":{"display_name":"V\u00fcsal Rafiqo\u011flu","author_link":"https:\/\/arantv.az\/?author=2"},"rttpg_comment":0,"rttpg_category":"<a href=\"https:\/\/arantv.az\/?cat=7\" rel=\"category\">D\u00fcnya<\/a>","rttpg_excerpt":"C\u0259nubi Koreyada mart ay\u0131n\u0131n 7-d\u0259n b\u0259ri yeni n\u00f6v koronavirusa (COVID-19) g\u00fcnd\u0259lik \u0259n y\u00fcks\u0259k yoluxma qeyd\u0259 al\u0131n\u0131b. ARANTV.AZ APA-ya\u00a0istinad\u0259n bildirir ki,\u00a0bu bar\u0259d\u0259 \u00f6lk\u0259nin S\u0259hiyy\u0259 Naziliyi bildirib. Son sutka \u0259rzind\u0259 \u00f6lk\u0259d\u0259 koronavirusa 441 yeni yoluxma ba\u015f verib. Nazirlikd\u0259n bildirilib ki, aktiv yoluxma hal\u0131 daha \u00e7ox paytaxt Seuldak\u0131 Saranq-ceyl kils\u0259si \u0259traf\u0131nda qeyd\u0259 al\u0131n\u0131b. Qeyd ed\u0259k ki, pandemiyan\u0131n ba\u015flad\u0131\u011f\u0131&hellip;","_links":{"self":[{"href":"https:\/\/arantv.az\/index.php?rest_route=\/wp\/v2\/posts\/211302"}],"collection":[{"href":"https:\/\/arantv.az\/index.php?rest_route=\/wp\/v2\/posts"}],"about":[{"href":"https:\/\/arantv.az\/index.php?rest_route=\/wp\/v2\/types\/post"}],"author":[{"embeddable":true,"href":"https:\/\/arantv.az\/index.php?rest_route=\/wp\/v2\/users\/2"}],"replies":[{"embeddable":true,"href":"https:\/\/arantv.az\/index.php?rest_route=%2Fwp%2Fv2%2Fcomments&post=211302"}],"version-history":[{"count":0,"href":"https:\/\/arantv.az\/index.php?rest_route=\/wp\/v2\/posts\/211302\/revisions"}],"wp:featuredmedia":[{"embeddable":true,"href":"https:\/\/arantv.az\/index.php?rest_route=\/wp\/v2\/media\/211303"}],"wp:attachment":[{"href":"https:\/\/arantv.az\/index.php?rest_route=%2Fwp%2Fv2%2Fmedia&parent=211302"}],"wp:term":[{"taxonomy":"category","embeddable":true,"href":"https:\/\/arantv.az\/index.php?rest_route=%2Fwp%2Fv2%2Fcategories&post=211302"},{"taxonomy":"post_tag","embeddable":true,"href":"https:\/\/arantv.az\/index.php?rest_route=%2Fwp%2Fv2%2Ftags&post=211302"}],"curies":[{"name":"wp","href":"https:\/\/api.w.org\/{rel}","templated":true}]}}