{"id":211306,"date":"2020-08-27T13:43:38","date_gmt":"2020-08-27T10:43:38","guid":{"rendered":"http:\/\/arantv.az\/?p=211306"},"modified":"2020-08-27T13:43:38","modified_gmt":"2020-08-27T10:43:38","slug":"yasilliqlarin-artirilmasi-diqq%c9%99t-m%c9%99rk%c9%99zind%c9%99dir","status":"publish","type":"post","link":"https:\/\/arantv.az\/?p=211306","title":{"rendered":"Ya\u015f\u0131ll\u0131qlar\u0131n art\u0131r\u0131lmas\u0131 diqq\u0259t m\u0259rk\u0259zind\u0259dir"},"content":{"rendered":"<p>Ulu \u00f6nd\u0259r Heyd\u0259r \u018fliyevin r\u0259hb\u0259rliyi d\u00f6vr\u00fcnd\u0259 q\u0259bul edilmi\u015f ekoloji q\u0259rarlar, qanunlar, s\u0259r\u0259ncamlar \u00f6lk\u0259mizin t\u0259bi\u0259tinin sa\u011flaml\u0131\u011f\u0131na y\u00f6n\u0259lmi\u015fdir. Ulu \u00f6nd\u0259rin Az\u0259rbaycan t\u0259bi\u0259tin\u0259 qay\u011f\u0131s\u0131 bir \u00f6vlad\u0131n anas\u0131na g\u00f6st\u0259rdiyi qay\u011f\u0131 q\u0259d\u0259r s\u0259mimi v\u0259 t\u0259mannas\u0131zd\u0131r.<\/p>\n<p>Bu qay\u011f\u0131n\u0131n davam\u0131 olaraq S\u0259d\u0259r\u0259k rayonunda meyv\u0259 ba\u011flar\u0131n\u0131n sal\u0131nmas\u0131 v\u0259 meyv\u0259 istehsal\u0131 ilb\u0259il art\u0131r. Bu il rayonda 1,7 hektar \u0259razid\u0259 yeni\u00a0 meyv\u0259\u00a0 ba\u011f\u0131\u00a0 sal\u0131n\u0131b. H\u0259min \u0259razil\u0259rd\u0259 650 \u0259rik v\u0259 550 al\u00e7a a\u011fac\u0131 \u0259kilib. \u00dcmumilikd\u0259 Heyd\u0259rabad q\u0259s\u0259b\u0259sind\u0259 19,5 hektar, S\u0259d\u0259r\u0259k k\u0259ndind\u0259 53,6 hektar, Qaraa\u011fac k\u0259ndind\u0259 is\u0259 42 hektar meyv\u0259 ba\u011f\u0131 m\u00f6vcuddur.<\/p>\n<p>H\u0259m\u00e7inin b\u0259rpa m\u0259qs\u0259di il\u0259 \u00fcmumilikd\u0259 bu il 8,7 hektar sah\u0259d\u0259 5700 meyv\u0259, 1200 me\u015f\u0259 v\u0259 1570 h\u0259mi\u015f\u0259ya\u015f\u0131l a\u011faclar, 6830 g\u00fcl-b\u0259z\u0259k kollar\u0131 v\u0259 1420 \u00fcz\u00fcm tingi, o c\u00fcml\u0259d\u0259n Heyd\u0259rabad q\u0259s\u0259b\u0259sind\u0259 500 \u00e7inar v\u0259 200 c\u0259viz a\u011fac\u0131 \u0259kilib.<\/p>\n<p>S\u0259d\u0259r\u0259k rayonunun ba\u011fbanlar\u0131 keyfiyy\u0259tli meyv\u0259 yeti\u015fdirm\u0259k, \u00f6z ail\u0259 g\u0259lirl\u0259rini daha da g\u00fccl\u0259ndirm\u0259k, s\u00fcfr\u0259l\u0259rind\u0259 yerli m\u0259hsullar\u0131n bollu\u011funu yaratmaq namin\u0259 b\u00fct\u00fcn q\u00fcvv\u0259l\u0259rini s\u0259f\u0259rb\u0259r edirl\u0259r. Rayon sakinl\u0259ri yax\u015f\u0131 bilirl\u0259r ki, ya\u015f\u0131ll\u0131qlar n\u0259 q\u0259d\u0259r bol olsa, hava da bir o q\u0259d\u0259r saf, t\u0259miz olar, g\u0259l\u0259c\u0259k n\u0259sill\u0259r d\u0259 sa\u011flam m\u00fchitd\u0259 b\u00f6y\u00fcy\u0259r.<\/p>\n<p>Nax\u00e7\u0131van Muxtar Respublikas\u0131n\u0131n h\u0259r yerind\u0259 oldu\u011fu kimi, \u00a0S\u0259d\u0259r\u0259k rayonu da\u00a0 ekoloji istiqam\u0259td\u0259 ulu \u00f6nd\u0259r Heyd\u0259r \u018fliyevin d\u0259st-x\u0259ttini davam etdir\u0259c\u0259kdir.<\/p>\n","protected":false},"excerpt":{"rendered":"<p>Ulu \u00f6nd\u0259r Heyd\u0259r \u018fliyevin r\u0259hb\u0259rliyi d\u00f6vr\u00fcnd\u0259 q\u0259bul edilmi\u015f ekoloji q\u0259rarlar, qanunlar, s\u0259r\u0259ncamlar \u00f6lk\u0259mizin t\u0259bi\u0259tinin sa\u011flaml\u0131\u011f\u0131na y\u00f6n\u0259lmi\u015fdir. Ulu \u00f6nd\u0259rin Az\u0259rbaycan t\u0259bi\u0259tin\u0259 qay\u011f\u0131s\u0131 bir \u00f6vlad\u0131n anas\u0131na g\u00f6st\u0259rdiyi qay\u011f\u0131 q\u0259d\u0259r s\u0259mimi v\u0259 t\u0259mannas\u0131zd\u0131r. Bu qay\u011f\u0131n\u0131n davam\u0131 olaraq S\u0259d\u0259r\u0259k rayonunda meyv\u0259 ba\u011flar\u0131n\u0131n sal\u0131nmas\u0131 v\u0259 meyv\u0259 istehsal\u0131 ilb\u0259il art\u0131r. Bu il rayonda 1,7 hektar \u0259razid\u0259 yeni\u00a0 meyv\u0259\u00a0 ba\u011f\u0131\u00a0 sal\u0131n\u0131b. H\u0259min \u0259razil\u0259rd\u0259 650 \u0259rik v\u0259 550 al\u00e7a a\u011fac\u0131 \u0259kilib. \u00dcmumilikd\u0259 Heyd\u0259rabad q\u0259s\u0259b\u0259sind\u0259 19,5 hektar, S\u0259d\u0259r\u0259k k\u0259ndind\u0259 53,6 hektar, Qaraa\u011fac k\u0259ndind\u0259 is\u0259 42 hektar meyv\u0259 ba\u011f\u0131 m\u00f6vcuddur. H\u0259m\u00e7inin b\u0259rpa m\u0259qs\u0259di il\u0259 \u00fcmumilikd\u0259 bu il 8,7 hektar sah\u0259d\u0259&hellip;<\/p>\n","protected":false},"author":2,"featured_media":211307,"comment_status":"closed","ping_status":"closed","sticky":false,"template":"","format":"standard","meta":{"om_disable_all_campaigns":false,"_monsterinsights_skip_tracking":false,"_monsterinsights_sitenote_active":false,"_monsterinsights_sitenote_note":"","_monsterinsights_sitenote_category":0},"categories":[26],"tags":[],"aioseo_notices":[],"gutentor_comment":0,"rttpg_featured_image_url":{"full":["https:\/\/arantv.az\/wp-content\/uploads\/2020\/08\/9afbe998159852355384184879410181780.jpg",975,540,false],"landscape":["https:\/\/arantv.az\/wp-content\/uploads\/2020\/08\/9afbe998159852355384184879410181780.jpg",975,540,false],"portraits":["https:\/\/arantv.az\/wp-content\/uploads\/2020\/08\/9afbe998159852355384184879410181780.jpg",975,540,false],"thumbnail":["https:\/\/arantv.az\/wp-content\/uploads\/2020\/08\/9afbe998159852355384184879410181780-150x150.jpg",150,150,true],"medium":["https:\/\/arantv.az\/wp-content\/uploads\/2020\/08\/9afbe998159852355384184879410181780-300x166.jpg",300,166,true],"large":["https:\/\/arantv.az\/wp-content\/uploads\/2020\/08\/9afbe998159852355384184879410181780.jpg",640,354,false],"1536x1536":["https:\/\/arantv.az\/wp-content\/uploads\/2020\/08\/9afbe998159852355384184879410181780.jpg",975,540,false],"2048x2048":["https:\/\/arantv.az\/wp-content\/uploads\/2020\/08\/9afbe998159852355384184879410181780.jpg",975,540,false],"post-thumbnail":["https:\/\/arantv.az\/wp-content\/uploads\/2020\/08\/9afbe998159852355384184879410181780-240x172.jpg",240,172,true],"advps-thumb-one":["https:\/\/arantv.az\/wp-content\/uploads\/2020\/08\/9afbe998159852355384184879410181780.jpg",975,540,false]},"rttpg_author":{"display_name":"V\u00fcsal Rafiqo\u011flu","author_link":"https:\/\/arantv.az\/?author=2"},"rttpg_comment":0,"rttpg_category":"<a href=\"https:\/\/arantv.az\/?cat=26\" rel=\"category\">Sosial<\/a>","rttpg_excerpt":"Ulu \u00f6nd\u0259r Heyd\u0259r \u018fliyevin r\u0259hb\u0259rliyi d\u00f6vr\u00fcnd\u0259 q\u0259bul edilmi\u015f ekoloji q\u0259rarlar, qanunlar, s\u0259r\u0259ncamlar \u00f6lk\u0259mizin t\u0259bi\u0259tinin sa\u011flaml\u0131\u011f\u0131na y\u00f6n\u0259lmi\u015fdir. Ulu \u00f6nd\u0259rin Az\u0259rbaycan t\u0259bi\u0259tin\u0259 qay\u011f\u0131s\u0131 bir \u00f6vlad\u0131n anas\u0131na g\u00f6st\u0259rdiyi qay\u011f\u0131 q\u0259d\u0259r s\u0259mimi v\u0259 t\u0259mannas\u0131zd\u0131r. Bu qay\u011f\u0131n\u0131n davam\u0131 olaraq S\u0259d\u0259r\u0259k rayonunda meyv\u0259 ba\u011flar\u0131n\u0131n sal\u0131nmas\u0131 v\u0259 meyv\u0259 istehsal\u0131 ilb\u0259il art\u0131r. Bu il rayonda 1,7 hektar \u0259razid\u0259 yeni\u00a0 meyv\u0259\u00a0 ba\u011f\u0131\u00a0 sal\u0131n\u0131b. H\u0259min&hellip;","_links":{"self":[{"href":"https:\/\/arantv.az\/index.php?rest_route=\/wp\/v2\/posts\/211306"}],"collection":[{"href":"https:\/\/arantv.az\/index.php?rest_route=\/wp\/v2\/posts"}],"about":[{"href":"https:\/\/arantv.az\/index.php?rest_route=\/wp\/v2\/types\/post"}],"author":[{"embeddable":true,"href":"https:\/\/arantv.az\/index.php?rest_route=\/wp\/v2\/users\/2"}],"replies":[{"embeddable":true,"href":"https:\/\/arantv.az\/index.php?rest_route=%2Fwp%2Fv2%2Fcomments&post=211306"}],"version-history":[{"count":0,"href":"https:\/\/arantv.az\/index.php?rest_route=\/wp\/v2\/posts\/211306\/revisions"}],"wp:featuredmedia":[{"embeddable":true,"href":"https:\/\/arantv.az\/index.php?rest_route=\/wp\/v2\/media\/211307"}],"wp:attachment":[{"href":"https:\/\/arantv.az\/index.php?rest_route=%2Fwp%2Fv2%2Fmedia&parent=211306"}],"wp:term":[{"taxonomy":"category","embeddable":true,"href":"https:\/\/arantv.az\/index.php?rest_route=%2Fwp%2Fv2%2Fcategories&post=211306"},{"taxonomy":"post_tag","embeddable":true,"href":"https:\/\/arantv.az\/index.php?rest_route=%2Fwp%2Fv2%2Ftags&post=211306"}],"curies":[{"name":"wp","href":"https:\/\/api.w.org\/{rel}","templated":true}]}}