{"id":211310,"date":"2020-08-27T13:55:01","date_gmt":"2020-08-27T10:55:01","guid":{"rendered":"http:\/\/arantv.az\/?p=211310"},"modified":"2020-08-27T13:55:01","modified_gmt":"2020-08-27T10:55:01","slug":"islamsunasliq-ixtisasina-q%c9%99bul-olmaq-ist%c9%99y%c9%99nl%c9%99rin-n%c9%99z%c9%99rin%c9%99","status":"publish","type":"post","link":"https:\/\/arantv.az\/?p=211310","title":{"rendered":"\u0130slam\u015f\u00fcnasl\u0131q ixtisas\u0131na q\u0259bul olmaq ist\u0259y\u0259nl\u0259rin N\u018fZ\u018fR\u0130N\u018f"},"content":{"rendered":"<p>D\u00f6vl\u0259t \u0130mtahan M\u0259rk\u0259zi (D\u0130M) \u0130slam\u015f\u00fcnasl\u0131q ixtisas\u0131na q\u0259bul olmaq ist\u0259y\u0259n abituriyentl\u0259r\u0259 m\u00fcraci\u0259t edib.<\/p>\n<p>D\u0130M-d\u0259n veril\u0259n m\u0259lumata g\u00f6r\u0259, bu ixtisasa q\u0259bul olmaq \u00fc\u00e7\u00fcn m\u00fcsahib\u0259d\u0259 i\u015ftirak etm\u0259k ist\u0259y\u0259n abituriyentl\u0259r 31 avqust-2 sentyabr tarixl\u0259rind\u0259 D\u0130M-in sayt\u0131nda Dini Psixoloji Komissiya (DPK) \u00fczr\u0259 qeydiyyatdan ke\u00e7\u0259 bil\u0259c\u0259kl\u0259r.<\/p>\n<p>\u0130slam\u015f\u00fcnasl\u0131q ixtisas\u0131 \u00fczr\u0259 DPK Bak\u0131da f\u0259aliyy\u0259t g\u00f6st\u0259r\u0259c\u0259k.<\/p>\n<div id=\"AdviadNativeVideo0\" class=\"AdviadNativeVideo\"><\/div>\n<p>M\u00fcsahib\u0259d\u0259 abituriyentin d\u00fcnyag\u00f6r\u00fc\u015f\u00fc v\u0259 dini bilikl\u0259ri, dini bax\u0131\u015flar v\u0259 d\u00fcny\u0259vilik anlay\u0131\u015f\u0131, psixoloji parametrl\u0259rinin \u0130slam\u015f\u00fcnasl\u0131q ixtisas\u0131na uy\u011funlu\u011fu, tolerantl\u0131q v\u0259 multikulturalizm t\u0259s\u0259vv\u00fcrl\u0259ri yoxlan\u0131l\u0131r.<\/p>\n<p>M\u00fcsahib\u0259d\u0259n u\u011furla ke\u00e7\u0259n abituriyentl\u0259r ixtisas se\u00e7imi zaman\u0131 dig\u0259r ixtisaslarla yana\u015f\u0131, Az\u0259rbaycan \u0130lahiyyat \u0130nstitutunun \u0130slam\u015f\u00fc\u00adnas\u00adl\u0131q ixtisas\u0131n\u0131 da se\u00e7\u0259 bil\u0259rl\u0259r.<\/p>\n<p>DPK-n\u0131n t\u0259rkibin\u0259 ilahiyyat sah\u0259si \u00fczr\u0259 m\u00fct\u0259x\u0259ssisl\u0259r, ekspertl\u0259r, psixoloqlar v\u0259 D\u0130M-in \u0259m\u0259kda\u015flar\u0131 daxil edilirl\u0259r.<\/p>\n<p>Qeyd ed\u0259k ki, m\u00fcsahib\u0259d\u0259 III ixtisas qrupunu se\u00e7mi\u015f v\u0259 m\u00fcsabiq\u0259 \u015f\u0259rtl\u0259rin\u0259 \u0259sas\u0259n, \u00fcmumi bal\u0131 150, o c\u00fcml\u0259d\u0259n, q\u0259bul imtahan\u0131n\u0131n II m\u0259rh\u0259l\u0259si \u00fczr\u0259 minimum 50 bal toplam\u0131\u015f abituriyentl\u0259r i\u015ftirak ed\u0259 bil\u0259rl\u0259r.<\/p>\n<p>M\u00fcsahib\u0259d\u0259n m\u0259qbul qiym\u0259t alm\u0131\u015f abituriyentl\u0259r ixtisas se\u00e7imi zaman\u0131 elektron \u0259riz\u0259l\u0259rind\u0259 islam\u015f\u00fcnasl\u0131q ixtisas\u0131n\u0131 qeyd ed\u0259 bil\u0259c\u0259kl\u0259r.<\/p>\n<p>III ixtisas qrupunun \u0130slam\u015f\u00fcnasl\u0131q ixtisas\u0131 \u00fczr\u0259 m\u00fcsabiq\u0259 abituriyentin q\u0259bul imtahan\u0131nda (iki m\u0259rh\u0259l\u0259nin n\u0259tic\u0259sind\u0259) toplad\u0131\u011f\u0131 \u00fcmumi bal \u0259sas\u0131nda apar\u0131l\u0131r.<\/p>\n","protected":false},"excerpt":{"rendered":"<p>D\u00f6vl\u0259t \u0130mtahan M\u0259rk\u0259zi (D\u0130M) \u0130slam\u015f\u00fcnasl\u0131q ixtisas\u0131na q\u0259bul olmaq ist\u0259y\u0259n abituriyentl\u0259r\u0259 m\u00fcraci\u0259t edib. D\u0130M-d\u0259n veril\u0259n m\u0259lumata g\u00f6r\u0259, bu ixtisasa q\u0259bul olmaq \u00fc\u00e7\u00fcn m\u00fcsahib\u0259d\u0259 i\u015ftirak etm\u0259k ist\u0259y\u0259n abituriyentl\u0259r 31 avqust-2 sentyabr tarixl\u0259rind\u0259 D\u0130M-in sayt\u0131nda Dini Psixoloji Komissiya (DPK) \u00fczr\u0259 qeydiyyatdan ke\u00e7\u0259 bil\u0259c\u0259kl\u0259r. \u0130slam\u015f\u00fcnasl\u0131q ixtisas\u0131 \u00fczr\u0259 DPK Bak\u0131da f\u0259aliyy\u0259t g\u00f6st\u0259r\u0259c\u0259k. M\u00fcsahib\u0259d\u0259 abituriyentin d\u00fcnyag\u00f6r\u00fc\u015f\u00fc v\u0259 dini bilikl\u0259ri, dini bax\u0131\u015flar v\u0259 d\u00fcny\u0259vilik anlay\u0131\u015f\u0131, psixoloji parametrl\u0259rinin \u0130slam\u015f\u00fcnasl\u0131q ixtisas\u0131na uy\u011funlu\u011fu, tolerantl\u0131q v\u0259 multikulturalizm t\u0259s\u0259vv\u00fcrl\u0259ri yoxlan\u0131l\u0131r. M\u00fcsahib\u0259d\u0259n u\u011furla ke\u00e7\u0259n abituriyentl\u0259r ixtisas se\u00e7imi zaman\u0131 dig\u0259r ixtisaslarla yana\u015f\u0131, Az\u0259rbaycan \u0130lahiyyat \u0130nstitutunun \u0130slam\u015f\u00fc\u00adnas\u00adl\u0131q ixtisas\u0131n\u0131 da se\u00e7\u0259 bil\u0259rl\u0259r. DPK-n\u0131n t\u0259rkibin\u0259 ilahiyyat sah\u0259si&hellip;<\/p>\n","protected":false},"author":2,"featured_media":211311,"comment_status":"closed","ping_status":"closed","sticky":false,"template":"","format":"standard","meta":{"om_disable_all_campaigns":false,"_monsterinsights_skip_tracking":false,"_monsterinsights_sitenote_active":false,"_monsterinsights_sitenote_note":"","_monsterinsights_sitenote_category":0},"categories":[26],"tags":[],"aioseo_notices":[],"gutentor_comment":0,"rttpg_featured_image_url":{"full":["https:\/\/arantv.az\/wp-content\/uploads\/2020\/08\/de-1.jpg",620,423,false],"landscape":["https:\/\/arantv.az\/wp-content\/uploads\/2020\/08\/de-1.jpg",620,423,false],"portraits":["https:\/\/arantv.az\/wp-content\/uploads\/2020\/08\/de-1.jpg",620,423,false],"thumbnail":["https:\/\/arantv.az\/wp-content\/uploads\/2020\/08\/de-1-150x150.jpg",150,150,true],"medium":["https:\/\/arantv.az\/wp-content\/uploads\/2020\/08\/de-1-300x205.jpg",300,205,true],"large":["https:\/\/arantv.az\/wp-content\/uploads\/2020\/08\/de-1.jpg",620,423,false],"1536x1536":["https:\/\/arantv.az\/wp-content\/uploads\/2020\/08\/de-1.jpg",620,423,false],"2048x2048":["https:\/\/arantv.az\/wp-content\/uploads\/2020\/08\/de-1.jpg",620,423,false],"post-thumbnail":["https:\/\/arantv.az\/wp-content\/uploads\/2020\/08\/de-1-240x172.jpg",240,172,true],"advps-thumb-one":["https:\/\/arantv.az\/wp-content\/uploads\/2020\/08\/de-1.jpg",620,423,false]},"rttpg_author":{"display_name":"V\u00fcsal Rafiqo\u011flu","author_link":"https:\/\/arantv.az\/?author=2"},"rttpg_comment":0,"rttpg_category":"<a href=\"https:\/\/arantv.az\/?cat=26\" rel=\"category\">Sosial<\/a>","rttpg_excerpt":"D\u00f6vl\u0259t \u0130mtahan M\u0259rk\u0259zi (D\u0130M) \u0130slam\u015f\u00fcnasl\u0131q ixtisas\u0131na q\u0259bul olmaq ist\u0259y\u0259n abituriyentl\u0259r\u0259 m\u00fcraci\u0259t edib. D\u0130M-d\u0259n veril\u0259n m\u0259lumata g\u00f6r\u0259, bu ixtisasa q\u0259bul olmaq \u00fc\u00e7\u00fcn m\u00fcsahib\u0259d\u0259 i\u015ftirak etm\u0259k ist\u0259y\u0259n abituriyentl\u0259r 31 avqust-2 sentyabr tarixl\u0259rind\u0259 D\u0130M-in sayt\u0131nda Dini Psixoloji Komissiya (DPK) \u00fczr\u0259 qeydiyyatdan ke\u00e7\u0259 bil\u0259c\u0259kl\u0259r. \u0130slam\u015f\u00fcnasl\u0131q ixtisas\u0131 \u00fczr\u0259 DPK Bak\u0131da f\u0259aliyy\u0259t g\u00f6st\u0259r\u0259c\u0259k. M\u00fcsahib\u0259d\u0259 abituriyentin d\u00fcnyag\u00f6r\u00fc\u015f\u00fc v\u0259 dini bilikl\u0259ri, dini bax\u0131\u015flar&hellip;","_links":{"self":[{"href":"https:\/\/arantv.az\/index.php?rest_route=\/wp\/v2\/posts\/211310"}],"collection":[{"href":"https:\/\/arantv.az\/index.php?rest_route=\/wp\/v2\/posts"}],"about":[{"href":"https:\/\/arantv.az\/index.php?rest_route=\/wp\/v2\/types\/post"}],"author":[{"embeddable":true,"href":"https:\/\/arantv.az\/index.php?rest_route=\/wp\/v2\/users\/2"}],"replies":[{"embeddable":true,"href":"https:\/\/arantv.az\/index.php?rest_route=%2Fwp%2Fv2%2Fcomments&post=211310"}],"version-history":[{"count":0,"href":"https:\/\/arantv.az\/index.php?rest_route=\/wp\/v2\/posts\/211310\/revisions"}],"wp:featuredmedia":[{"embeddable":true,"href":"https:\/\/arantv.az\/index.php?rest_route=\/wp\/v2\/media\/211311"}],"wp:attachment":[{"href":"https:\/\/arantv.az\/index.php?rest_route=%2Fwp%2Fv2%2Fmedia&parent=211310"}],"wp:term":[{"taxonomy":"category","embeddable":true,"href":"https:\/\/arantv.az\/index.php?rest_route=%2Fwp%2Fv2%2Fcategories&post=211310"},{"taxonomy":"post_tag","embeddable":true,"href":"https:\/\/arantv.az\/index.php?rest_route=%2Fwp%2Fv2%2Ftags&post=211310"}],"curies":[{"name":"wp","href":"https:\/\/api.w.org\/{rel}","templated":true}]}}