{"id":211314,"date":"2020-08-27T13:56:10","date_gmt":"2020-08-27T10:56:10","guid":{"rendered":"http:\/\/arantv.az\/?p=211314"},"modified":"2020-08-27T13:56:10","modified_gmt":"2020-08-27T10:56:10","slug":"kul%c9%99k-xizidaki-yanginin-sondurulm%c9%99sin%c9%99-mane-olur-yenil%c9%99nib-video","status":"publish","type":"post","link":"https:\/\/arantv.az\/?p=211314","title":{"rendered":"K\u00fcl\u0259k X\u0131z\u0131dak\u0131 yan\u011f\u0131n\u0131n s\u00f6nd\u00fcr\u00fclm\u0259sin\u0259 mane olur &#8211; YEN\u0130L\u018fN\u0130B + V\u0130DEO"},"content":{"rendered":"<p>X\u0131z\u0131da da\u011fl\u0131q \u0259razid\u0259 ba\u015f ver\u0259n yan\u011f\u0131n davam edir.<\/p>\n<p>F\u00f6vq\u0259lad\u0259 Hallar Nazirliyind\u0259n veril\u0259n x\u0259b\u0259r\u0259 g\u00f6r\u0259, D\u00f6vl\u0259t Yan\u011f\u0131ndan M\u00fchafiz\u0259 Xidm\u0259tinin yan\u011f\u0131ndan m\u00fchafiz\u0259 b\u00f6lm\u0259l\u0259ri \u0259raziy\u0259 c\u0259lb olunub.<\/p>\n<p>\u0130lkin m\u0259lumata \u0259sas\u0259n,\u00a0\u0259razid\u0259 quru ot v\u0259 kol-kos yan\u0131r.<\/p>\n<div id=\"AdviadNativeVideo0\" class=\"AdviadNativeVideo\"><\/div>\n<p>Yan\u011f\u0131n\u0131n me\u015f\u0259y\u0259 ke\u00e7m\u0259 t\u0259hl\u00fck\u0259si yarand\u0131\u011f\u0131ndan, Nazirliyinin Aviasiya d\u0259st\u0259sinin iki \u0259d\u0259d helikopteri v\u0259 Ekologiya v\u0259 T\u0259bii S\u0259rv\u0259tl\u0259r Nazirliyinin \u0259m\u0259kda\u015flar\u0131 yan\u011f\u0131ns\u00f6nd\u00fcrm\u0259 i\u015fl\u0259rin\u0259 c\u0259lb ounub.<\/p>\n<p>K\u00fcl\u0259kli hava \u015f\u0259raiti v\u0259 yan\u011f\u0131n\u0131n m\u00fcr\u0259kk\u0259b relyefli y\u00fcks\u0259k da\u011f massivind\u0259 olmas\u0131 yan\u011f\u0131ns\u00f6nd\u00fcrm\u0259 i\u015fl\u0259rini \u00e7\u0259tinl\u0259\u015fdirir.<\/p>\n<p>Haz\u0131rda yan\u011f\u0131n\u0131n s\u00f6nd\u00fcr\u00fclm\u0259si \u00fc\u00e7\u00fcn t\u0259cili v\u0259 t\u0259xir\u0259sal\u0131nmaz t\u0259dbirl\u0259rin g\u00f6r\u00fclm\u0259si davam etdirilir.<\/p>\n<p><strong>14:19<\/strong><\/p>\n<p>X\u0131z\u0131da da\u011fl\u0131q \u0259razid\u0259 yan\u011f\u0131n ba\u015flay\u0131b.<\/p>\n<p>Oxu.Az-\u0131n \u0259ld\u0259 etdiyi m\u0259lumata g\u00f6r\u0259, hadis\u0259 rayonun Qarabulaq v\u0259 Diz\u0259v\u0259r k\u0259ndl\u0259rinin \u0259razisinnd\u0259 ba\u015f verib.<\/p>\n<p>Q\u0131sa zamanda yan\u011f\u0131n geni\u015f \u0259raziy\u0259 yay\u0131l\u0131b.<\/p>\n<p>Hadis\u0259 yerin\u0259 F\u00f6vq\u0259lad\u0259 Hallar Nazirliyinin D\u00f6vl\u0259t Yan\u011f\u0131ndan M\u00fchafiz\u0259 Xidm\u0259tinin yan\u011f\u0131ndan m\u00fchafiz\u0259 b\u00f6lm\u0259l\u0259ri, Aviasiya d\u0259st\u0259sinin iki helikopteri c\u0259lb edilib.<\/p>\n<p>Haz\u0131rda yan\u011f\u0131n\u0131n s\u00f6nd\u00fcr\u00fclm\u0259si istiqam\u0259tind\u0259 t\u0259dbirl\u0259r davam etdirilir.<\/p>\n<div><iframe loading=\"lazy\" src=\"https:\/\/player.baku.tv\/embed\/23825\" width=\"560\" height=\"315\" frameborder=\"0\" allowfullscreen=\"allowfullscreen\" data-mce-fragment=\"1\"><\/iframe><\/div>\n<div><\/div>\n","protected":false},"excerpt":{"rendered":"<p>X\u0131z\u0131da da\u011fl\u0131q \u0259razid\u0259 ba\u015f ver\u0259n yan\u011f\u0131n davam edir. F\u00f6vq\u0259lad\u0259 Hallar Nazirliyind\u0259n veril\u0259n x\u0259b\u0259r\u0259 g\u00f6r\u0259, D\u00f6vl\u0259t Yan\u011f\u0131ndan M\u00fchafiz\u0259 Xidm\u0259tinin yan\u011f\u0131ndan m\u00fchafiz\u0259 b\u00f6lm\u0259l\u0259ri \u0259raziy\u0259 c\u0259lb olunub. \u0130lkin m\u0259lumata \u0259sas\u0259n,\u00a0\u0259razid\u0259 quru ot v\u0259 kol-kos yan\u0131r. Yan\u011f\u0131n\u0131n me\u015f\u0259y\u0259 ke\u00e7m\u0259 t\u0259hl\u00fck\u0259si yarand\u0131\u011f\u0131ndan, Nazirliyinin Aviasiya d\u0259st\u0259sinin iki \u0259d\u0259d helikopteri v\u0259 Ekologiya v\u0259 T\u0259bii S\u0259rv\u0259tl\u0259r Nazirliyinin \u0259m\u0259kda\u015flar\u0131 yan\u011f\u0131ns\u00f6nd\u00fcrm\u0259 i\u015fl\u0259rin\u0259 c\u0259lb ounub. K\u00fcl\u0259kli hava \u015f\u0259raiti v\u0259 yan\u011f\u0131n\u0131n m\u00fcr\u0259kk\u0259b relyefli y\u00fcks\u0259k da\u011f massivind\u0259 olmas\u0131 yan\u011f\u0131ns\u00f6nd\u00fcrm\u0259 i\u015fl\u0259rini \u00e7\u0259tinl\u0259\u015fdirir. Haz\u0131rda yan\u011f\u0131n\u0131n s\u00f6nd\u00fcr\u00fclm\u0259si \u00fc\u00e7\u00fcn t\u0259cili v\u0259 t\u0259xir\u0259sal\u0131nmaz t\u0259dbirl\u0259rin g\u00f6r\u00fclm\u0259si davam etdirilir. 14:19 X\u0131z\u0131da da\u011fl\u0131q \u0259razid\u0259 yan\u011f\u0131n ba\u015flay\u0131b. Oxu.Az-\u0131n \u0259ld\u0259 etdiyi m\u0259lumata g\u00f6r\u0259,&hellip;<\/p>\n","protected":false},"author":2,"featured_media":211315,"comment_status":"closed","ping_status":"closed","sticky":false,"template":"","format":"standard","meta":{"om_disable_all_campaigns":false,"_monsterinsights_skip_tracking":false,"_monsterinsights_sitenote_active":false,"_monsterinsights_sitenote_note":"","_monsterinsights_sitenote_category":0},"categories":[5],"tags":[],"aioseo_notices":[],"gutentor_comment":0,"rttpg_featured_image_url":{"full":["https:\/\/arantv.az\/wp-content\/uploads\/2020\/08\/FotoJet-1-17.jpg",620,410,false],"landscape":["https:\/\/arantv.az\/wp-content\/uploads\/2020\/08\/FotoJet-1-17.jpg",620,410,false],"portraits":["https:\/\/arantv.az\/wp-content\/uploads\/2020\/08\/FotoJet-1-17.jpg",620,410,false],"thumbnail":["https:\/\/arantv.az\/wp-content\/uploads\/2020\/08\/FotoJet-1-17-150x150.jpg",150,150,true],"medium":["https:\/\/arantv.az\/wp-content\/uploads\/2020\/08\/FotoJet-1-17-300x198.jpg",300,198,true],"large":["https:\/\/arantv.az\/wp-content\/uploads\/2020\/08\/FotoJet-1-17.jpg",620,410,false],"1536x1536":["https:\/\/arantv.az\/wp-content\/uploads\/2020\/08\/FotoJet-1-17.jpg",620,410,false],"2048x2048":["https:\/\/arantv.az\/wp-content\/uploads\/2020\/08\/FotoJet-1-17.jpg",620,410,false],"post-thumbnail":["https:\/\/arantv.az\/wp-content\/uploads\/2020\/08\/FotoJet-1-17-240x172.jpg",240,172,true],"advps-thumb-one":["https:\/\/arantv.az\/wp-content\/uploads\/2020\/08\/FotoJet-1-17.jpg",620,410,false]},"rttpg_author":{"display_name":"V\u00fcsal Rafiqo\u011flu","author_link":"https:\/\/arantv.az\/?author=2"},"rttpg_comment":0,"rttpg_category":"<a href=\"https:\/\/arantv.az\/?cat=5\" rel=\"category\">Hadis\u0259<\/a>","rttpg_excerpt":"X\u0131z\u0131da da\u011fl\u0131q \u0259razid\u0259 ba\u015f ver\u0259n yan\u011f\u0131n davam edir. F\u00f6vq\u0259lad\u0259 Hallar Nazirliyind\u0259n veril\u0259n x\u0259b\u0259r\u0259 g\u00f6r\u0259, D\u00f6vl\u0259t Yan\u011f\u0131ndan M\u00fchafiz\u0259 Xidm\u0259tinin yan\u011f\u0131ndan m\u00fchafiz\u0259 b\u00f6lm\u0259l\u0259ri \u0259raziy\u0259 c\u0259lb olunub. \u0130lkin m\u0259lumata \u0259sas\u0259n,\u00a0\u0259razid\u0259 quru ot v\u0259 kol-kos yan\u0131r. Yan\u011f\u0131n\u0131n me\u015f\u0259y\u0259 ke\u00e7m\u0259 t\u0259hl\u00fck\u0259si yarand\u0131\u011f\u0131ndan, Nazirliyinin Aviasiya d\u0259st\u0259sinin iki \u0259d\u0259d helikopteri v\u0259 Ekologiya v\u0259 T\u0259bii S\u0259rv\u0259tl\u0259r Nazirliyinin \u0259m\u0259kda\u015flar\u0131 yan\u011f\u0131ns\u00f6nd\u00fcrm\u0259 i\u015fl\u0259rin\u0259 c\u0259lb ounub. K\u00fcl\u0259kli&hellip;","_links":{"self":[{"href":"https:\/\/arantv.az\/index.php?rest_route=\/wp\/v2\/posts\/211314"}],"collection":[{"href":"https:\/\/arantv.az\/index.php?rest_route=\/wp\/v2\/posts"}],"about":[{"href":"https:\/\/arantv.az\/index.php?rest_route=\/wp\/v2\/types\/post"}],"author":[{"embeddable":true,"href":"https:\/\/arantv.az\/index.php?rest_route=\/wp\/v2\/users\/2"}],"replies":[{"embeddable":true,"href":"https:\/\/arantv.az\/index.php?rest_route=%2Fwp%2Fv2%2Fcomments&post=211314"}],"version-history":[{"count":0,"href":"https:\/\/arantv.az\/index.php?rest_route=\/wp\/v2\/posts\/211314\/revisions"}],"wp:featuredmedia":[{"embeddable":true,"href":"https:\/\/arantv.az\/index.php?rest_route=\/wp\/v2\/media\/211315"}],"wp:attachment":[{"href":"https:\/\/arantv.az\/index.php?rest_route=%2Fwp%2Fv2%2Fmedia&parent=211314"}],"wp:term":[{"taxonomy":"category","embeddable":true,"href":"https:\/\/arantv.az\/index.php?rest_route=%2Fwp%2Fv2%2Fcategories&post=211314"},{"taxonomy":"post_tag","embeddable":true,"href":"https:\/\/arantv.az\/index.php?rest_route=%2Fwp%2Fv2%2Ftags&post=211314"}],"curies":[{"name":"wp","href":"https:\/\/api.w.org\/{rel}","templated":true}]}}