{"id":211319,"date":"2020-08-27T13:59:01","date_gmt":"2020-08-27T10:59:01","guid":{"rendered":"http:\/\/arantv.az\/?p=211319"},"modified":"2020-08-27T13:59:01","modified_gmt":"2020-08-27T10:59:01","slug":"mehriban-%c9%99liyeva-humanitar-diplomatiyanin-aparici-quvv%c9%99sidir-marianna-vardinoyannis","status":"publish","type":"post","link":"https:\/\/arantv.az\/?p=211319","title":{"rendered":"&#8220;Mehriban \u018fliyeva humanitar diplomatiyan\u0131n apar\u0131c\u0131 q\u00fcvv\u0259sidir&#8221; &#8211; Marianna Vardinoyannis"},"content":{"rendered":"<blockquote><p><em><strong>Az\u0259rbaycan\u0131n Birinci vitse-prezidenti Mehriban \u018fliyeva humanitar diplomatiyan\u0131n apar\u0131c\u0131 q\u00fcvv\u0259sidir.<\/strong><\/em><\/p><\/blockquote>\n<p><strong>ARANTV.AZ<\/strong>\u00a0 bildirir ki, bunu\u00a0<a href=\"http:\/\/az.trend.az\/\" target=\"_blank\" rel=\"noopener\">Trend<\/a>-\u0259 UNESCO-nun xo\u015fm\u0259raml\u0131 s\u0259firi, Nizami G\u0259nc\u0259vi Beyn\u0259lxalq M\u0259rk\u0259zinin Q\u0259yyumlar \u015furas\u0131n\u0131n \u00fczv\u00fc, 2020-ci ild\u0259 BMT-nin Nelson Mandela m\u00fckafat\u0131n\u0131n laureat\u0131 Marianna Vardinoyannis deyib.<\/p>\n<p>O bildirib ki, Mehriban \u018fliyeva il\u0259 ilk d\u0259f\u0259 Parisd\u0259, UNESCO-nun xo\u015fm\u0259raml\u0131 s\u0259firi t\u0259yin olunark\u0259n g\u00f6r\u00fc\u015f\u00fcb:<\/p>\n<p>&#8220;G\u00f6r\u00fc\u015fd\u00fcy\u00fcm\u00fcz ilk andan m\u0259n onun parlaq \u015f\u0259xsiyy\u0259tin\u0259, t\u0259miz \u00fcr\u0259yin\u0259 v\u0259 g\u00f6rd\u00fcy\u00fc b\u00f6y\u00fck i\u015fl\u0259r\u0259 heyranl\u0131q duyuram. UNESCO-da \u0259m\u0259kda\u015fl\u0131\u011f\u0131m\u0131z say\u0259sind\u0259 bizim dostlu\u011fumuz m\u00f6hk\u0259ml\u0259nib v\u0259 Mehriban \u018fliyeva il\u0259 ba\u011fl\u0131 bu c\u00fcr s\u0259mimi m\u0259qamlar\u0131 b\u00f6l\u00fc\u015fm\u0259k b\u00f6y\u00fck \u015f\u0259r\u0259f v\u0259 iltifatd\u0131r. Biz m\u00fcxt\u0259lif \u00f6lk\u0259l\u0259r, o c\u00fcml\u0259d\u0259n Yunan\u0131stan v\u0259 Az\u0259rbaycan aras\u0131nda h\u0259mr\u0259ylik v\u0259 m\u0259d\u0259niyy\u0259t k\u00f6rp\u00fcl\u0259ri ucaltma\u011fa \u00e7al\u0131\u015faraq birg\u0259 i\u015fl\u0259mi\u015fik. Mehriban \u018fliyeva tarixi v\u0259 m\u0259d\u0259ni d\u0259y\u0259rl\u0259rin h\u0259qiqi m\u00fcdafi\u0259\u00e7isi v\u0259 humanizmin parlaq n\u00fcmun\u0259sidir. Mehriban \u018fliyevan\u0131n Yunan\u0131standa onkoloji x\u0259st\u0259likl\u0259rd\u0259n \u0259ziyy\u0259t \u00e7\u0259k\u0259n u\u015faqlar\u0131 d\u0259st\u0259kl\u0259m\u0259si, x\u00fcsusil\u0259, Afinada u\u015faq onkologiya x\u0259st\u0259xanas\u0131n\u0131 v\u0259 x\u0259st\u0259 u\u015faqlar\u0131 olan ail\u0259l\u0259r \u00fc\u00e7\u00fcn qonaq evini ziyar\u0259t etm\u0259si, Yunan\u0131stan m\u0259kt\u0259bl\u0259rin\u0259 g\u00f6st\u0259rdiyi d\u0259st\u0259k, Yunan\u0131standa b\u00f6y\u00fck abid\u0259 v\u0259 muzeyl\u0259rd\u0259 olmas\u0131, Olimpiya idman ruhunu t\u0259\u015fviq etm\u0259si, Yunan\u0131standa v\u0259 dig\u0259r \u00f6lk\u0259l\u0259rd\u0259 m\u0259d\u0259ni xeyriyy\u0259 t\u0259dbirl\u0259rini t\u0259\u015fkil etm\u0259si g\u00f6st\u0259r\u0259 bil\u0259c\u0259yimiz n\u00fcmun\u0259l\u0259rdir. Mehriban \u018fliyevan\u0131n t\u0259\u015f\u0259bb\u00fcsl\u0259ri \u015e\u0259rql\u0259 Q\u0259rbi yax\u0131nla\u015fd\u0131r\u0131r, m\u0259d\u0259niyy\u0259tl\u0259r v\u0259 xalqlar aras\u0131nda dialoqa xidm\u0259t edir. S\u00fclh t\u0259\u015f\u0259bb\u00fcsl\u0259rin\u0259 g\u0259ldikd\u0259, Mehriban \u018fliyeva humanitar diplomatiyan\u0131n apar\u0131c\u0131 q\u00fcvv\u0259si, qay\u011f\u0131ya g\u0259ldikd\u0259 is\u0259, ehtiyac\u0131 olan insanlar\u0131n q\u0259lbind\u0259 m\u0259rh\u0259m\u0259tli \u00fcmid el\u00e7isidir!&#8221;<\/p>\n<p>M.Vardinoyannis deyib ki, Mehriban \u018fliyeva n\u0259inki Az\u0259rbaycanda, h\u0259m d\u0259 b\u00fct\u00fcn d\u00fcnyada qad\u0131nlar \u00fc\u00e7\u00fcn \u00f6rn\u0259kdir:<\/p>\n<p>&#8220;Onun xarakterind\u0259ki mehribanl\u0131q, t\u0259vaz\u00f6karl\u0131q v\u0259 m\u0259rh\u0259m\u0259t q\u0259tiyy\u0259t v\u0259 g\u00fcc\u00fc il\u0259 h\u0259mah\u0259ngdir. Mehriban \u018fliyevan\u0131n \u015f\u0259xsi n\u00fcmun\u0259si qad\u0131nlar\u0131 ictimai h\u0259yatda f\u0259al i\u015ftiraka ruhland\u0131r\u0131r. Onun Az\u0259rbaycan qad\u0131nlar\u0131n\u0131n siyasi f\u0259all\u0131\u011f\u0131n\u0131n t\u0259\u015fviq olunmas\u0131nda xidm\u0259tl\u0259ri regionda m\u00fcst\u0259sna v\u0259 novator xarakter da\u015f\u0131y\u0131r. Bu, \u00f6lk\u0259nin inki\u015faf\u0131 \u00fc\u00e7\u00fcn \u00e7ox vacibdir. X\u00fcsus\u0259n d\u0259 g\u0259nc qad\u0131nlar tolerantl\u0131q v\u0259 m\u00fcxt\u0259lifliyin, ke\u00e7mi\u015f d\u0259y\u0259rl\u0259r\u0259 v\u0259 g\u0259l\u0259c\u0259k bax\u0131\u015flara h\u00f6rm\u0259tin h\u00f6km s\u00fcrd\u00fcy\u00fc m\u00fcasir c\u0259miyy\u0259tl\u0259rin qurulmas\u0131na \u00f6z t\u00f6hf\u0259l\u0259rini verm\u0259k \u00fc\u00e7\u00fcn onun \u015f\u0259xsind\u0259 ilham m\u0259nb\u0259yi g\u00f6r\u00fcrl\u0259r. Mehriban \u018fliyeva qad\u0131nlar\u0131n zehnin\u0259 v\u0259 \u00fcmumilikd\u0259 Az\u0259rbaycan c\u0259miyy\u0259tin\u0259 m\u00fcsb\u0259t d\u0259yi\u015fiklikl\u0259r g\u0259tirir. Heyd\u0259r \u018fliyev Fondunda olark\u0259n \u00e7ox duy\u011fulu anlar ya\u015fad\u0131m v\u0259 m\u0259n Bak\u0131ya h\u0259r d\u0259f\u0259 g\u0259l\u0259nd\u0259 bu hissi ke\u00e7irir\u0259m. Az\u0259rbaycana onun g\u00f6zl\u0259ri il\u0259 v\u0259 niyy\u0259tl\u0259ri il\u0259 baxanda birlikd\u0259 payla\u015fd\u0131\u011f\u0131m\u0131z anlar\u0131 \u00e7ox \u0259ziz hesab edir\u0259m&#8221;.<\/p>\n<p>O qeyd edib ki, Yunan\u0131stan\u0131 v\u0259 Az\u0259rbaycan\u0131 \u00e7oxillik dostluq v\u0259 \u0259m\u0259kda\u015fl\u0131q birl\u0259\u015fdirir:<\/p>\n<p>&#8220;M\u0259n hesab edir\u0259m ki, Prezident \u0130lham \u018fliyev v\u0259 Birinci vitse-prezident Mehriban \u018fliyeva \u00f6lk\u0259mizin, m\u0259d\u0259niyy\u0259timizin v\u0259 u\u015faqlar\u0131m\u0131z\u0131n b\u00f6y\u00fck dostudur. \u00d6lk\u0259l\u0259rimiz aras\u0131nda kifay\u0259t q\u0259d\u0259r m\u0259d\u0259ni m\u00fcbadil\u0259l\u0259r var, Afinada Heyd\u0259r \u018fliyev Fondunun v\u0259 Az\u0259rbaycan\u0131n Yunan\u0131standak\u0131 s\u0259firliyinin d\u0259st\u0259yi il\u0259 Az\u0259rbaycan m\u0259d\u0259niyy\u0259tin\u0259 h\u0259sr olunmu\u015f \u00e7oxsayl\u0131 t\u0259dbirl\u0259r ke\u00e7irilib. M\u0259n he\u00e7 zaman Mehriban \u018fliyevan\u0131n X\u0259r\u00e7\u0259ng x\u0259st\u0259liyin\u0259 tutulan u\u015faqlar\u0131n Dostluq Assosiasiyas\u0131n\u0131n (ELPIDA) t\u0259dbirl\u0259rinin ke\u00e7irilm\u0259sind\u0259 d\u0259st\u0259yini, &#8220;M\u0259kt\u0259bl\u0259rin d\u0259st\u0259kl\u0259nm\u0259si layih\u0259si&#8221;nin realla\u015fd\u0131r\u0131lmas\u0131na k\u00f6m\u0259yini unutmayaca\u011fam. \u0130nc\u0259s\u0259n\u0259t v\u0259 m\u0259d\u0259niyy\u0259t insanlar\u0131 yax\u0131nla\u015fd\u0131r\u0131r, \u00e7\u00fcnki h\u0259r bir xalq\u0131n ruhunu \u0259ks etdirir. Bizim birg\u0259 t\u0259dbirl\u0259rimiz, konsertl\u0259r, tama\u015falar, konfranslar, s\u0259rgil\u0259r b\u00f6y\u00fck potensiala malikdir. M\u0259n g\u00f6st\u0259ril\u0259n misilsiz d\u0259st\u0259y\u0259 g\u00f6r\u0259 Prezident \u0130lham \u018fliyev\u0259 v\u0259 Birinci vitse-prezident Mehriban \u018fliyevaya, el\u0259c\u0259 d\u0259 Az\u0259rbaycan xalq\u0131na s\u0259mimi q\u0259lbd\u0259n t\u0259\u015f\u0259kk\u00fcr\u00fcm\u00fc bildirir\u0259m!&#8221;<\/p>\n","protected":false},"excerpt":{"rendered":"<p>Az\u0259rbaycan\u0131n Birinci vitse-prezidenti Mehriban \u018fliyeva humanitar diplomatiyan\u0131n apar\u0131c\u0131 q\u00fcvv\u0259sidir. ARANTV.AZ\u00a0 bildirir ki, bunu\u00a0Trend-\u0259 UNESCO-nun xo\u015fm\u0259raml\u0131 s\u0259firi, Nizami G\u0259nc\u0259vi Beyn\u0259lxalq M\u0259rk\u0259zinin Q\u0259yyumlar \u015furas\u0131n\u0131n \u00fczv\u00fc, 2020-ci ild\u0259 BMT-nin Nelson Mandela m\u00fckafat\u0131n\u0131n laureat\u0131 Marianna Vardinoyannis deyib. O bildirib ki, Mehriban \u018fliyeva il\u0259 ilk d\u0259f\u0259 Parisd\u0259, UNESCO-nun xo\u015fm\u0259raml\u0131 s\u0259firi t\u0259yin olunark\u0259n g\u00f6r\u00fc\u015f\u00fcb: &#8220;G\u00f6r\u00fc\u015fd\u00fcy\u00fcm\u00fcz ilk andan m\u0259n onun parlaq \u015f\u0259xsiyy\u0259tin\u0259, t\u0259miz \u00fcr\u0259yin\u0259 v\u0259 g\u00f6rd\u00fcy\u00fc b\u00f6y\u00fck i\u015fl\u0259r\u0259 heyranl\u0131q duyuram. UNESCO-da \u0259m\u0259kda\u015fl\u0131\u011f\u0131m\u0131z say\u0259sind\u0259 bizim dostlu\u011fumuz m\u00f6hk\u0259ml\u0259nib v\u0259 Mehriban \u018fliyeva il\u0259 ba\u011fl\u0131 bu c\u00fcr s\u0259mimi m\u0259qamlar\u0131 b\u00f6l\u00fc\u015fm\u0259k b\u00f6y\u00fck \u015f\u0259r\u0259f v\u0259 iltifatd\u0131r. Biz m\u00fcxt\u0259lif \u00f6lk\u0259l\u0259r, o c\u00fcml\u0259d\u0259n Yunan\u0131stan v\u0259&hellip;<\/p>\n","protected":false},"author":2,"featured_media":211320,"comment_status":"closed","ping_status":"closed","sticky":false,"template":"","format":"standard","meta":{"om_disable_all_campaigns":false,"_monsterinsights_skip_tracking":false,"_monsterinsights_sitenote_active":false,"_monsterinsights_sitenote_note":"","_monsterinsights_sitenote_category":0},"categories":[4],"tags":[],"aioseo_notices":[],"gutentor_comment":0,"rttpg_featured_image_url":{"full":["https:\/\/arantv.az\/wp-content\/uploads\/2020\/08\/876436.jpg",800,600,false],"landscape":["https:\/\/arantv.az\/wp-content\/uploads\/2020\/08\/876436.jpg",800,600,false],"portraits":["https:\/\/arantv.az\/wp-content\/uploads\/2020\/08\/876436.jpg",800,600,false],"thumbnail":["https:\/\/arantv.az\/wp-content\/uploads\/2020\/08\/876436-150x150.jpg",150,150,true],"medium":["https:\/\/arantv.az\/wp-content\/uploads\/2020\/08\/876436-300x225.jpg",300,225,true],"large":["https:\/\/arantv.az\/wp-content\/uploads\/2020\/08\/876436.jpg",640,480,false],"1536x1536":["https:\/\/arantv.az\/wp-content\/uploads\/2020\/08\/876436.jpg",800,600,false],"2048x2048":["https:\/\/arantv.az\/wp-content\/uploads\/2020\/08\/876436.jpg",800,600,false],"post-thumbnail":["https:\/\/arantv.az\/wp-content\/uploads\/2020\/08\/876436-240x172.jpg",240,172,true],"advps-thumb-one":["https:\/\/arantv.az\/wp-content\/uploads\/2020\/08\/876436.jpg",800,600,false]},"rttpg_author":{"display_name":"V\u00fcsal Rafiqo\u011flu","author_link":"https:\/\/arantv.az\/?author=2"},"rttpg_comment":0,"rttpg_category":"<a href=\"https:\/\/arantv.az\/?cat=4\" rel=\"category\">Siyas\u0259t<\/a>","rttpg_excerpt":"Az\u0259rbaycan\u0131n Birinci vitse-prezidenti Mehriban \u018fliyeva humanitar diplomatiyan\u0131n apar\u0131c\u0131 q\u00fcvv\u0259sidir. ARANTV.AZ\u00a0 bildirir ki, bunu\u00a0Trend-\u0259 UNESCO-nun xo\u015fm\u0259raml\u0131 s\u0259firi, Nizami G\u0259nc\u0259vi Beyn\u0259lxalq M\u0259rk\u0259zinin Q\u0259yyumlar \u015furas\u0131n\u0131n \u00fczv\u00fc, 2020-ci ild\u0259 BMT-nin Nelson Mandela m\u00fckafat\u0131n\u0131n laureat\u0131 Marianna Vardinoyannis deyib. O bildirib ki, Mehriban \u018fliyeva il\u0259 ilk d\u0259f\u0259 Parisd\u0259, UNESCO-nun xo\u015fm\u0259raml\u0131 s\u0259firi t\u0259yin olunark\u0259n g\u00f6r\u00fc\u015f\u00fcb: &#8220;G\u00f6r\u00fc\u015fd\u00fcy\u00fcm\u00fcz ilk andan m\u0259n onun parlaq \u015f\u0259xsiyy\u0259tin\u0259,&hellip;","_links":{"self":[{"href":"https:\/\/arantv.az\/index.php?rest_route=\/wp\/v2\/posts\/211319"}],"collection":[{"href":"https:\/\/arantv.az\/index.php?rest_route=\/wp\/v2\/posts"}],"about":[{"href":"https:\/\/arantv.az\/index.php?rest_route=\/wp\/v2\/types\/post"}],"author":[{"embeddable":true,"href":"https:\/\/arantv.az\/index.php?rest_route=\/wp\/v2\/users\/2"}],"replies":[{"embeddable":true,"href":"https:\/\/arantv.az\/index.php?rest_route=%2Fwp%2Fv2%2Fcomments&post=211319"}],"version-history":[{"count":0,"href":"https:\/\/arantv.az\/index.php?rest_route=\/wp\/v2\/posts\/211319\/revisions"}],"wp:featuredmedia":[{"embeddable":true,"href":"https:\/\/arantv.az\/index.php?rest_route=\/wp\/v2\/media\/211320"}],"wp:attachment":[{"href":"https:\/\/arantv.az\/index.php?rest_route=%2Fwp%2Fv2%2Fmedia&parent=211319"}],"wp:term":[{"taxonomy":"category","embeddable":true,"href":"https:\/\/arantv.az\/index.php?rest_route=%2Fwp%2Fv2%2Fcategories&post=211319"},{"taxonomy":"post_tag","embeddable":true,"href":"https:\/\/arantv.az\/index.php?rest_route=%2Fwp%2Fv2%2Ftags&post=211319"}],"curies":[{"name":"wp","href":"https:\/\/api.w.org\/{rel}","templated":true}]}}