{"id":21132,"date":"2018-10-25T09:29:57","date_gmt":"2018-10-25T06:29:57","guid":{"rendered":"http:\/\/arantv.az\/?p=21132"},"modified":"2018-10-25T09:29:57","modified_gmt":"2018-10-25T06:29:57","slug":"deputat-con-boltonun-az%c9%99rbaycana-s%c9%99f%c9%99ri-regional-v%c9%99-qlobal-t%c9%99hluk%c9%99sizlik-baximindan-muhum-%c9%99h%c9%99miyy%c9%99t-k%c9%99sb-edir","status":"publish","type":"post","link":"https:\/\/arantv.az\/?p=21132","title":{"rendered":"Deputat: &#8220;Con Boltonun Az\u0259rbaycana s\u0259f\u0259ri regional v\u0259 qlobal t\u0259hl\u00fck\u0259sizlik bax\u0131m\u0131ndan m\u00fch\u00fcm \u0259h\u0259miyy\u0259t k\u0259sb edir&#8221;"},"content":{"rendered":"<blockquote><p><em><strong>Birl\u0259\u015fmi\u015f \u015etatlar Prezidentinin milli t\u0259hl\u00fck\u0259sizlik m\u0259s\u0259l\u0259l\u0259ri \u00fczr\u0259 m\u00fc\u015faviri Con Boltonun Az\u0259rbaycana s\u0259f\u0259ri AB\u015e-Az\u0259rbaycan ikit\u0259r\u0259fli m\u00fcnasib\u0259tl\u0259ri v\u0259 regional t\u0259hl\u00fck\u0259sizlik m\u0259s\u0259l\u0259l\u0259ri bax\u0131m\u0131ndan olduqca \u0259h\u0259miyy\u0259tli idi.<\/strong><\/em><\/p><\/blockquote>\n<p><strong>ARANTV.AZ<\/strong> trend-\u0259 istinad\u0259n bildirir ki,\u00a0bunu Milli M\u0259clisin deputat\u0131 Hikm\u0259t Babao\u011flu C.Boltonun Az\u0259rbaycana s\u0259f\u0259rini \u015f\u0259rh ed\u0259rk\u0259n deyib.<\/p>\n<p>Mill\u0259t v\u0259kili bildirib ki, C.Boltonun Az\u0259rbaycana s\u0259f\u0259ri ist\u0259r regional, ist\u0259rs\u0259 d\u0259 qlobal t\u0259hl\u00fck\u0259sizlik bax\u0131m\u0131ndan m\u00fch\u00fcm \u0259h\u0259miyy\u0259t k\u0259sb edir: &#8220;Con Bolton v\u0259 Prezident \u0130lham \u018fliyev aras\u0131nda AB\u015e-Az\u0259rbaycan \u0259m\u0259kda\u015fl\u0131q \u0259laq\u0259l\u0259rinin m\u00fcxt\u0259lif aspektl\u0259ri, Az\u0259rbaycan\u0131n d\u00fcnya enerji bazar\u0131nda rolu, terrorizm\u0259, insan alverin\u0259, narkotikl\u0259rin qeyri-qanuni d\u00f6vriyy\u0259sin\u0259 qar\u015f\u0131 m\u00fcbariz\u0259, insan haqlar\u0131, habel\u0259 regionda c\u0259r\u0259yan ed\u0259n siyasi v\u0259 iqtisadi prosesl\u0259r, region \u00f6lk\u0259l\u0259ri il\u0259 m\u00fcnasib\u0259tl\u0259r v\u0259 dig\u0259r m\u0259s\u0259l\u0259l\u0259rin m\u00fczakir\u0259 edilm\u0259si qlobal terrorizm\u0259 v\u0259 narkotizm\u0259 qar\u015f\u0131 m\u00fcbariz\u0259d\u0259 Az\u0259rbaycan\u0131n \u0259n apar\u0131c\u0131 \u00f6lk\u0259l\u0259r s\u0131ras\u0131nda yer ald\u0131\u011f\u0131n\u0131 s\u00fcbut edir. Eyni zamanda, Az\u0259rbaycan\u0131n haz\u0131rda h\u0259yata ke\u00e7irdiyi meqa enerji layih\u0259l\u0259ri il\u0259 regionun v\u0259 Avropan\u0131n qlobal t\u0259hl\u00fck\u0259sizliyinin t\u0259min edilm\u0259sind\u0259 n\u0259 q\u0259d\u0259r \u0259h\u0259miyy\u0259tli \u00f6lk\u0259 oldu\u011funu bir daha g\u00f6st\u0259rir. He\u00e7 \u015f\u00fcbh\u0259siz ki, b\u00fct\u00fcn bunlar t\u0259sad\u00fcfi deyil. \u00c7\u00fcnki Az\u0259rbaycan h\u0259yata ke\u00e7irdiyi aktiv diplomatik f\u0259aliyy\u0259ti il\u0259 h\u0259m regional m\u00fcst\u0259vid\u0259, h\u0259m d\u0259 Avrasiyada m\u00fch\u00fcm aktor kimi \u00f6z yerini v\u0259 rolunu \u00e7oxdan isbat edib. D\u00fcnya siyas\u0259tini m\u00fc\u0259yy\u0259n ed\u0259n \u00f6lk\u0259l\u0259rd\u0259n biri olan AB\u015e-\u0131n Prezidentinin milli t\u0259hl\u00fck\u0259sizlik m\u0259s\u0259l\u0259l\u0259ri \u00fczr\u0259 m\u00fc\u015faviri Con Boltonun Az\u0259rbaycana s\u0259f\u0259ri bir daha bu konteksd\u0259 qiym\u0259tl\u0259ndirilm\u0259lidir&#8221;.<\/p>\n<p>H.Babao\u011flu vur\u011fulay\u0131b ki, \u0259g\u0259r regionda hans\u0131sa t\u0259hl\u00fck\u0259sizlikd\u0259n s\u00f6hb\u0259t gedirs\u0259, bizim \u00fc\u00e7\u00fcn ilk n\u00f6vb\u0259d\u0259 Erm\u0259nistan-Az\u0259rbaycan, Da\u011fl\u0131q Qaraba\u011f probleminin h\u0259ll olunmas\u0131 m\u0259s\u0259l\u0259si \u00f6n\u0259 \u00e7\u0131x\u0131r: &#8220;Az\u0259rbaycan\u0131n h\u0259yata ke\u00e7irdiyi xarici siyas\u0259tin \u0259sas paradiqmas\u0131n\u0131 m\u0259hz bu m\u00fc\u0259yy\u0259nl\u0259\u015fdirir. H\u0259m d\u00fcnya siyas\u0259tini m\u00fc\u0259yy\u0259nl\u0259\u015fdir\u0259n \u00f6lk\u0259l\u0259rd\u0259n biri, h\u0259m d\u0259 AT\u018fT-in Minsk qrupunun h\u0259ms\u0259drl\u0259rind\u0259n biri kimi AB\u015e-\u0131n bu problemin h\u0259llind\u0259 m\u00fcst\u0259sna yeri v\u0259 rolu ola bil\u0259r. Con Bolton \u00e7\u0131x\u0131\u015f\u0131nda m\u0259hz Erm\u0259nistan-Az\u0259rbaycan, Da\u011fl\u0131q Qaraba\u011f m\u00fcnaqi\u015f\u0259sin\u0259 x\u00fcsusi diqq\u0259t ayr\u0131ld\u0131\u011f\u0131n\u0131 v\u0259 bu problemin h\u0259llinin Birl\u0259\u015fmi\u015f \u015etatlar \u00fc\u00e7\u00fcn d\u0259 m\u00fch\u00fcm \u0259h\u0259miyy\u0259t k\u0259sb etdiyini s\u00f6yl\u0259di. Con Bolton bundan sonrak\u0131 m\u0259rh\u0259l\u0259d\u0259 is\u0259 Erm\u0259nistana s\u0259f\u0259r ed\u0259c\u0259yini v\u0259 r\u0259smi Yerevanla bu m\u0259s\u0259l\u0259ni m\u00fczakir\u0259 ed\u0259c\u0259yini Az\u0259rbaycan ictimaiyy\u0259tinin diqq\u0259tin\u0259 \u00e7atd\u0131rd\u0131. D\u00fc\u015f\u00fcn\u00fcr\u0259m ki, bu, x\u00fcsusi bir m\u0259qamd\u0131r. \u018fg\u0259r b\u00fct\u00fcn d\u00fcnya \u00f6z\u00fcn\u00fcn t\u0259hl\u00fck\u0259sizliyini t\u0259min etm\u0259lidirs\u0259, beyn\u0259lxalq m\u00fcnasib\u0259tl\u0259rin i\u015ftirak\u00e7\u0131s\u0131 olan aktorlar da bir-biril\u0259rinin qar\u015f\u0131l\u0131ql\u0131 t\u0259hl\u00fck\u0259sizliyini m\u00fctl\u0259q n\u0259z\u0259r\u0259 almal\u0131d\u0131r. Az\u0259rbaycan t\u0259hl\u00fck\u0259sizliy\u0259 t\u00f6hf\u0259 verirs\u0259, dem\u0259li onun t\u0259hl\u00fck\u0259sziliyin\u0259 t\u0259r\u0259fda\u015flar\u0131 v\u0259 m\u00fctt\u0259fiql\u0259ri d\u0259 m\u00fctl\u0259q diqq\u0259t yetirm\u0259lidir. D\u00fc\u015f\u00fcn\u00fcr\u0259m ki, Con Boltonun s\u0259f\u0259ri m\u0259hz Erm\u0259nistan-Az\u0259rbaycan, Da\u011fl\u0131q Qaraba\u011f probleminin h\u0259lli kontekstind\u0259 Az\u0259rbaycan \u00fc\u00e7\u00fcn \u00f6n\u0259mli idi&#8221;.<\/p>\n<p>Deputat qeyd edib ki, Az\u0259rbaycan C.Boltonla m\u00fczakir\u0259l\u0259rd\u0259 \u0259razi b\u00fct\u00f6vl\u00fcy\u00fc m\u0259s\u0259l\u0259sind\u0259 prinsipiall\u0131\u011f\u0131n\u0131 v\u0259 BMT T\u0259hl\u00fck\u0259sizlik \u015euras\u0131n\u0131n q\u0259bul etdiyi q\u0259tnam\u0259l\u0259rin yerin\u0259 yetirilm\u0259si il\u0259 ba\u011fl\u0131 \u00f6z m\u00f6vqeyini bir daha q\u0259tiyy\u0259tl\u0259 ortaya qoydu: &#8220;B\u00fct\u00f6vl\u00fckd\u0259, haz\u0131rk\u0131 beyn\u0259lxalq m\u00fcnasib\u0259tl\u0259r sisteminin siyasi konyunkturas\u0131na n\u0259z\u0259r salsaq g\u00f6r\u0259rik ki, \u0259n m\u00fcxt\u0259lif probleml\u0259r m\u0259hz bu qar\u015f\u0131l\u0131ql\u0131 m\u00fczakir\u0259l\u0259r v\u0259 qar\u015f\u0131l\u0131ql\u0131 maraqlar\u0131n t\u0259min olunmas\u0131 format\u0131nda aktualla\u015fd\u0131r\u0131l\u0131r. Ona g\u00f6r\u0259 d\u0259 bu g\u00f6r\u00fc\u015f ist\u0259r AB\u015e-Az\u0259rbaycan ikit\u0259r\u0259fli m\u00fcnasib\u0259tl\u0259ri, ist\u0259rs\u0259 d\u0259 regional t\u0259hl\u00fck\u0259sizlik m\u0259s\u0259l\u0259l\u0259ri bax\u0131m\u0131ndan olduqca m\u00fch\u00fcm bir g\u00f6r\u00fc\u015f idi&#8221;.<\/p>\n","protected":false},"excerpt":{"rendered":"<p>Birl\u0259\u015fmi\u015f \u015etatlar Prezidentinin milli t\u0259hl\u00fck\u0259sizlik m\u0259s\u0259l\u0259l\u0259ri \u00fczr\u0259 m\u00fc\u015faviri Con Boltonun Az\u0259rbaycana s\u0259f\u0259ri AB\u015e-Az\u0259rbaycan ikit\u0259r\u0259fli m\u00fcnasib\u0259tl\u0259ri v\u0259 regional t\u0259hl\u00fck\u0259sizlik m\u0259s\u0259l\u0259l\u0259ri bax\u0131m\u0131ndan olduqca \u0259h\u0259miyy\u0259tli idi. ARANTV.AZ trend-\u0259 istinad\u0259n bildirir ki,\u00a0bunu Milli M\u0259clisin deputat\u0131 Hikm\u0259t Babao\u011flu C.Boltonun Az\u0259rbaycana s\u0259f\u0259rini \u015f\u0259rh ed\u0259rk\u0259n deyib. Mill\u0259t v\u0259kili bildirib ki, C.Boltonun Az\u0259rbaycana s\u0259f\u0259ri ist\u0259r regional, ist\u0259rs\u0259 d\u0259 qlobal t\u0259hl\u00fck\u0259sizlik bax\u0131m\u0131ndan m\u00fch\u00fcm \u0259h\u0259miyy\u0259t k\u0259sb edir: &#8220;Con Bolton v\u0259 Prezident \u0130lham \u018fliyev aras\u0131nda AB\u015e-Az\u0259rbaycan \u0259m\u0259kda\u015fl\u0131q \u0259laq\u0259l\u0259rinin m\u00fcxt\u0259lif aspektl\u0259ri, Az\u0259rbaycan\u0131n d\u00fcnya enerji bazar\u0131nda rolu, terrorizm\u0259, insan alverin\u0259, narkotikl\u0259rin qeyri-qanuni d\u00f6vriyy\u0259sin\u0259 qar\u015f\u0131 m\u00fcbariz\u0259, insan haqlar\u0131, habel\u0259 regionda c\u0259r\u0259yan ed\u0259n siyasi v\u0259&hellip;<\/p>\n","protected":false},"author":2,"featured_media":21133,"comment_status":"closed","ping_status":"closed","sticky":false,"template":"","format":"standard","meta":{"om_disable_all_campaigns":false,"_monsterinsights_skip_tracking":false,"_monsterinsights_sitenote_active":false,"_monsterinsights_sitenote_note":"","_monsterinsights_sitenote_category":0},"categories":[4],"tags":[],"aioseo_notices":[],"gutentor_comment":0,"rttpg_featured_image_url":{"full":["https:\/\/arantv.az\/wp-content\/uploads\/2018\/10\/697651.jpg",600,450,false],"landscape":["https:\/\/arantv.az\/wp-content\/uploads\/2018\/10\/697651.jpg",600,450,false],"portraits":["https:\/\/arantv.az\/wp-content\/uploads\/2018\/10\/697651.jpg",600,450,false],"thumbnail":["https:\/\/arantv.az\/wp-content\/uploads\/2018\/10\/697651-150x150.jpg",150,150,true],"medium":["https:\/\/arantv.az\/wp-content\/uploads\/2018\/10\/697651-300x225.jpg",300,225,true],"large":["https:\/\/arantv.az\/wp-content\/uploads\/2018\/10\/697651.jpg",600,450,false],"1536x1536":["https:\/\/arantv.az\/wp-content\/uploads\/2018\/10\/697651.jpg",600,450,false],"2048x2048":["https:\/\/arantv.az\/wp-content\/uploads\/2018\/10\/697651.jpg",600,450,false],"post-thumbnail":["https:\/\/arantv.az\/wp-content\/uploads\/2018\/10\/697651-240x172.jpg",240,172,true],"advps-thumb-one":["https:\/\/arantv.az\/wp-content\/uploads\/2018\/10\/697651.jpg",600,450,false]},"rttpg_author":{"display_name":"V\u00fcsal Rafiqo\u011flu","author_link":"https:\/\/arantv.az\/?author=2"},"rttpg_comment":0,"rttpg_category":"<a href=\"https:\/\/arantv.az\/?cat=4\" rel=\"category\">Siyas\u0259t<\/a>","rttpg_excerpt":"Birl\u0259\u015fmi\u015f \u015etatlar Prezidentinin milli t\u0259hl\u00fck\u0259sizlik m\u0259s\u0259l\u0259l\u0259ri \u00fczr\u0259 m\u00fc\u015faviri Con Boltonun Az\u0259rbaycana s\u0259f\u0259ri AB\u015e-Az\u0259rbaycan ikit\u0259r\u0259fli m\u00fcnasib\u0259tl\u0259ri v\u0259 regional t\u0259hl\u00fck\u0259sizlik m\u0259s\u0259l\u0259l\u0259ri bax\u0131m\u0131ndan olduqca \u0259h\u0259miyy\u0259tli idi. ARANTV.AZ trend-\u0259 istinad\u0259n bildirir ki,\u00a0bunu Milli M\u0259clisin deputat\u0131 Hikm\u0259t Babao\u011flu C.Boltonun Az\u0259rbaycana s\u0259f\u0259rini \u015f\u0259rh ed\u0259rk\u0259n deyib. Mill\u0259t v\u0259kili bildirib ki, C.Boltonun Az\u0259rbaycana s\u0259f\u0259ri ist\u0259r regional, ist\u0259rs\u0259 d\u0259 qlobal t\u0259hl\u00fck\u0259sizlik bax\u0131m\u0131ndan m\u00fch\u00fcm \u0259h\u0259miyy\u0259t&hellip;","_links":{"self":[{"href":"https:\/\/arantv.az\/index.php?rest_route=\/wp\/v2\/posts\/21132"}],"collection":[{"href":"https:\/\/arantv.az\/index.php?rest_route=\/wp\/v2\/posts"}],"about":[{"href":"https:\/\/arantv.az\/index.php?rest_route=\/wp\/v2\/types\/post"}],"author":[{"embeddable":true,"href":"https:\/\/arantv.az\/index.php?rest_route=\/wp\/v2\/users\/2"}],"replies":[{"embeddable":true,"href":"https:\/\/arantv.az\/index.php?rest_route=%2Fwp%2Fv2%2Fcomments&post=21132"}],"version-history":[{"count":0,"href":"https:\/\/arantv.az\/index.php?rest_route=\/wp\/v2\/posts\/21132\/revisions"}],"wp:featuredmedia":[{"embeddable":true,"href":"https:\/\/arantv.az\/index.php?rest_route=\/wp\/v2\/media\/21133"}],"wp:attachment":[{"href":"https:\/\/arantv.az\/index.php?rest_route=%2Fwp%2Fv2%2Fmedia&parent=21132"}],"wp:term":[{"taxonomy":"category","embeddable":true,"href":"https:\/\/arantv.az\/index.php?rest_route=%2Fwp%2Fv2%2Fcategories&post=21132"},{"taxonomy":"post_tag","embeddable":true,"href":"https:\/\/arantv.az\/index.php?rest_route=%2Fwp%2Fv2%2Ftags&post=21132"}],"curies":[{"name":"wp","href":"https:\/\/api.w.org\/{rel}","templated":true}]}}