{"id":211323,"date":"2020-08-27T14:07:03","date_gmt":"2020-08-27T11:07:03","guid":{"rendered":"http:\/\/arantv.az\/?p=211323"},"modified":"2020-08-27T14:07:03","modified_gmt":"2020-08-27T11:07:03","slug":"ramiz-mehdiyevin-n%c9%99v%c9%99sinin-qalmaqalli-toyunda-eyyub-yaqubov-oxuyub-video","status":"publish","type":"post","link":"https:\/\/arantv.az\/?p=211323","title":{"rendered":"Ramiz Mehdiyevin n\u0259v\u0259sinin qalmaqall\u0131 toyunda Eyyub Yaqubov oxuyub? &#8211; V\u0130DEO"},"content":{"rendered":"<p>Az\u0259rbaycan Milli Elml\u0259r Akademiyas\u0131n\u0131n prezidenti, akademik Ramiz Mehdiyevin n\u0259v\u0259sinin qalmaqall\u0131 toyundan yeni g\u00f6r\u00fcnt\u00fcl\u0259r yay\u0131l\u0131b.<\/p>\n<p>Sosial \u015f\u0259b\u0259k\u0259l\u0259rd\u0259 yay\u0131lan kadrlardan \u00e7\u0131x\u0131\u015f ed\u0259r\u0259k, h\u0259min toyda m\u00fc\u011f\u0259nni Eyyub Yaqubovun da i\u015ftirak etdiyi iddia olunur.<\/p>\n<p>Unikal.org Eyyub Yaqubovla \u0259laq\u0259 saxlama\u011fa \u00e7al\u0131\u015fsa da, m\u0259s\u0259l\u0259y\u0259 m\u00fc\u011f\u0259nninin k\u00f6m\u0259k\u00e7isi ayd\u0131nl\u0131q g\u0259tirib.<\/p>\n<p>\u201cHaz\u0131rda \u00f6z\u00fcm d\u0259 Eyyub b\u0259yi tapa bilmir\u0259m. Amma biz h\u0259min toyda i\u015ftirak etm\u0259mi\u015fik, orada Eyyub b\u0259yin s\u0259sind\u0259n fonoqram veribl\u0259r, y\u0259qin, h\u0259min mahn\u0131n\u0131 DJ qoyub\u201d, \u2013 dey\u0259 Eyyub Yaqubovun k\u00f6m\u0259k\u00e7isi a\u00e7\u0131qlamas\u0131nda bildirib.<\/p>\n<div><iframe loading=\"lazy\" src=\"https:\/\/baku.tv\/embed\/23815\" width=\"640\" height=\"360\" frameborder=\"0\" scrolling=\"no\" allowfullscreen=\"allowfullscreen\" data-mce-fragment=\"1\"><\/iframe><\/div>\n<p>&nbsp;<\/p>\n","protected":false},"excerpt":{"rendered":"<p>Az\u0259rbaycan Milli Elml\u0259r Akademiyas\u0131n\u0131n prezidenti, akademik Ramiz Mehdiyevin n\u0259v\u0259sinin qalmaqall\u0131 toyundan yeni g\u00f6r\u00fcnt\u00fcl\u0259r yay\u0131l\u0131b. Sosial \u015f\u0259b\u0259k\u0259l\u0259rd\u0259 yay\u0131lan kadrlardan \u00e7\u0131x\u0131\u015f ed\u0259r\u0259k, h\u0259min toyda m\u00fc\u011f\u0259nni Eyyub Yaqubovun da i\u015ftirak etdiyi iddia olunur. Unikal.org Eyyub Yaqubovla \u0259laq\u0259 saxlama\u011fa \u00e7al\u0131\u015fsa da, m\u0259s\u0259l\u0259y\u0259 m\u00fc\u011f\u0259nninin k\u00f6m\u0259k\u00e7isi ayd\u0131nl\u0131q g\u0259tirib. \u201cHaz\u0131rda \u00f6z\u00fcm d\u0259 Eyyub b\u0259yi tapa bilmir\u0259m. Amma biz h\u0259min toyda i\u015ftirak etm\u0259mi\u015fik, orada Eyyub b\u0259yin s\u0259sind\u0259n fonoqram veribl\u0259r, y\u0259qin, h\u0259min mahn\u0131n\u0131 DJ qoyub\u201d, \u2013 dey\u0259 Eyyub Yaqubovun k\u00f6m\u0259k\u00e7isi a\u00e7\u0131qlamas\u0131nda bildirib. &nbsp;<\/p>\n","protected":false},"author":2,"featured_media":211324,"comment_status":"closed","ping_status":"closed","sticky":false,"template":"","format":"standard","meta":{"om_disable_all_campaigns":false,"_monsterinsights_skip_tracking":false,"_monsterinsights_sitenote_active":false,"_monsterinsights_sitenote_note":"","_monsterinsights_sitenote_category":0},"categories":[26],"tags":[],"aioseo_notices":[],"gutentor_comment":0,"rttpg_featured_image_url":{"full":["https:\/\/arantv.az\/wp-content\/uploads\/2020\/08\/FotoJet-2-1-1.jpg",620,410,false],"landscape":["https:\/\/arantv.az\/wp-content\/uploads\/2020\/08\/FotoJet-2-1-1.jpg",620,410,false],"portraits":["https:\/\/arantv.az\/wp-content\/uploads\/2020\/08\/FotoJet-2-1-1.jpg",620,410,false],"thumbnail":["https:\/\/arantv.az\/wp-content\/uploads\/2020\/08\/FotoJet-2-1-1-150x150.jpg",150,150,true],"medium":["https:\/\/arantv.az\/wp-content\/uploads\/2020\/08\/FotoJet-2-1-1-300x198.jpg",300,198,true],"large":["https:\/\/arantv.az\/wp-content\/uploads\/2020\/08\/FotoJet-2-1-1.jpg",620,410,false],"1536x1536":["https:\/\/arantv.az\/wp-content\/uploads\/2020\/08\/FotoJet-2-1-1.jpg",620,410,false],"2048x2048":["https:\/\/arantv.az\/wp-content\/uploads\/2020\/08\/FotoJet-2-1-1.jpg",620,410,false],"post-thumbnail":["https:\/\/arantv.az\/wp-content\/uploads\/2020\/08\/FotoJet-2-1-1-240x172.jpg",240,172,true],"advps-thumb-one":["https:\/\/arantv.az\/wp-content\/uploads\/2020\/08\/FotoJet-2-1-1.jpg",620,410,false]},"rttpg_author":{"display_name":"V\u00fcsal Rafiqo\u011flu","author_link":"https:\/\/arantv.az\/?author=2"},"rttpg_comment":0,"rttpg_category":"<a href=\"https:\/\/arantv.az\/?cat=26\" rel=\"category\">Sosial<\/a>","rttpg_excerpt":"Az\u0259rbaycan Milli Elml\u0259r Akademiyas\u0131n\u0131n prezidenti, akademik Ramiz Mehdiyevin n\u0259v\u0259sinin qalmaqall\u0131 toyundan yeni g\u00f6r\u00fcnt\u00fcl\u0259r yay\u0131l\u0131b. Sosial \u015f\u0259b\u0259k\u0259l\u0259rd\u0259 yay\u0131lan kadrlardan \u00e7\u0131x\u0131\u015f ed\u0259r\u0259k, h\u0259min toyda m\u00fc\u011f\u0259nni Eyyub Yaqubovun da i\u015ftirak etdiyi iddia olunur. Unikal.org Eyyub Yaqubovla \u0259laq\u0259 saxlama\u011fa \u00e7al\u0131\u015fsa da, m\u0259s\u0259l\u0259y\u0259 m\u00fc\u011f\u0259nninin k\u00f6m\u0259k\u00e7isi ayd\u0131nl\u0131q g\u0259tirib. \u201cHaz\u0131rda \u00f6z\u00fcm d\u0259 Eyyub b\u0259yi tapa bilmir\u0259m. Amma biz h\u0259min toyda i\u015ftirak etm\u0259mi\u015fik,&hellip;","_links":{"self":[{"href":"https:\/\/arantv.az\/index.php?rest_route=\/wp\/v2\/posts\/211323"}],"collection":[{"href":"https:\/\/arantv.az\/index.php?rest_route=\/wp\/v2\/posts"}],"about":[{"href":"https:\/\/arantv.az\/index.php?rest_route=\/wp\/v2\/types\/post"}],"author":[{"embeddable":true,"href":"https:\/\/arantv.az\/index.php?rest_route=\/wp\/v2\/users\/2"}],"replies":[{"embeddable":true,"href":"https:\/\/arantv.az\/index.php?rest_route=%2Fwp%2Fv2%2Fcomments&post=211323"}],"version-history":[{"count":0,"href":"https:\/\/arantv.az\/index.php?rest_route=\/wp\/v2\/posts\/211323\/revisions"}],"wp:featuredmedia":[{"embeddable":true,"href":"https:\/\/arantv.az\/index.php?rest_route=\/wp\/v2\/media\/211324"}],"wp:attachment":[{"href":"https:\/\/arantv.az\/index.php?rest_route=%2Fwp%2Fv2%2Fmedia&parent=211323"}],"wp:term":[{"taxonomy":"category","embeddable":true,"href":"https:\/\/arantv.az\/index.php?rest_route=%2Fwp%2Fv2%2Fcategories&post=211323"},{"taxonomy":"post_tag","embeddable":true,"href":"https:\/\/arantv.az\/index.php?rest_route=%2Fwp%2Fv2%2Ftags&post=211323"}],"curies":[{"name":"wp","href":"https:\/\/api.w.org\/{rel}","templated":true}]}}