{"id":211327,"date":"2020-08-27T14:23:49","date_gmt":"2020-08-27T11:23:49","guid":{"rendered":"http:\/\/arantv.az\/?p=211327"},"modified":"2020-08-27T14:23:49","modified_gmt":"2020-08-27T11:23:49","slug":"sabranda-yeni-tarixi-tapintilar-askar-olunub-video","status":"publish","type":"post","link":"https:\/\/arantv.az\/?p=211327","title":{"rendered":"\u015eabranda yeni tarixi tap\u0131nt\u0131lar a\u015fkar olunub &#8211; V\u0130DEO"},"content":{"rendered":"<p>\u015eabranda yeni tarixi tap\u0131nt\u0131 a\u015fkarlan\u0131b.<\/p>\n<p><strong>ARANTV.AZ<\/strong> x\u0259b\u0259r verir ki, rayonun Ayg\u00fcnl\u00fc k\u0259ndind\u0259 yerl\u0259\u015f\u0259n abid\u0259d\u0259 a\u015fkarlanan tap\u0131nt\u0131lar\u00a0K\u00fcr-Araz m\u0259d\u0259niyy\u0259tin\u0259 aiddir.<\/p>\n<p>Apar\u0131lan qaz\u0131nt\u0131 i\u015fl\u0259ri zaman\u0131 abid\u0259 \u0259razisind\u0259n tap\u0131lan \u0259\u015fyalar\u00a0keramikadan haz\u0131rlan\u0131b. Bu is\u0259 Erk\u0259n Tunc d\u00f6vr\u00fcn\u00fcn \u0259sas atributu hesab olunur.<\/p>\n<article class=\"news\">\n<div class=\"news-inner\">\n<p>\u00c7aqqall\u0131qt\u0259p\u0259d\u0259 be\u015f\u00a0eyni tipli abid\u0259 m\u00f6vcuddur. Bu \u0259razid\u0259ki q\u0259dim ya\u015fay\u0131\u015f yerl\u0259ri \u00f6t\u0259n \u0259srin 70-ci ill\u0259rind\u0259 a\u015fkar edilib. \u018frazid\u0259 q\u0259dim t\u0259p\u0259likl\u0259r m\u00f6vcuddur. Arxeoloji qaz\u0131nt\u0131lar zaman\u0131 \u00c7aqqall\u0131qt\u0259p\u0259d\u0259 be\u015f minillik tarix\u0259 malik qazma evl\u0259r a\u015fkarlan\u0131b.<\/p>\n<p>\u00c7aqqall\u0131qt\u0259p\u0259d\u0259 qaz\u0131nt\u0131lar zaman\u0131 a\u015fkarlanan \u0259n \u0259h\u0259miyy\u0259tli tap\u0131nt\u0131lardan biri d\u0259 elmi \u0259d\u0259biyyatda tokin adland\u0131r\u0131lan gil \u0259\u015fyalard\u0131r. Yaz\u0131\u00a0k\u0259\u015ff olunana q\u0259d\u0259r gild\u0259n haz\u0131rlanan tokinl\u0259r \u00c7aqqall\u0131qt\u0259p\u0259nin yerl\u0259\u015fdiyi \u0259razid\u0259 ilkin inzibati idar\u0259etm\u0259nin, y\u0259ni d\u00f6vl\u0259t\u00e7ilik \u0259n\u0259n\u0259l\u0259rinin m\u00f6vcud oldu\u011funu s\u00fcbut edir.<\/p>\n<p>T\u0259dqiqatlar zaman\u0131 \u00e7ox sayda \u0259m\u0259k al\u0259tl\u0259ri, \u00e7axmaq da\u015flar\u0131, ox ucluqlar\u0131, oraq i\u015fl\u0259ri, s\u00fcm\u00fckd\u0259n haz\u0131rlanan bizl\u0259r v\u0259 m\u00fcxt\u0259lif \u0259\u015fyalar\u00a0da a\u015fkarlan\u0131b. Y\u00fcng\u00fcl konstruksiya il\u0259 \u00f6rt\u00fcl\u0259n\u00a0dair\u0259vi evl\u0259rin i\u00e7\u0259risind\u0259 is\u0259 Erk\u0259n Tunc d\u00f6vr\u00fcn\u0259 aid manqal tap\u0131l\u0131b.<\/p>\n<p>Qeyd ed\u0259k ki, Az\u0259rbaycan Milli Elml\u0259r Akademiyas\u0131n\u0131n Arxeologiya v\u0259 Etnoqrafiya \u0130nstitutu \u0259razid\u0259 qaz\u0131nt\u0131 i\u015fl\u0259rin\u0259 2016-c\u0131 ild\u0259n ba\u015flay\u0131b.<\/p>\n<div><iframe loading=\"lazy\" src=\"https:\/\/www.youtube.com\/embed\/zMRcwdbCT_I\" width=\"560\" height=\"315\" frameborder=\"0\" allowfullscreen=\"allowfullscreen\" data-mce-fragment=\"1\"><\/iframe><\/div>\n<\/div>\n<\/article>\n<h2 class=\"news-share-title\"><\/h2>\n<p>Baku TV<\/p>\n","protected":false},"excerpt":{"rendered":"<p>\u015eabranda yeni tarixi tap\u0131nt\u0131 a\u015fkarlan\u0131b. ARANTV.AZ x\u0259b\u0259r verir ki, rayonun Ayg\u00fcnl\u00fc k\u0259ndind\u0259 yerl\u0259\u015f\u0259n abid\u0259d\u0259 a\u015fkarlanan tap\u0131nt\u0131lar\u00a0K\u00fcr-Araz m\u0259d\u0259niyy\u0259tin\u0259 aiddir. Apar\u0131lan qaz\u0131nt\u0131 i\u015fl\u0259ri zaman\u0131 abid\u0259 \u0259razisind\u0259n tap\u0131lan \u0259\u015fyalar\u00a0keramikadan haz\u0131rlan\u0131b. Bu is\u0259 Erk\u0259n Tunc d\u00f6vr\u00fcn\u00fcn \u0259sas atributu hesab olunur. \u00c7aqqall\u0131qt\u0259p\u0259d\u0259 be\u015f\u00a0eyni tipli abid\u0259 m\u00f6vcuddur. Bu \u0259razid\u0259ki q\u0259dim ya\u015fay\u0131\u015f yerl\u0259ri \u00f6t\u0259n \u0259srin 70-ci ill\u0259rind\u0259 a\u015fkar edilib. \u018frazid\u0259 q\u0259dim t\u0259p\u0259likl\u0259r m\u00f6vcuddur. Arxeoloji qaz\u0131nt\u0131lar zaman\u0131 \u00c7aqqall\u0131qt\u0259p\u0259d\u0259 be\u015f minillik tarix\u0259 malik qazma evl\u0259r a\u015fkarlan\u0131b. \u00c7aqqall\u0131qt\u0259p\u0259d\u0259 qaz\u0131nt\u0131lar zaman\u0131 a\u015fkarlanan \u0259n \u0259h\u0259miyy\u0259tli tap\u0131nt\u0131lardan biri d\u0259 elmi \u0259d\u0259biyyatda tokin adland\u0131r\u0131lan gil \u0259\u015fyalard\u0131r. Yaz\u0131\u00a0k\u0259\u015ff olunana q\u0259d\u0259r gild\u0259n haz\u0131rlanan tokinl\u0259r \u00c7aqqall\u0131qt\u0259p\u0259nin yerl\u0259\u015fdiyi&hellip;<\/p>\n","protected":false},"author":2,"featured_media":211328,"comment_status":"closed","ping_status":"closed","sticky":false,"template":"","format":"standard","meta":{"om_disable_all_campaigns":false,"_monsterinsights_skip_tracking":false,"_monsterinsights_sitenote_active":false,"_monsterinsights_sitenote_note":"","_monsterinsights_sitenote_category":0},"categories":[26],"tags":[],"aioseo_notices":[],"gutentor_comment":0,"rttpg_featured_image_url":{"full":["https:\/\/arantv.az\/wp-content\/uploads\/2020\/08\/unnamed-21.jpg",620,349,false],"landscape":["https:\/\/arantv.az\/wp-content\/uploads\/2020\/08\/unnamed-21.jpg",620,349,false],"portraits":["https:\/\/arantv.az\/wp-content\/uploads\/2020\/08\/unnamed-21.jpg",620,349,false],"thumbnail":["https:\/\/arantv.az\/wp-content\/uploads\/2020\/08\/unnamed-21-150x150.jpg",150,150,true],"medium":["https:\/\/arantv.az\/wp-content\/uploads\/2020\/08\/unnamed-21-300x169.jpg",300,169,true],"large":["https:\/\/arantv.az\/wp-content\/uploads\/2020\/08\/unnamed-21.jpg",620,349,false],"1536x1536":["https:\/\/arantv.az\/wp-content\/uploads\/2020\/08\/unnamed-21.jpg",620,349,false],"2048x2048":["https:\/\/arantv.az\/wp-content\/uploads\/2020\/08\/unnamed-21.jpg",620,349,false],"post-thumbnail":["https:\/\/arantv.az\/wp-content\/uploads\/2020\/08\/unnamed-21-240x172.jpg",240,172,true],"advps-thumb-one":["https:\/\/arantv.az\/wp-content\/uploads\/2020\/08\/unnamed-21.jpg",620,349,false]},"rttpg_author":{"display_name":"V\u00fcsal Rafiqo\u011flu","author_link":"https:\/\/arantv.az\/?author=2"},"rttpg_comment":0,"rttpg_category":"<a href=\"https:\/\/arantv.az\/?cat=26\" rel=\"category\">Sosial<\/a>","rttpg_excerpt":"\u015eabranda yeni tarixi tap\u0131nt\u0131 a\u015fkarlan\u0131b. ARANTV.AZ x\u0259b\u0259r verir ki, rayonun Ayg\u00fcnl\u00fc k\u0259ndind\u0259 yerl\u0259\u015f\u0259n abid\u0259d\u0259 a\u015fkarlanan tap\u0131nt\u0131lar\u00a0K\u00fcr-Araz m\u0259d\u0259niyy\u0259tin\u0259 aiddir. Apar\u0131lan qaz\u0131nt\u0131 i\u015fl\u0259ri zaman\u0131 abid\u0259 \u0259razisind\u0259n tap\u0131lan \u0259\u015fyalar\u00a0keramikadan haz\u0131rlan\u0131b. Bu is\u0259 Erk\u0259n Tunc d\u00f6vr\u00fcn\u00fcn \u0259sas atributu hesab olunur. \u00c7aqqall\u0131qt\u0259p\u0259d\u0259 be\u015f\u00a0eyni tipli abid\u0259 m\u00f6vcuddur. Bu \u0259razid\u0259ki q\u0259dim ya\u015fay\u0131\u015f yerl\u0259ri \u00f6t\u0259n \u0259srin 70-ci ill\u0259rind\u0259 a\u015fkar edilib. \u018frazid\u0259 q\u0259dim t\u0259p\u0259likl\u0259r&hellip;","_links":{"self":[{"href":"https:\/\/arantv.az\/index.php?rest_route=\/wp\/v2\/posts\/211327"}],"collection":[{"href":"https:\/\/arantv.az\/index.php?rest_route=\/wp\/v2\/posts"}],"about":[{"href":"https:\/\/arantv.az\/index.php?rest_route=\/wp\/v2\/types\/post"}],"author":[{"embeddable":true,"href":"https:\/\/arantv.az\/index.php?rest_route=\/wp\/v2\/users\/2"}],"replies":[{"embeddable":true,"href":"https:\/\/arantv.az\/index.php?rest_route=%2Fwp%2Fv2%2Fcomments&post=211327"}],"version-history":[{"count":0,"href":"https:\/\/arantv.az\/index.php?rest_route=\/wp\/v2\/posts\/211327\/revisions"}],"wp:featuredmedia":[{"embeddable":true,"href":"https:\/\/arantv.az\/index.php?rest_route=\/wp\/v2\/media\/211328"}],"wp:attachment":[{"href":"https:\/\/arantv.az\/index.php?rest_route=%2Fwp%2Fv2%2Fmedia&parent=211327"}],"wp:term":[{"taxonomy":"category","embeddable":true,"href":"https:\/\/arantv.az\/index.php?rest_route=%2Fwp%2Fv2%2Fcategories&post=211327"},{"taxonomy":"post_tag","embeddable":true,"href":"https:\/\/arantv.az\/index.php?rest_route=%2Fwp%2Fv2%2Ftags&post=211327"}],"curies":[{"name":"wp","href":"https:\/\/api.w.org\/{rel}","templated":true}]}}