{"id":211395,"date":"2020-08-27T15:20:15","date_gmt":"2020-08-27T12:20:15","guid":{"rendered":"http:\/\/arantv.az\/?p=211395"},"modified":"2020-08-27T15:20:15","modified_gmt":"2020-08-27T12:20:15","slug":"mehriban-%c9%99liyevanin-beyn%c9%99lxalq-v%c9%99-m%c9%99d%c9%99niyy%c9%99tl%c9%99rarasi-t%c9%99s%c9%99bbusl%c9%99ri-qlobal-inkisafa-%c9%99h%c9%99miyy%c9%99tli-t%c9%99sir-gost%c9%99rib-xorvatiyanin-s","status":"publish","type":"post","link":"https:\/\/arantv.az\/?p=211395","title":{"rendered":"Mehriban \u018fliyevan\u0131n beyn\u0259lxalq v\u0259 m\u0259d\u0259niyy\u0259tl\u0259raras\u0131 t\u0259\u015f\u0259bb\u00fcsl\u0259ri qlobal inki\u015fafa \u0259h\u0259miyy\u0259tli t\u0259sir g\u00f6st\u0259rib &#8211; Xorvatiyan\u0131n sabiq prezidenti"},"content":{"rendered":"<p>Az\u0259rbaycan\u0131n Birinci vitse-prezidenti Mehriban \u018fliyevan\u0131n beyn\u0259lxalq v\u0259 m\u0259d\u0259niyy\u0259tl\u0259raras\u0131 t\u0259\u015f\u0259bb\u00fcsl\u0259ri qlobal inki\u015fafa \u0259h\u0259miyy\u0259tli t\u0259sir g\u00f6st\u0259rib v\u0259 parlaq n\u0259tic\u0259l\u0259r verib.<\/p>\n<p><strong>ARANTV.AZ<\/strong>\u00a0 bildirir ki, bunu\u00a0<a href=\"http:\/\/az.trend.az\/\" target=\"_blank\" rel=\"noopener\">Trend<\/a>-\u0259\u00a0Xorvatiyan\u0131n sabiq prezidenti, Nizami G\u0259nc\u0259vi Beyn\u0259lxalq M\u0259rk\u0259zinin Q\u0259yyumlar \u015furas\u0131n\u0131n \u00fczv\u00fc \u0130vo Yosipovi\u00e7 deyib.<\/p>\n<p>O bildirib: &#8220;Birinci vitse-prezident Mehriban \u018fliyeva g\u00fccl\u00fc \u015f\u0259xsiyy\u0259tdir v\u0259 \u015e\u0259rql\u0259 Q\u0259rbi birl\u0259\u015fdir\u0259n m\u00fcxt\u0259lif sah\u0259l\u0259rd\u0259 u\u011furlu f\u0259aliyy\u0259t g\u00f6st\u0259r\u0259n intellektual insand\u0131r. Mehriban \u018fliyeva bir \u00e7ox diplomat v\u0259 analitikl\u0259r \u00fc\u00e7\u00fcn m\u00fcmk\u00fcns\u00fcz g\u00f6r\u00fcn\u0259n missiyan\u0131 h\u0259yata ke\u00e7irm\u0259y\u0259 m\u00fcv\u0259ff\u0259q olub &#8211; d\u00fcnyan\u0131n bir \u00e7ox gu\u015f\u0259l\u0259rind\u0259 m\u00f6vcud olan m\u00fch\u00fcm humanitar probleml\u0259rin h\u0259lli \u00fc\u00e7\u00fcn \u015e\u0259rql\u0259 Q\u0259rbi birl\u0259\u015fdirib&#8221;.<\/p>\n<p>\u0130.Yosipovi\u00e7 qeyd edib ki, Birinci vitse-prezident Mehriban \u018fliyeva h\u0259r zaman humanitar m\u0259s\u0259l\u0259l\u0259r\u0259 x\u00fcsusi diqq\u0259t ay\u0131r\u0131r:<\/p>\n<p>&#8220;Mehriban \u018fliyevan\u0131n humanitar sah\u0259d\u0259 samball\u0131 t\u00f6hf\u0259sin\u0259 g\u00f6r\u0259 2006-c\u0131 ild\u0259 ISESCO-nun xo\u015fm\u0259raml\u0131 s\u0259firi t\u0259yin edilm\u0259si bu t\u00f6hf\u0259nin \u00f6n\u0259mini g\u00f6st\u0259rir. X\u00fcsusil\u0259 d\u0259, Mehriban \u018fliyevan\u0131n beyn\u0259lxalq v\u0259 m\u0259d\u0259niyy\u0259tl\u0259raras\u0131 t\u0259\u015f\u0259bb\u00fcsl\u0259ri qlobal inki\u015fafa \u0259h\u0259miyy\u0259tli t\u0259sir g\u00f6st\u0259rib v\u0259 parlaq n\u0259tic\u0259l\u0259r verib.&#8221;<\/p>\n<p>Sabiq prezident \u0259lav\u0259 edib ki, Mehriban \u018fliyevan\u0131n f\u0259aliyy\u0259ti qad\u0131nlar\u0131n ictimai h\u0259yat\u0131n m\u00fcxt\u0259lif sah\u0259l\u0259rind\u0259 u\u011fur qazana bil\u0259c\u0259yin\u0259 \u0259n yax\u015f\u0131 n\u00fcmun\u0259dir:<\/p>\n<p>&#8220;Qad\u0131nlar\u0131n ir\u0259li \u00e7\u0259kilm\u0259sind\u0259 v\u0259 ki\u015fil\u0259rl\u0259 b\u0259rab\u0259rliyinin t\u0259min olunmas\u0131nda Az\u0259rbaycan vacib rol oynay\u0131r v\u0259 qad\u0131nlar\u0131n ictimai f\u0259all\u0131\u011f\u0131n\u0131n \u0130slama zidd olmad\u0131\u011f\u0131n\u0131 n\u00fcmayi\u015f etdirir. Ca\u011fda\u015f c\u0259miyy\u0259tin, el\u0259c\u0259 d\u0259 s\u0259naye v\u0259 \u0130KT-d\u0259n ba\u015flayaraq m\u0259d\u0259niyy\u0259t v\u0259 t\u0259hsil\u0259d\u0259k b\u00fct\u00fcn sah\u0259l\u0259rin inki\u015faf\u0131n\u0131 qad\u0131nlar\u0131n t\u00f6hf\u0259si olmadan t\u0259s\u0259vv\u00fcr etm\u0259k m\u00fcmk\u00fcn deyil. Az\u0259rbaycana s\u0259f\u0259rl\u0259rim zaman\u0131 m\u0259nim qad\u0131nlar\u0131n ictimai h\u0259yatda, b\u00fct\u00fcn sah\u0259l\u0259rd\u0259 artan i\u015ftirak\u0131n\u0131 g\u00f6rm\u0259k imkan\u0131m olub. Mehriban \u018fliyeva qad\u0131nlar\u0131n ir\u0259li \u00e7\u0259kilm\u0259sini v\u0259 h\u00fcquq b\u0259rab\u0259rliyini d\u0259st\u0259kl\u0259yir. Az\u0259rbaycan\u0131n Birinci vitse-prezidentinin f\u0259aliyy\u0259ti qad\u0131nlar\u0131n siyas\u0259t, m\u0259d\u0259niyy\u0259t, elm sah\u0259l\u0259rind\u0259 u\u011fur qazana, milli v\u0259 beyn\u0259lxalq s\u0259viyy\u0259l\u0259rd\u0259 y\u00fcks\u0259k v\u0259zif\u0259l\u0259r tuta bil\u0259c\u0259yinin u\u011furlu n\u00fcmun\u0259sidir&#8221;.<\/p>\n","protected":false},"excerpt":{"rendered":"<p>Az\u0259rbaycan\u0131n Birinci vitse-prezidenti Mehriban \u018fliyevan\u0131n beyn\u0259lxalq v\u0259 m\u0259d\u0259niyy\u0259tl\u0259raras\u0131 t\u0259\u015f\u0259bb\u00fcsl\u0259ri qlobal inki\u015fafa \u0259h\u0259miyy\u0259tli t\u0259sir g\u00f6st\u0259rib v\u0259 parlaq n\u0259tic\u0259l\u0259r verib. ARANTV.AZ\u00a0 bildirir ki, bunu\u00a0Trend-\u0259\u00a0Xorvatiyan\u0131n sabiq prezidenti, Nizami G\u0259nc\u0259vi Beyn\u0259lxalq M\u0259rk\u0259zinin Q\u0259yyumlar \u015furas\u0131n\u0131n \u00fczv\u00fc \u0130vo Yosipovi\u00e7 deyib. O bildirib: &#8220;Birinci vitse-prezident Mehriban \u018fliyeva g\u00fccl\u00fc \u015f\u0259xsiyy\u0259tdir v\u0259 \u015e\u0259rql\u0259 Q\u0259rbi birl\u0259\u015fdir\u0259n m\u00fcxt\u0259lif sah\u0259l\u0259rd\u0259 u\u011furlu f\u0259aliyy\u0259t g\u00f6st\u0259r\u0259n intellektual insand\u0131r. Mehriban \u018fliyeva bir \u00e7ox diplomat v\u0259 analitikl\u0259r \u00fc\u00e7\u00fcn m\u00fcmk\u00fcns\u00fcz g\u00f6r\u00fcn\u0259n missiyan\u0131 h\u0259yata ke\u00e7irm\u0259y\u0259 m\u00fcv\u0259ff\u0259q olub &#8211; d\u00fcnyan\u0131n bir \u00e7ox gu\u015f\u0259l\u0259rind\u0259 m\u00f6vcud olan m\u00fch\u00fcm humanitar probleml\u0259rin h\u0259lli \u00fc\u00e7\u00fcn \u015e\u0259rql\u0259 Q\u0259rbi birl\u0259\u015fdirib&#8221;. \u0130.Yosipovi\u00e7 qeyd edib ki, Birinci vitse-prezident Mehriban&hellip;<\/p>\n","protected":false},"author":2,"featured_media":211396,"comment_status":"closed","ping_status":"closed","sticky":false,"template":"","format":"standard","meta":{"om_disable_all_campaigns":false,"_monsterinsights_skip_tracking":false,"_monsterinsights_sitenote_active":false,"_monsterinsights_sitenote_note":"","_monsterinsights_sitenote_category":0},"categories":[4],"tags":[],"aioseo_notices":[],"gutentor_comment":0,"rttpg_featured_image_url":{"full":["https:\/\/arantv.az\/wp-content\/uploads\/2020\/08\/876462_2.jpg",660,453,false],"landscape":["https:\/\/arantv.az\/wp-content\/uploads\/2020\/08\/876462_2.jpg",660,453,false],"portraits":["https:\/\/arantv.az\/wp-content\/uploads\/2020\/08\/876462_2.jpg",660,453,false],"thumbnail":["https:\/\/arantv.az\/wp-content\/uploads\/2020\/08\/876462_2-150x150.jpg",150,150,true],"medium":["https:\/\/arantv.az\/wp-content\/uploads\/2020\/08\/876462_2-300x206.jpg",300,206,true],"large":["https:\/\/arantv.az\/wp-content\/uploads\/2020\/08\/876462_2.jpg",640,439,false],"1536x1536":["https:\/\/arantv.az\/wp-content\/uploads\/2020\/08\/876462_2.jpg",660,453,false],"2048x2048":["https:\/\/arantv.az\/wp-content\/uploads\/2020\/08\/876462_2.jpg",660,453,false],"post-thumbnail":["https:\/\/arantv.az\/wp-content\/uploads\/2020\/08\/876462_2-240x172.jpg",240,172,true],"advps-thumb-one":["https:\/\/arantv.az\/wp-content\/uploads\/2020\/08\/876462_2.jpg",660,453,false]},"rttpg_author":{"display_name":"V\u00fcsal Rafiqo\u011flu","author_link":"https:\/\/arantv.az\/?author=2"},"rttpg_comment":0,"rttpg_category":"<a href=\"https:\/\/arantv.az\/?cat=4\" rel=\"category\">Siyas\u0259t<\/a>","rttpg_excerpt":"Az\u0259rbaycan\u0131n Birinci vitse-prezidenti Mehriban \u018fliyevan\u0131n beyn\u0259lxalq v\u0259 m\u0259d\u0259niyy\u0259tl\u0259raras\u0131 t\u0259\u015f\u0259bb\u00fcsl\u0259ri qlobal inki\u015fafa \u0259h\u0259miyy\u0259tli t\u0259sir g\u00f6st\u0259rib v\u0259 parlaq n\u0259tic\u0259l\u0259r verib. ARANTV.AZ\u00a0 bildirir ki, bunu\u00a0Trend-\u0259\u00a0Xorvatiyan\u0131n sabiq prezidenti, Nizami G\u0259nc\u0259vi Beyn\u0259lxalq M\u0259rk\u0259zinin Q\u0259yyumlar \u015furas\u0131n\u0131n \u00fczv\u00fc \u0130vo Yosipovi\u00e7 deyib. O bildirib: &#8220;Birinci vitse-prezident Mehriban \u018fliyeva g\u00fccl\u00fc \u015f\u0259xsiyy\u0259tdir v\u0259 \u015e\u0259rql\u0259 Q\u0259rbi birl\u0259\u015fdir\u0259n m\u00fcxt\u0259lif sah\u0259l\u0259rd\u0259 u\u011furlu f\u0259aliyy\u0259t g\u00f6st\u0259r\u0259n intellektual insand\u0131r. Mehriban \u018fliyeva&hellip;","_links":{"self":[{"href":"https:\/\/arantv.az\/index.php?rest_route=\/wp\/v2\/posts\/211395"}],"collection":[{"href":"https:\/\/arantv.az\/index.php?rest_route=\/wp\/v2\/posts"}],"about":[{"href":"https:\/\/arantv.az\/index.php?rest_route=\/wp\/v2\/types\/post"}],"author":[{"embeddable":true,"href":"https:\/\/arantv.az\/index.php?rest_route=\/wp\/v2\/users\/2"}],"replies":[{"embeddable":true,"href":"https:\/\/arantv.az\/index.php?rest_route=%2Fwp%2Fv2%2Fcomments&post=211395"}],"version-history":[{"count":0,"href":"https:\/\/arantv.az\/index.php?rest_route=\/wp\/v2\/posts\/211395\/revisions"}],"wp:featuredmedia":[{"embeddable":true,"href":"https:\/\/arantv.az\/index.php?rest_route=\/wp\/v2\/media\/211396"}],"wp:attachment":[{"href":"https:\/\/arantv.az\/index.php?rest_route=%2Fwp%2Fv2%2Fmedia&parent=211395"}],"wp:term":[{"taxonomy":"category","embeddable":true,"href":"https:\/\/arantv.az\/index.php?rest_route=%2Fwp%2Fv2%2Fcategories&post=211395"},{"taxonomy":"post_tag","embeddable":true,"href":"https:\/\/arantv.az\/index.php?rest_route=%2Fwp%2Fv2%2Ftags&post=211395"}],"curies":[{"name":"wp","href":"https:\/\/api.w.org\/{rel}","templated":true}]}}