{"id":211477,"date":"2020-08-27T16:23:06","date_gmt":"2020-08-27T13:23:06","guid":{"rendered":"http:\/\/arantv.az\/?p=211477"},"modified":"2020-08-27T16:23:06","modified_gmt":"2020-08-27T13:23:06","slug":"ibtidai-sinifl%c9%99rd%c9%99-t%c9%99drisin-t%c9%99skili-qaydasi-bilindi-h%c9%99ft%c9%99d%c9%99","status":"publish","type":"post","link":"https:\/\/arantv.az\/?p=211477","title":{"rendered":"\u0130btidai sinifl\u0259rd\u0259 t\u0259drisin t\u0259\u015fkili qaydas\u0131 bilindi: H\u0259ft\u0259d\u0259&#8230;"},"content":{"rendered":"<p>\u0130btidai sinifl\u0259r h\u0259ft\u0259d\u0259 2-3 d\u0259f\u0259 olmaqla, \u0259yani t\u0259hsil\u0259 ba\u015flayacaq.<\/p>\n<p><b>ARANTV.AZ\u00a0<\/b> x\u0259b\u0259r verir ki, bunu T\u0259hsil naziri Emin \u018fmrullayev deyib.<\/p>\n<p>O bildirib ki, birinci sinifl\u0259rin h\u0259ft\u0259d\u0259 \u00fc\u00e7 d\u0259f\u0259 d\u0259rs\u0259 g\u0259lm\u0259sind\u0259 maraql\u0131d\u0131rlar:<\/p>\n<p>\u201cYoluxma say\u0131 artarsa, \u0259yani\u00a0d\u0259rs iki d\u0259f\u0259y\u0259 sal\u0131nacaq. Artmazsa, bel\u0259 davam ed\u0259c\u0259k\u201d.<\/p>\n<p>Qeyd ed\u0259k ki, birinci sinf\u0259 650 min \u015fagirdin t\u0259dris\u0259 ba\u015flamas\u0131 g\u00f6zl\u0259nilir.<\/p>\n","protected":false},"excerpt":{"rendered":"<p>\u0130btidai sinifl\u0259r h\u0259ft\u0259d\u0259 2-3 d\u0259f\u0259 olmaqla, \u0259yani t\u0259hsil\u0259 ba\u015flayacaq. ARANTV.AZ\u00a0 x\u0259b\u0259r verir ki, bunu T\u0259hsil naziri Emin \u018fmrullayev deyib. O bildirib ki, birinci sinifl\u0259rin h\u0259ft\u0259d\u0259 \u00fc\u00e7 d\u0259f\u0259 d\u0259rs\u0259 g\u0259lm\u0259sind\u0259 maraql\u0131d\u0131rlar: \u201cYoluxma say\u0131 artarsa, \u0259yani\u00a0d\u0259rs iki d\u0259f\u0259y\u0259 sal\u0131nacaq. Artmazsa, bel\u0259 davam ed\u0259c\u0259k\u201d. Qeyd ed\u0259k ki, birinci sinf\u0259 650 min \u015fagirdin t\u0259dris\u0259 ba\u015flamas\u0131 g\u00f6zl\u0259nilir.<\/p>\n","protected":false},"author":2,"featured_media":211478,"comment_status":"closed","ping_status":"closed","sticky":false,"template":"","format":"standard","meta":{"om_disable_all_campaigns":false,"_monsterinsights_skip_tracking":false,"_monsterinsights_sitenote_active":false,"_monsterinsights_sitenote_note":"","_monsterinsights_sitenote_category":0},"categories":[23],"tags":[],"aioseo_notices":[],"gutentor_comment":0,"rttpg_featured_image_url":{"full":["https:\/\/arantv.az\/wp-content\/uploads\/2020\/08\/5-4.jpg",590,393,false],"landscape":["https:\/\/arantv.az\/wp-content\/uploads\/2020\/08\/5-4.jpg",590,393,false],"portraits":["https:\/\/arantv.az\/wp-content\/uploads\/2020\/08\/5-4.jpg",590,393,false],"thumbnail":["https:\/\/arantv.az\/wp-content\/uploads\/2020\/08\/5-4-150x150.jpg",150,150,true],"medium":["https:\/\/arantv.az\/wp-content\/uploads\/2020\/08\/5-4-300x200.jpg",300,200,true],"large":["https:\/\/arantv.az\/wp-content\/uploads\/2020\/08\/5-4.jpg",590,393,false],"1536x1536":["https:\/\/arantv.az\/wp-content\/uploads\/2020\/08\/5-4.jpg",590,393,false],"2048x2048":["https:\/\/arantv.az\/wp-content\/uploads\/2020\/08\/5-4.jpg",590,393,false],"post-thumbnail":["https:\/\/arantv.az\/wp-content\/uploads\/2020\/08\/5-4-240x172.jpg",240,172,true],"advps-thumb-one":["https:\/\/arantv.az\/wp-content\/uploads\/2020\/08\/5-4.jpg",590,393,false]},"rttpg_author":{"display_name":"V\u00fcsal Rafiqo\u011flu","author_link":"https:\/\/arantv.az\/?author=2"},"rttpg_comment":0,"rttpg_category":"<a href=\"https:\/\/arantv.az\/?cat=23\" rel=\"category\">T\u0259hsil<\/a>","rttpg_excerpt":"\u0130btidai sinifl\u0259r h\u0259ft\u0259d\u0259 2-3 d\u0259f\u0259 olmaqla, \u0259yani t\u0259hsil\u0259 ba\u015flayacaq. ARANTV.AZ\u00a0 x\u0259b\u0259r verir ki, bunu T\u0259hsil naziri Emin \u018fmrullayev deyib. O bildirib ki, birinci sinifl\u0259rin h\u0259ft\u0259d\u0259 \u00fc\u00e7 d\u0259f\u0259 d\u0259rs\u0259 g\u0259lm\u0259sind\u0259 maraql\u0131d\u0131rlar: \u201cYoluxma say\u0131 artarsa, \u0259yani\u00a0d\u0259rs iki d\u0259f\u0259y\u0259 sal\u0131nacaq. Artmazsa, bel\u0259 davam ed\u0259c\u0259k\u201d. Qeyd ed\u0259k ki, birinci sinf\u0259 650 min \u015fagirdin t\u0259dris\u0259 ba\u015flamas\u0131 g\u00f6zl\u0259nilir.","_links":{"self":[{"href":"https:\/\/arantv.az\/index.php?rest_route=\/wp\/v2\/posts\/211477"}],"collection":[{"href":"https:\/\/arantv.az\/index.php?rest_route=\/wp\/v2\/posts"}],"about":[{"href":"https:\/\/arantv.az\/index.php?rest_route=\/wp\/v2\/types\/post"}],"author":[{"embeddable":true,"href":"https:\/\/arantv.az\/index.php?rest_route=\/wp\/v2\/users\/2"}],"replies":[{"embeddable":true,"href":"https:\/\/arantv.az\/index.php?rest_route=%2Fwp%2Fv2%2Fcomments&post=211477"}],"version-history":[{"count":0,"href":"https:\/\/arantv.az\/index.php?rest_route=\/wp\/v2\/posts\/211477\/revisions"}],"wp:featuredmedia":[{"embeddable":true,"href":"https:\/\/arantv.az\/index.php?rest_route=\/wp\/v2\/media\/211478"}],"wp:attachment":[{"href":"https:\/\/arantv.az\/index.php?rest_route=%2Fwp%2Fv2%2Fmedia&parent=211477"}],"wp:term":[{"taxonomy":"category","embeddable":true,"href":"https:\/\/arantv.az\/index.php?rest_route=%2Fwp%2Fv2%2Fcategories&post=211477"},{"taxonomy":"post_tag","embeddable":true,"href":"https:\/\/arantv.az\/index.php?rest_route=%2Fwp%2Fv2%2Ftags&post=211477"}],"curies":[{"name":"wp","href":"https:\/\/api.w.org\/{rel}","templated":true}]}}