{"id":211498,"date":"2020-08-27T16:32:11","date_gmt":"2020-08-27T13:32:11","guid":{"rendered":"http:\/\/arantv.az\/?p=211498"},"modified":"2020-08-27T16:32:11","modified_gmt":"2020-08-27T13:32:11","slug":"internatlarda-t%c9%99drisin-n%c9%99-vaxt-baslayacagi-bilindi-r%c9%99smi","status":"publish","type":"post","link":"https:\/\/arantv.az\/?p=211498","title":{"rendered":"\u0130nternatlarda t\u0259drisin n\u0259 vaxt ba\u015flayaca\u011f\u0131 bilindi &#8211; R\u018fSM\u0130"},"content":{"rendered":"<p>X\u00fcsusi qaydaya ehtiyac olan internatlarda da sentybar\u0131n 15-d\u0259n oktyabr\u0131n 1-d\u0259k m\u0259rh\u0259l\u0259li \u015f\u0259kild\u0259 a\u00e7\u0131lacaq.<\/p>\n<p><b>ARANTV.AZ\u00a0<\/b>x\u0259b\u0259r verir ki, bunu T\u0259hsil naziri Emin \u018fmrullayev deyib.<\/p>\n<div id=\"AdviadNativeVideo0\" class=\"AdviadNativeVideo\"><\/div>\n<p>O bildirib ki, burada x\u00fcsusi protokollar olacaq:<\/p>\n<p>\u201cBu istiqam\u0259td\u0259 qaydalar haz\u0131rlan\u0131b. U\u015faqlar burada yataqxanalarda qald\u0131qlar\u0131 \u00fc\u00e7\u00fcn f\u0259rqli protokollar t\u0259rtib edilib. Qaydalar operativ q\u0259rargah t\u0259r\u0259find\u0259n t\u0259sdiq edildikd\u0259n sonra elan edil\u0259c\u0259k\u201d.<\/p>\n","protected":false},"excerpt":{"rendered":"<p>X\u00fcsusi qaydaya ehtiyac olan internatlarda da sentybar\u0131n 15-d\u0259n oktyabr\u0131n 1-d\u0259k m\u0259rh\u0259l\u0259li \u015f\u0259kild\u0259 a\u00e7\u0131lacaq. ARANTV.AZ\u00a0x\u0259b\u0259r verir ki, bunu T\u0259hsil naziri Emin \u018fmrullayev deyib. O bildirib ki, burada x\u00fcsusi protokollar olacaq: \u201cBu istiqam\u0259td\u0259 qaydalar haz\u0131rlan\u0131b. U\u015faqlar burada yataqxanalarda qald\u0131qlar\u0131 \u00fc\u00e7\u00fcn f\u0259rqli protokollar t\u0259rtib edilib. Qaydalar operativ q\u0259rargah t\u0259r\u0259find\u0259n t\u0259sdiq edildikd\u0259n sonra elan edil\u0259c\u0259k\u201d.<\/p>\n","protected":false},"author":2,"featured_media":211344,"comment_status":"closed","ping_status":"closed","sticky":false,"template":"","format":"standard","meta":{"om_disable_all_campaigns":false,"_monsterinsights_skip_tracking":false,"_monsterinsights_sitenote_active":false,"_monsterinsights_sitenote_note":"","_monsterinsights_sitenote_category":0},"categories":[23],"tags":[],"aioseo_notices":[],"gutentor_comment":0,"rttpg_featured_image_url":{"full":["https:\/\/arantv.az\/wp-content\/uploads\/2020\/08\/876441.jpg",587,440,false],"landscape":["https:\/\/arantv.az\/wp-content\/uploads\/2020\/08\/876441.jpg",587,440,false],"portraits":["https:\/\/arantv.az\/wp-content\/uploads\/2020\/08\/876441.jpg",587,440,false],"thumbnail":["https:\/\/arantv.az\/wp-content\/uploads\/2020\/08\/876441-150x150.jpg",150,150,true],"medium":["https:\/\/arantv.az\/wp-content\/uploads\/2020\/08\/876441-300x225.jpg",300,225,true],"large":["https:\/\/arantv.az\/wp-content\/uploads\/2020\/08\/876441.jpg",587,440,false],"1536x1536":["https:\/\/arantv.az\/wp-content\/uploads\/2020\/08\/876441.jpg",587,440,false],"2048x2048":["https:\/\/arantv.az\/wp-content\/uploads\/2020\/08\/876441.jpg",587,440,false],"post-thumbnail":["https:\/\/arantv.az\/wp-content\/uploads\/2020\/08\/876441-240x172.jpg",240,172,true],"advps-thumb-one":["https:\/\/arantv.az\/wp-content\/uploads\/2020\/08\/876441.jpg",587,440,false]},"rttpg_author":{"display_name":"V\u00fcsal Rafiqo\u011flu","author_link":"https:\/\/arantv.az\/?author=2"},"rttpg_comment":0,"rttpg_category":"<a href=\"https:\/\/arantv.az\/?cat=23\" rel=\"category\">T\u0259hsil<\/a>","rttpg_excerpt":"X\u00fcsusi qaydaya ehtiyac olan internatlarda da sentybar\u0131n 15-d\u0259n oktyabr\u0131n 1-d\u0259k m\u0259rh\u0259l\u0259li \u015f\u0259kild\u0259 a\u00e7\u0131lacaq. ARANTV.AZ\u00a0x\u0259b\u0259r verir ki, bunu T\u0259hsil naziri Emin \u018fmrullayev deyib. O bildirib ki, burada x\u00fcsusi protokollar olacaq: \u201cBu istiqam\u0259td\u0259 qaydalar haz\u0131rlan\u0131b. U\u015faqlar burada yataqxanalarda qald\u0131qlar\u0131 \u00fc\u00e7\u00fcn f\u0259rqli protokollar t\u0259rtib edilib. Qaydalar operativ q\u0259rargah t\u0259r\u0259find\u0259n t\u0259sdiq edildikd\u0259n sonra elan edil\u0259c\u0259k\u201d.","_links":{"self":[{"href":"https:\/\/arantv.az\/index.php?rest_route=\/wp\/v2\/posts\/211498"}],"collection":[{"href":"https:\/\/arantv.az\/index.php?rest_route=\/wp\/v2\/posts"}],"about":[{"href":"https:\/\/arantv.az\/index.php?rest_route=\/wp\/v2\/types\/post"}],"author":[{"embeddable":true,"href":"https:\/\/arantv.az\/index.php?rest_route=\/wp\/v2\/users\/2"}],"replies":[{"embeddable":true,"href":"https:\/\/arantv.az\/index.php?rest_route=%2Fwp%2Fv2%2Fcomments&post=211498"}],"version-history":[{"count":0,"href":"https:\/\/arantv.az\/index.php?rest_route=\/wp\/v2\/posts\/211498\/revisions"}],"wp:featuredmedia":[{"embeddable":true,"href":"https:\/\/arantv.az\/index.php?rest_route=\/wp\/v2\/media\/211344"}],"wp:attachment":[{"href":"https:\/\/arantv.az\/index.php?rest_route=%2Fwp%2Fv2%2Fmedia&parent=211498"}],"wp:term":[{"taxonomy":"category","embeddable":true,"href":"https:\/\/arantv.az\/index.php?rest_route=%2Fwp%2Fv2%2Fcategories&post=211498"},{"taxonomy":"post_tag","embeddable":true,"href":"https:\/\/arantv.az\/index.php?rest_route=%2Fwp%2Fv2%2Ftags&post=211498"}],"curies":[{"name":"wp","href":"https:\/\/api.w.org\/{rel}","templated":true}]}}