{"id":211512,"date":"2020-08-28T08:03:03","date_gmt":"2020-08-28T05:03:03","guid":{"rendered":"http:\/\/arantv.az\/?p=211512"},"modified":"2020-08-28T08:03:03","modified_gmt":"2020-08-28T05:03:03","slug":"az%c9%99rbaycan-yunan-sortu-il%c9%99-yerli-pambigin-hibridl%c9%99sdirilm%c9%99sin%c9%99-baslayib","status":"publish","type":"post","link":"https:\/\/arantv.az\/?p=211512","title":{"rendered":"Az\u0259rbaycan yunan sortu il\u0259 yerli pamb\u0131\u011f\u0131n hibridl\u0259\u015fdirilm\u0259sin\u0259 ba\u015flay\u0131b"},"content":{"rendered":"<p>Az\u0259rbaycanda yeni Yunan\u0131stan sortu olan pamb\u0131\u011f\u0131n yerli sortla hibridl\u0259\u015fdirilm\u0259sin\u0259 ba\u015flan\u0131l\u0131b.<\/p>\n<p><strong>ARANTV.AZ<\/strong>\u00a0 bildirir ki, bunu\u00a0<a href=\"http:\/\/az.trend.az\/\" target=\"_blank\" rel=\"noopener\">Trend<\/a>-\u0259 a\u00e7\u0131qlamas\u0131nda Bitki M\u00fchafiz\u0259 \u0130nstitutunun direktoru El\u00e7in X\u0259lilov deyib.<\/p>\n<p>Onun s\u00f6zl\u0259rin\u0259 g\u00f6r\u0259, haz\u0131rda bununla ba\u011fl\u0131 institut yunan layih\u0259si h\u0259yata ke\u00e7irir: &#8220;Bu layih\u0259 \u00e7\u0259r\u00e7iv\u0259sind\u0259 hibridl\u0259\u015fm\u0259 aparm\u0131\u015f\u0131q. T\u0259rt\u0259rd\u0259 bunun \u00fc\u00e7\u00fcn sah\u0259 ayr\u0131l\u0131b. Haz\u0131rda bu istiqam\u0259td\u0259 t\u0259dqiqat i\u015fl\u0259ri apar\u0131l\u0131r. Layih\u0259 \u00e7\u0259r\u00e7iv\u0259sind\u0259 yunan, t\u00fcrk v\u0259 Az\u0259rbaycan sortlar\u0131 olan pamb\u0131qlardan istifad\u0259 edilir. Bu layih\u0259d\u0259 hibridl\u0259\u015fdiril\u0259n sortlar Amerika m\u0259n\u015f\u0259li yunan sortlar\u0131d\u0131r. Amma ara\u015fd\u0131rmalar g\u00f6st\u0259rir ki, yerli sortlar yunan v\u0259 t\u00fcrk sortlar\u0131ndan da y\u00fcks\u0259k keyfiyy\u0259tlidir&#8221;.<\/p>\n","protected":false},"excerpt":{"rendered":"<p>Az\u0259rbaycanda yeni Yunan\u0131stan sortu olan pamb\u0131\u011f\u0131n yerli sortla hibridl\u0259\u015fdirilm\u0259sin\u0259 ba\u015flan\u0131l\u0131b. ARANTV.AZ\u00a0 bildirir ki, bunu\u00a0Trend-\u0259 a\u00e7\u0131qlamas\u0131nda Bitki M\u00fchafiz\u0259 \u0130nstitutunun direktoru El\u00e7in X\u0259lilov deyib. Onun s\u00f6zl\u0259rin\u0259 g\u00f6r\u0259, haz\u0131rda bununla ba\u011fl\u0131 institut yunan layih\u0259si h\u0259yata ke\u00e7irir: &#8220;Bu layih\u0259 \u00e7\u0259r\u00e7iv\u0259sind\u0259 hibridl\u0259\u015fm\u0259 aparm\u0131\u015f\u0131q. T\u0259rt\u0259rd\u0259 bunun \u00fc\u00e7\u00fcn sah\u0259 ayr\u0131l\u0131b. Haz\u0131rda bu istiqam\u0259td\u0259 t\u0259dqiqat i\u015fl\u0259ri apar\u0131l\u0131r. Layih\u0259 \u00e7\u0259r\u00e7iv\u0259sind\u0259 yunan, t\u00fcrk v\u0259 Az\u0259rbaycan sortlar\u0131 olan pamb\u0131qlardan istifad\u0259 edilir. Bu layih\u0259d\u0259 hibridl\u0259\u015fdiril\u0259n sortlar Amerika m\u0259n\u015f\u0259li yunan sortlar\u0131d\u0131r. Amma ara\u015fd\u0131rmalar g\u00f6st\u0259rir ki, yerli sortlar yunan v\u0259 t\u00fcrk sortlar\u0131ndan da y\u00fcks\u0259k keyfiyy\u0259tlidir&#8221;.<\/p>\n","protected":false},"author":2,"featured_media":211513,"comment_status":"closed","ping_status":"closed","sticky":false,"template":"","format":"standard","meta":{"om_disable_all_campaigns":false,"_monsterinsights_skip_tracking":false,"_monsterinsights_sitenote_active":false,"_monsterinsights_sitenote_note":"","_monsterinsights_sitenote_category":0},"categories":[26],"tags":[],"aioseo_notices":[],"gutentor_comment":0,"rttpg_featured_image_url":{"full":["https:\/\/arantv.az\/wp-content\/uploads\/2020\/08\/876561.jpg",1024,768,false],"landscape":["https:\/\/arantv.az\/wp-content\/uploads\/2020\/08\/876561.jpg",1024,768,false],"portraits":["https:\/\/arantv.az\/wp-content\/uploads\/2020\/08\/876561.jpg",1024,768,false],"thumbnail":["https:\/\/arantv.az\/wp-content\/uploads\/2020\/08\/876561-150x150.jpg",150,150,true],"medium":["https:\/\/arantv.az\/wp-content\/uploads\/2020\/08\/876561-300x225.jpg",300,225,true],"large":["https:\/\/arantv.az\/wp-content\/uploads\/2020\/08\/876561-1024x768.jpg",640,480,true],"1536x1536":["https:\/\/arantv.az\/wp-content\/uploads\/2020\/08\/876561.jpg",1024,768,false],"2048x2048":["https:\/\/arantv.az\/wp-content\/uploads\/2020\/08\/876561.jpg",1024,768,false],"post-thumbnail":["https:\/\/arantv.az\/wp-content\/uploads\/2020\/08\/876561-240x172.jpg",240,172,true],"advps-thumb-one":["https:\/\/arantv.az\/wp-content\/uploads\/2020\/08\/876561-1024x620.jpg",1024,620,true]},"rttpg_author":{"display_name":"V\u00fcsal Rafiqo\u011flu","author_link":"https:\/\/arantv.az\/?author=2"},"rttpg_comment":0,"rttpg_category":"<a href=\"https:\/\/arantv.az\/?cat=26\" rel=\"category\">Sosial<\/a>","rttpg_excerpt":"Az\u0259rbaycanda yeni Yunan\u0131stan sortu olan pamb\u0131\u011f\u0131n yerli sortla hibridl\u0259\u015fdirilm\u0259sin\u0259 ba\u015flan\u0131l\u0131b. ARANTV.AZ\u00a0 bildirir ki, bunu\u00a0Trend-\u0259 a\u00e7\u0131qlamas\u0131nda Bitki M\u00fchafiz\u0259 \u0130nstitutunun direktoru El\u00e7in X\u0259lilov deyib. Onun s\u00f6zl\u0259rin\u0259 g\u00f6r\u0259, haz\u0131rda bununla ba\u011fl\u0131 institut yunan layih\u0259si h\u0259yata ke\u00e7irir: &#8220;Bu layih\u0259 \u00e7\u0259r\u00e7iv\u0259sind\u0259 hibridl\u0259\u015fm\u0259 aparm\u0131\u015f\u0131q. T\u0259rt\u0259rd\u0259 bunun \u00fc\u00e7\u00fcn sah\u0259 ayr\u0131l\u0131b. Haz\u0131rda bu istiqam\u0259td\u0259 t\u0259dqiqat i\u015fl\u0259ri apar\u0131l\u0131r. Layih\u0259 \u00e7\u0259r\u00e7iv\u0259sind\u0259 yunan, t\u00fcrk v\u0259 Az\u0259rbaycan&hellip;","_links":{"self":[{"href":"https:\/\/arantv.az\/index.php?rest_route=\/wp\/v2\/posts\/211512"}],"collection":[{"href":"https:\/\/arantv.az\/index.php?rest_route=\/wp\/v2\/posts"}],"about":[{"href":"https:\/\/arantv.az\/index.php?rest_route=\/wp\/v2\/types\/post"}],"author":[{"embeddable":true,"href":"https:\/\/arantv.az\/index.php?rest_route=\/wp\/v2\/users\/2"}],"replies":[{"embeddable":true,"href":"https:\/\/arantv.az\/index.php?rest_route=%2Fwp%2Fv2%2Fcomments&post=211512"}],"version-history":[{"count":0,"href":"https:\/\/arantv.az\/index.php?rest_route=\/wp\/v2\/posts\/211512\/revisions"}],"wp:featuredmedia":[{"embeddable":true,"href":"https:\/\/arantv.az\/index.php?rest_route=\/wp\/v2\/media\/211513"}],"wp:attachment":[{"href":"https:\/\/arantv.az\/index.php?rest_route=%2Fwp%2Fv2%2Fmedia&parent=211512"}],"wp:term":[{"taxonomy":"category","embeddable":true,"href":"https:\/\/arantv.az\/index.php?rest_route=%2Fwp%2Fv2%2Fcategories&post=211512"},{"taxonomy":"post_tag","embeddable":true,"href":"https:\/\/arantv.az\/index.php?rest_route=%2Fwp%2Fv2%2Ftags&post=211512"}],"curies":[{"name":"wp","href":"https:\/\/api.w.org\/{rel}","templated":true}]}}