{"id":211528,"date":"2020-08-28T08:11:33","date_gmt":"2020-08-28T05:11:33","guid":{"rendered":"http:\/\/arantv.az\/?p=211528"},"modified":"2020-08-28T08:11:33","modified_gmt":"2020-08-28T05:11:33","slug":"t%c9%99hsilimizin-%c9%99sas-istiqam%c9%99tl%c9%99ri-olk%c9%99mizin-s%c9%99naye-v%c9%99-iqtisadi-inkisafi-il%c9%99-tam-bagli-olmalidir","status":"publish","type":"post","link":"https:\/\/arantv.az\/?p=211528","title":{"rendered":"T\u0259hsilimizin \u0259sas istiqam\u0259tl\u0259ri \u00f6lk\u0259mizin s\u0259naye v\u0259 iqtisadi inki\u015faf\u0131 il\u0259 tam ba\u011fl\u0131 olmal\u0131d\u0131r"},"content":{"rendered":"<p><strong>D\u00f6vl\u0259timizin ba\u015f\u00e7\u0131s\u0131 \u0130lham \u018fliyev bununla ba\u011fl\u0131 aidiyy\u0259ti qurumlarla d\u00fczg\u00fcn t\u0259hlil apar\u0131l\u0131b konkret t\u0259klifl\u0259rin verilm\u0259sinin vacibliyini bildirir \u00a0<\/strong><\/p>\n<p>&nbsp;<\/p>\n<p>D\u00f6vl\u0259timizin ba\u015f\u00e7\u0131s\u0131 \u0130lham \u018fliyev Emin \u018fmrullayevi T\u0259hsil naziri t\u0259yin olunmas\u0131 il\u0259 \u0259laq\u0259dar videoformatda q\u0259bul ed\u0259rk\u0259n \u00a0h\u0259r bir \u00f6lk\u0259nin bu g\u00fcn\u00fc v\u0259 g\u0259l\u0259c\u0259yinin\u00a0 t\u0259hsill\u0259 bilavasit\u0259 ba\u011fl\u0131 oldu\u011funu \u00f6n\u0259 \u00e7\u0259k\u0259r\u0259k \u00f6lk\u0259mizd\u0259 t\u0259hsilin inki\u015faf\u0131 istiqam\u0259tind\u0259 at\u0131lan add\u0131mlardan\u00a0 b\u0259hs etm\u0259kl\u0259 yana\u015f\u0131, yeni t\u0259yinata\u00a0 tap\u015f\u0131r\u0131q v\u0259 t\u00f6vsiy\u0259l\u0259rini \u00e7atd\u0131rm\u0131\u015fd\u0131r:\u00a0 T\u0259hsild\u0259 islahatlar d\u0259rinl\u0259\u015fm\u0259lidir.<\/p>\n<p>Son ill\u0259rin statistikas\u0131na diqq\u0259t yetir\u0259k. \u00a03500-d\u0259n \u00e7ox m\u0259kt\u0259b ya yenid\u0259n tikilib, ya da\u00a0 \u0259sasl\u0131 t\u0259mir edilib. Az\u0259rbaycanda ali m\u0259kt\u0259bl\u0259rin m\u00fctl\u0259q \u0259ks\u0259riyy\u0259ti m\u00fcasir standartlara cavab verir, yeni binalar, korpuslar tikilib, o c\u00fcml\u0259d\u0259n \u00a0yeni ali m\u0259kt\u0259bl\u0259r yarad\u0131l\u0131b. D\u00f6vl\u0259timizin ba\u015f\u00e7\u0131s\u0131 \u0130lham \u018fliyevin 16 noyabr 2018-ci il tarixli \u201c2019-2023-c\u00fc ill\u0259r \u00fc\u00e7\u00fcn Az\u0259rbaycan Respublikas\u0131nda ali t\u0259hsil sisteminin r\u0259qab\u0259tliliyinin art\u0131r\u0131lmas\u0131 \u00fczr\u0259 D\u00f6vl\u0259t Proqram\u0131\u201dn\u0131n, h\u0259m\u00e7inin 23 noyabr 2018-ci il tarixli \u201cAz\u0259rbaycan Respublikas\u0131nda d\u00f6vl\u0259t qullu\u011funun inki\u015faf\u0131na dair 2019-2025-ci ill\u0259r \u00fc\u00e7\u00fcn Strategiya\u201dn\u0131n t\u0259sdiql\u0259nm\u0259si haqq\u0131nda s\u0259r\u0259ncamlar\u0131 ali t\u0259hsil sisteminin r\u0259qab\u0259tliliyinin art\u0131r\u0131lmas\u0131n\u0131, h\u0259m\u00e7inin beyn\u0259lxalq \u0259laq\u0259l\u0259rin inki\u015faf\u0131n\u0131, d\u00fcnya t\u0259hsil sistemin\u0259 inteqrasiyan\u0131n s\u00fcr\u0259tl\u0259ndirilm\u0259sini bir t\u0259l\u0259b kimi ortaya qoyur. \u00d6lk\u0259\u00a0 Prezidentinin \u00a0\u201cAli t\u0259hsil m\u00fc\u0259ssis\u0259l\u0259rind\u0259 t\u0259qa\u00fcd sisteminin t\u0259kmill\u0259\u015fdirilm\u0259si il\u0259 ba\u011fl\u0131 \u0259lav\u0259 t\u0259dbirl\u0259r bar\u0259d\u0259\u201d, \u201cDoktorantura, ali t\u0259hsil, orta ixtisas v\u0259 pe\u015f\u0259 t\u0259hsili m\u00fc\u0259ssis\u0259l\u0259rind\u0259, h\u0259m\u00e7inin \u201cAz\u0259rbaycan Milli Elml\u0259r Akademiyas\u0131n\u0131n magistratura s\u0259viyy\u0259sind\u0259 t\u0259hsil alan t\u0259l\u0259b\u0259l\u0259r\u0259 t\u0259qa\u00fcdl\u0259rin verilm\u0259si haqq\u0131nda\u201d s\u0259r\u0259ncamlar\u0131,\u00a0 \u201cAz\u0259rbaycan Respublikas\u0131n\u0131n ali m\u0259kt\u0259b t\u0259l\u0259b\u0259l\u0259ri \u00fc\u00e7\u00fcn Prezident t\u0259qa\u00fcd\u00fcn\u00fcn t\u0259sis edilm\u0259si haqq\u0131nda\u201d F\u0259rman\u0131 da t\u0259hsilin inki\u015faf\u0131na y\u00f6n\u0259l\u0259n add\u0131mlar\u0131n davaml\u0131l\u0131\u011f\u0131n\u0131n g\u00f6st\u0259ricisidir.\u00a0 Bu kimi m\u00fch\u00fcm add\u0131mlar t\u0259l\u0259b\u0259l\u0259r aras\u0131nda r\u0259qab\u0259t m\u00fchitinin formala\u015fmas\u0131nda \u0259h\u0259miyy\u0259tli rol oynay\u0131r. R\u0259qab\u0259tin artmas\u0131 is\u0259 \u00f6z n\u00f6vb\u0259sind\u0259 t\u0259hsilin inki\u015faf\u0131 v\u0259 bunun davam\u0131 olaraq iqtisadi t\u0259r\u0259qqiy\u0259 stimuldur. \u0130qtisadiyyat\u0131n elmi \u0259saslara s\u00f6yk\u0259nm\u0259si davaml\u0131 inki\u015faf\u0131n \u0259sas\u0131d\u0131r. \u00d6d\u0259ni\u015fli t\u0259hsil alan t\u0259l\u0259b\u0259l\u0259rin d\u0259 t\u0259qa\u00fcd almaq imkan\u0131 \u0259ld\u0259 etm\u0259si bu r\u0259qab\u0259tin daha da artmas\u0131na \u00f6z m\u00fcsb\u0259t t\u0259sirini g\u00f6st\u0259rir.<\/p>\n<p>Bu u\u011furlar fonunda d\u00f6vl\u0259timizin ba\u015f\u00e7\u0131s\u0131 \u0130lham \u018fliyev \u00a0\u00abHesab edir\u0259m ki, bu sah\u0259d\u0259 i\u015fl\u0259rin b\u00f6y\u00fck hiss\u0259si g\u00f6r\u00fcl\u00fcb. Ancaq h\u0259llini g\u00f6zl\u0259y\u0259n m\u0259s\u0259l\u0259l\u0259r d\u0259 h\u0259yatda \u00f6z h\u0259llini tapmal\u0131d\u0131r v\u0259 burada vaxt itirm\u0259k olmaz\u00bb s\u00f6yl\u0259y\u0259r\u0259k diqq\u0259ti h\u0259min m\u0259s\u0259l\u0259l\u0259r\u0259 y\u00f6n\u0259ldir. \u00a0X\u00fcsusil\u0259 \u0259sas tap\u015f\u0131r\u0131qlar s\u0131ras\u0131nda da\u011f k\u0259ndl\u0259rind\u0259 \u00a0modul tipli m\u0259kt\u0259bl\u0259rin tikintisi layih\u0259sinin yax\u0131n iki il \u0259rzind\u0259 ba\u015fa \u00e7atd\u0131r\u0131lmas\u0131 n\u0259z\u0259rd\u0259 tutulur. \u00a0Bununla paralel olaraq, t\u0259hsilin keyfiyy\u0259tinin art\u0131r\u0131lmas\u0131 \u0259sas m\u0259qs\u0259d kimi qar\u015f\u0131ya qoyulur. Baxmayaraq ki, bu g\u00fcn t\u0259hsilimizin keyfiyy\u0259tinin y\u00fcks\u0259k oldu\u011funu \u00a0m\u00fcxt\u0259lif reytinql\u0259r d\u0259 t\u0259sdiql\u0259yir. Amma d\u00f6vl\u0259timizin ba\u015f\u00e7\u0131s\u0131 \u0130lham \u018fliyev daim bu \u00e7a\u011f\u0131r\u0131\u015f\u0131 edir ki, biz \u0259ld\u0259 olunan u\u011furlarla kifay\u0259tl\u0259nm\u0259m\u0259li, daim ir\u0259li baxmal\u0131y\u0131q. Az\u0259rbaycan\u0131n h\u0259r sah\u0259d\u0259 t\u0259cr\u00fcb\u0259si n\u00fcmun\u0259 olmal\u0131d\u0131r. T\u0259hsilin keyfiyy\u0259tinin art\u0131r\u0131lmas\u0131nda \u0259lb\u0259tt\u0259, \u0259sas m\u0259s\u0259l\u0259l\u0259rd\u0259n biri m\u00fc\u0259lliml\u0259rin pe\u015f\u0259karl\u0131\u011f\u0131d\u0131r. \u00c7\u00fcnki t\u0259hsilin s\u0259viyy\u0259si m\u00fc\u0259lliml\u0259rin pe\u015f\u0259karl\u0131\u011f\u0131 il\u0259 s\u0131x ba\u011fl\u0131d\u0131r. \u00a0M\u00fc\u0259lliml\u0259r u\u015faqlar\u0131 nec\u0259 \u00f6yr\u0259dirl\u0259rs\u0259, u\u015faqlar da buna uy\u011fun \u015f\u0259kild\u0259 bilikl\u0259r \u0259ld\u0259 edirl\u0259r.<\/p>\n<p>Dig\u0259r vacib m\u0259s\u0259l\u0259 \u00a0D\u00f6rd\u00fcnc\u00fc S\u0259naye \u0130nqilab\u0131n\u0131n m\u00f6vcudlu\u011fu, d\u00fcnyada ged\u0259n r\u0259q\u0259msalla\u015fma tendensiyalar\u0131 il\u0259 ba\u011fl\u0131d\u0131r. Reall\u0131q budur ki, r\u0259q\u0259msalla\u015fma, m\u00fcasir texnologiyalar\u0131n geni\u015f\u00a0 t\u0259tbiqi\u00a0 b\u0259zi pe\u015f\u0259l\u0259rin ixtisara sal\u0131nmas\u0131n\u0131 z\u0259rur\u0259t\u0259 \u00e7evirir. \u00a0Art\u0131q h\u0259min \u00a0pe\u015f\u0259l\u0259rin siyah\u0131s\u0131 var. \u00abO pe\u015f\u0259l\u0259r ki, be\u015f ild\u0259n sonra olmayacaq, bu pe\u015f\u0259l\u0259r \u00fczr\u0259 m\u00fct\u0259x\u0259ssisl\u0259rin haz\u0131rlanmas\u0131na ehtiyac yoxdur\u00bb s\u00f6yl\u0259y\u0259n c\u0259nab \u0130lham \u018fliyev bildirir ki, amma bununla paralel olaraq, yeni pe\u015f\u0259l\u0259r ortaya \u00e7\u0131xacaq\u00a0 ki, bu g\u00fcn yoxdur. Lakin hans\u0131 pe\u015f\u0259l\u0259rin olaca\u011f\u0131 ehtimal edilir, onlar \u00fczr\u0259\u00a0 m\u00fct\u0259x\u0259ssisl\u0259r haz\u0131rlanmal\u0131d\u0131r.<\/p>\n<p>\u00d6lk\u0259 Prezidenti, eyni zamanda, bu m\u0259qam\u0131 da istisna etmir ki, \u00a0b\u0259zi pe\u015f\u0259l\u0259rin aradan qald\u0131r\u0131lmas\u0131 bizim \u00fc\u00e7\u00fcn ba\u015fqa bir problem yarada bil\u0259r. \u00c7\u00fcnki Az\u0259rbaycan demoqrafik bax\u0131mdan inki\u015faf ed\u0259n \u00f6lk\u0259dir. Pe\u015f\u0259l\u0259rin aradan qald\u0131r\u0131lmas\u0131 n\u0259tic\u0259sind\u0259 i\u015fsizlik arta bil\u0259r: \u00abAradan qalxacaq pe\u015f\u0259l\u0259r o q\u0259d\u0259r d\u0259 b\u00f6y\u00fck pe\u015f\u0259karl\u0131q v\u0259 ixtisasla\u015fma t\u0259l\u0259b etm\u0259y\u0259n pe\u015f\u0259l\u0259rdir. Amma yeni yarad\u0131lacaq pe\u015f\u0259l\u0259r b\u00f6y\u00fck bilik, savad v\u0259 m\u00fcasir texnologiyalar t\u0259l\u0259b ed\u0259c\u0259k. Odur ki, b\u00fct\u00fcn bunlar\u0131 biz indi d\u00fczg\u00fcn planla\u015fd\u0131rmasaq, b\u00f6y\u00fck probleml\u0259rl\u0259 \u00fczl\u0259\u015f\u0259c\u0259yik.\u00bb<\/p>\n<p>D\u00f6vl\u0259timizin ba\u015f\u00e7\u0131s\u0131 \u0130lham \u018fliyev h\u0259min q\u0259bulda \u00a0g\u0259ncl\u0259rin xarici t\u0259hsilinin prioritetliyini \u00f6n\u0259 \u00e7\u0259k\u0259r\u0259k bu m\u0259qs\u0259dl\u0259 t\u0259sdiql\u0259n\u0259n v\u0259 icras\u0131n\u0131 u\u011furla ba\u015fa \u00e7atd\u0131ran, yaxud icra edil\u0259n D\u00f6vl\u0259t proqramlar\u0131na y\u00f6n\u0259ldib. Haz\u0131rda aktivl\u0259rinin h\u0259cmi 43 milyard dollardan art\u0131q olan D\u00f6vl\u0259t Neft Fondunun maliyy\u0259\u015fdirdiyi istiqam\u0259tl\u0259r\u0259 diqq\u0259t yetirm\u0259kl\u0259 xarici t\u0259hsilin, d\u00fcnya t\u0259hsil sistemin\u0259 inteqrasiyan\u0131n\u00a0 d\u00f6vl\u0259t siyas\u0259tinin \u0259sas\u0131n\u0131 t\u0259\u015fkil etdiyi daha ayd\u0131n \u015f\u0259kild\u0259 n\u00fcmayi\u015f olunur. Art\u0131q g\u0259ncl\u0259rin xarici t\u0259hsili il\u0259 ba\u011fl\u0131 D\u00f6vl\u0259t Proqram\u0131n\u0131n icras\u0131 ba\u015fa \u00e7at\u0131b. \u201c2019-2023-c\u00fc ill\u0259r \u00fc\u00e7\u00fcn Az\u0259rbaycan Respublikas\u0131nda ali t\u0259hsil sisteminin beyn\u0259lxalq r\u0259qab\u0259tliliyinin art\u0131r\u0131lmas\u0131 \u00fczr\u0259 D\u00f6vl\u0259t Proqram\u0131\u201dn\u0131n icras\u0131na D\u00f6vl\u0259t Neft Fondundan\u00a0 77,9 min dollar v\u0259sait ayr\u0131l\u0131b.<\/p>\n<p>Xaricd\u0259 t\u0259hsil alan g\u0259ncl\u0259rin elmin d\u0259rinlikl\u0259rin\u0259 yiy\u0259l\u0259ndikd\u0259n sonra \u0259ld\u0259 etdikl\u0259ri t\u0259cr\u00fcb\u0259ni \u00f6lk\u0259mizd\u0259 t\u0259tbiq etm\u0259l\u0259ri \u0259sas \u00e7a\u011f\u0131r\u0131\u015flardand\u0131r.\u00a0 D\u00f6vl\u0259timizin ba\u015f\u00e7\u0131s\u0131 \u201cBiz onlar\u0131 nec\u0259 m\u0259cbur ed\u0259 bil\u0259rik, onlar\u0131n qar\u015f\u0131s\u0131na nec\u0259 \u015f\u0259rt qoya bil\u0259rik\u00bb sual\u0131na cavab olaraq bildirir ki, \u00a0Az\u0259rbaycanda el\u0259 bir \u015f\u0259rait yaratmal\u0131y\u0131q ki, onlar \u00f6zl\u0259ri qay\u0131ts\u0131nlar. \u00c7\u00fcnki Az\u0259rbaycan v\u0259t\u0259nda\u015flar\u0131, onlar\u0131n m\u00fctl\u0259q \u0259ks\u0259riyy\u0259ti \u00f6z V\u0259t\u0259nin\u0259, torpa\u011f\u0131na ba\u011fl\u0131 olan insanlard\u0131r: \u00abH\u0259tta demi\u015fdim ki, onlar\u0131n b\u0259zil\u0259ri \u00f6lk\u0259miz\u0259 qay\u0131tmasa bel\u0259, yen\u0259 d\u0259 onlar Az\u0259rbaycan torpa\u011f\u0131n\u0131n \u00f6vladlar\u0131d\u0131r. \u018fg\u0259r onlar\u0131n ist\u0259nil\u0259n \u00f6lk\u0259d\u0259 ya\u015famas\u0131 onlar\u0131 qane edirs\u0259, onlar orada da Az\u0259rbaycanla \u00f6z \u0259laq\u0259l\u0259rini k\u0259sm\u0259y\u0259c\u0259kl\u0259r. Art\u0131q bu g\u00fcn d\u00fcnyada m\u00f6vcud olan v\u0259 f\u0259alla\u015fan Az\u0259rbaycan icmalar\u0131 \u00f6lk\u0259miz\u0259 d\u0259 d\u0259st\u0259kdir. Biz d\u0259 onlar\u0131 d\u0259st\u0259kl\u0259yirik. D\u0259f\u0259l\u0259rl\u0259 demi\u015f\u0259m ki, b\u00fct\u00fcn Az\u0259rbaycan v\u0259t\u0259nda\u015flar\u0131, xaricd\u0259 ya\u015fayan az\u0259rbaycanl\u0131lar bilirl\u0259r ki, onlar\u0131n arxas\u0131nda g\u00fccl\u00fc Az\u0259rbaycan d\u00f6vl\u0259ti dayan\u0131r. Buna g\u00f6r\u0259 bu m\u00fcsb\u0259t t\u0259cr\u00fcb\u0259 \u00f6z b\u0259hr\u0259sini verdi v\u0259 siz bu proqram x\u0259tti il\u0259 xaricd\u0259 t\u0259hsil alm\u0131\u015f insan kimi bunu g\u00f6r\u00fcrs\u00fcn\u00fcz.\u00bb<\/p>\n<p>G\u0259ncl\u0259rin xarici \u00f6lk\u0259l\u0259rd\u0259 t\u0259hsili il\u0259 \u00a0paralel olaraq \u00a0n\u00f6vb\u0259ti bir t\u0259\u015f\u0259bb\u00fcs ir\u0259li s\u00fcr\u00fcld\u00fc. Apar\u0131c\u0131 xarici ali t\u0259hsil ocaqlar\u0131n\u0131n Az\u0259rbaycanda filiallar\u0131n\u0131n yarad\u0131lmas\u0131 m\u0259s\u0259l\u0259si g\u00fcnd\u0259likd\u0259 oldu.\u00a0 Art\u0131q q\u0131sa m\u00fcdd\u0259td\u0259 \u00f6lk\u0259mizd\u0259 \u00a03 xarici ali m\u0259kt\u0259bin filial\u0131 f\u0259aliyy\u0259t g\u00f6st\u0259rir. D\u00f6vl\u0259timizin ba\u015f\u00e7\u0131s\u0131 \u0130lham \u018fliyev qeyd olunan q\u0259bulda bu tap\u015f\u0131r\u0131\u011f\u0131 da\u00a0\u00a0 verdi: \u00abHesab edir\u0259m ki, onlar\u0131n say\u0131 daha da \u00e7ox ola bil\u0259r v\u0259 bu m\u0259s\u0259l\u0259l\u0259rl\u0259 siz bilavasit\u0259 m\u0259\u015f\u011ful olacaqs\u0131n\u0131z.\u00bb<\/p>\n<p>D\u00f6vl\u0259timizin ba\u015f\u00e7\u0131s\u0131\u00a0 \u0130lham \u018fliyev \u00a0diqq\u0259ti m\u0259hz m\u00fcasir d\u00f6vr\u00fcn t\u0259l\u0259bl\u0259rin\u0259 y\u00f6n\u0259ld\u0259r\u0259k bildirir ki, bu g\u00fcn \u00f6lk\u0259miz el\u0259 s\u00fcr\u0259tl\u0259 inki\u015faf edir ki, kadr haz\u0131rl\u0131\u011f\u0131 \u00f6lk\u0259mizin s\u0259naye, iqtisadi inki\u015faf\u0131na uy\u011fun inki\u015faf ed\u0259 bilmir. Bunun n\u0259tic\u0259sind\u0259 son ill\u0259r \u0259rzind\u0259 yarad\u0131lm\u0131\u015f bir \u00e7ox m\u00fcasir m\u00fc\u0259ssis\u0259l\u0259rd\u0259 xarici m\u00fct\u0259x\u0259ssisl\u0259r b\u00fct\u00fcn r\u0259hb\u0259r orqanlarda t\u0259msil olunurlar: \u00abM\u0259n buna normal bax\u0131ram, burada problem g\u00f6rm\u00fcr\u0259m. Bu, b\u00fct\u00fcn d\u00fcnyada bel\u0259dir v\u0259 pe\u015f\u0259kar kadrlar\u0131n miqrasiyas\u0131 t\u0259bii prosesdir. Amma m\u0259n \u00e7ox ist\u0259rdim ki, bizim kadrlar\u0131m\u0131z da yeti\u015fsin v\u0259 h\u0259m Az\u0259rbaycanda, h\u0259m d\u0259 ba\u015fqa \u00f6lk\u0259l\u0259rd\u0259 az\u0259rbaycanl\u0131 kadrlar y\u00fcks\u0259k v\u0259zif\u0259l\u0259rd\u0259 i\u015fl\u0259sinl\u0259r. Ona g\u00f6r\u0259 pe\u015f\u0259 m\u0259kt\u0259bl\u0259rinin bu sah\u0259d\u0259 \u00e7ox b\u00f6y\u00fck \u0259h\u0259miyy\u0259ti var. \u018flb\u0259tt\u0259 ki, burada da, ilk n\u00f6vb\u0259d\u0259, \u00fcmumi inki\u015faf meyill\u0259ri n\u0259z\u0259r\u0259 al\u0131nmal\u0131d\u0131r, hans\u0131 pe\u015f\u0259l\u0259r biz\u0259 n\u0259 vaxt laz\u0131m olacaq. Misal \u00fc\u00e7\u00fcn, bu g\u00fcn \u00f6lk\u0259mizd\u0259 k\u0259nd t\u0259s\u0259rr\u00fcfat\u0131n\u0131n inki\u015faf\u0131n\u0131n s\u00fcr\u0259ti \u00e7ox y\u00fcks\u0259kdir v\u0259 bilir\u0259m ki, bu sah\u0259y\u0259 maraq art\u0131r. Ona g\u00f6r\u0259 bu sah\u0259 \u00fczr\u0259 pe\u015f\u0259 m\u0259kt\u0259bl\u0259ri olmal\u0131d\u0131r. Turizm, menecment sah\u0259l\u0259rinin, texniki pe\u015f\u0259l\u0259rin m\u00fcasir standartlara cavab verm\u0259si \u00fc\u00e7\u00fcn add\u0131mlar at\u0131lmal\u0131d\u0131r. Odur ki, pe\u015f\u0259 m\u0259kt\u0259bl\u0259rinin g\u0259l\u0259c\u0259k inki\u015faf\u0131 daim diqq\u0259t m\u0259rk\u0259zind\u0259 olmal\u0131d\u0131r.\u00bb<\/p>\n<p>Az\u0259rbaycan\u0131n ev sahibliyi etdiyi\u00a0 beyn\u0259lxalq \u0259h\u0259miyy\u0259tli t\u0259dbirl\u0259r\u00a0\u00a0 \u00f6lk\u0259mizin bu v\u0259 ya dig\u0259r sah\u0259l\u0259rd\u0259\u00a0 malik oldu\u011fu imkanlar\u0131n,\u00a0 elmi \u0259saslara s\u00f6yk\u0259n\u0259n iqtisadiyyat\u0131m\u0131z\u0131n u\u011furlar\u0131n\u0131n,\u00a0 \u0259n \u0259sas\u0131 idar\u0259\u00e7ilik sistemind\u0259 t\u0259cr\u00fcb\u0259nin t\u0259qdimat\u0131nda\u00a0 \u0259h\u0259miyy\u0259tli rol oynay\u0131r. D\u00f6vl\u0259timizin ba\u015f\u00e7\u0131s\u0131 \u0130lham \u018fliyevin\u00a0 qeyd etdiyi kimi, h\u0259yat yerind\u0259 durmur, qar\u015f\u0131ya yeni v\u0259zif\u0259l\u0259r qoyulur, yeni\u00a0 \u00e7a\u011f\u0131r\u0131\u015flar qar\u015f\u0131m\u0131zda durur. Qeyd olunan q\u0259bulda \u00ab\u00d6lk\u0259mizd\u0259 g\u0259ncl\u0259\u015fm\u0259 siyas\u0259ti apar\u0131l\u0131r, g\u0259ncl\u0259r \u00e7ox \u00f6n\u0259mli v\u0259zif\u0259l\u0259r\u0259 t\u0259yin edilir v\u0259 hesab edir\u0259m ki, haz\u0131rda Az\u0259rbaycanda idar\u0259etm\u0259 sah\u0259sind\u0259 \u00e7ox m\u00fcsb\u0259t t\u0259cr\u00fcb\u0259 \u0259ld\u0259 olunub. Ya\u015fl\u0131 n\u0259slin t\u0259cr\u00fcb\u0259sinin v\u0259 g\u0259nc n\u0259slin m\u00fcasirliyinin, novatorlu\u011funun sintezi \u00f6lk\u0259mizin u\u011furlu inki\u015faf\u0131na xidm\u0259t g\u00f6st\u0259rir. Az\u0259rbaycanda\u00a0 t\u0259cr\u00fcb\u0259 il\u0259 g\u0259ncl\u0259rin dinamizmi aras\u0131nda v\u0259hd\u0259t yarad\u0131lmal\u0131d\u0131r\u00bb s\u00f6yl\u0259y\u0259n d\u00f6vl\u0259timizin ba\u015f\u00e7\u0131s\u0131 \u0130lham \u018fliyev bildirmi\u015fdir ki, inki\u015faf etmi\u015f \u00f6lk\u0259l\u0259rin t\u0259cr\u00fcb\u0259si g\u00f6st\u0259rir ki, orada t\u0259hsilin s\u0259viyy\u0259si y\u00fcks\u0259kdir. T\u0259hsilin s\u0259viyy\u0259si, eyni zamanda, elmi-texniki t\u0259r\u0259qqini\u00a0 \u015f\u0259rtl\u0259ndirir. \u00d6lk\u0259 Prezidenti inki\u015faf etmi\u015f \u00f6lk\u0259l\u0259rin t\u0259cr\u00fcb\u0259sin\u0259 istinad\u0259n qeyd edir ki,\u00a0 onlar\u0131 inki\u015faf etmi\u015f \u00f6lk\u0259l\u0259r\u0259 \u00e7evir\u0259n t\u0259bii resurslar yox, m\u0259hz bilik, savad, t\u0259hsil v\u0259 elmin inki\u015faf\u0131d\u0131r.<\/p>\n<p>Bu kimi\u00a0 \u00e7a\u011f\u0131r\u0131\u015flar, eyni zamanda,\u00a0 idar\u0259\u00e7ilik sistemind\u0259 t\u0259kmill\u0259\u015fm\u0259l\u0259r\u0259 geni\u015f yol a\u00e7\u0131r ki, bu da \u00f6zl\u00fcy\u00fcnd\u0259 \u00f6lk\u0259nin dayan\u0131ql\u0131 inki\u015faf\u0131n\u0131 \u015f\u0259rtl\u0259ndirir.\u00a0\u00a0 Bu fakt\u00a0 inkaredilm\u0259zdir ki, \u00f6lk\u0259 o zaman g\u00fccl\u00fc, q\u00fcdr\u0259tli, insanlar\u0131n rifah hal\u0131 y\u00fcks\u0259k olur ki, z\u0259ngin idar\u0259\u00e7ilik t\u0259\u00e7r\u00fcb\u0259sin\u0259 malik r\u0259hb\u0259ri vard\u0131r. Bu fikir beyn\u0259lxalq s\u0259viyy\u0259li t\u0259dbirl\u0259rd\u0259 d\u0259 x\u00fcsusi qeyd olunur ki, yoxsul deyil, yax\u015f\u0131 idar\u0259 olunmayan \u00f6lk\u0259l\u0259r vard\u0131r. Az\u0259rbaycan\u0131n inki\u015faf modeli beyn\u0259lxalq s\u0259viyy\u0259d\u0259 t\u0259qdir olunursa, bu t\u0259kmil islahatlara \u0259saslanan davaml\u0131 inki\u015faf\u0131n n\u0259tic\u0259sidir. \u00d6t\u0259n\u00a0 ilin m\u00fch\u00fcm beyn\u0259lxalq \u0259h\u0259miyy\u0259tli t\u0259dbirl\u0259ri s\u0131ras\u0131nda yer alan d\u00fcnyan\u0131n 190-dan \u00e7ox \u00f6lk\u0259sind\u0259n 500-d\u0259n art\u0131q n\u00fcmay\u0259nd\u0259nin qat\u0131ld\u0131\u011f\u0131\u00a0 BMT-nin D\u00f6vl\u0259t Xidm\u0259tl\u0259ri Forumu Az\u0259rbaycan\u0131n bu sah\u0259d\u0259 m\u00f6vcud imkanlar\u0131na bir daha i\u015f\u0131q sald\u0131. Forumun\u00a0 ke\u00e7irilm\u0259sind\u0259\u00a0 m\u0259qs\u0259d d\u00f6vl\u0259t idar\u0259\u00e7iliyi, d\u00f6vl\u0259t xidm\u0259tl\u0259rinin g\u00f6st\u0259rilm\u0259sinin qabaqc\u0131l modell\u0259ri, innovasiyalar v\u0259 bu sah\u0259d\u0259 aktual\u00a0 m\u0259s\u0259l\u0259l\u0259r \u00fczr\u0259 m\u00fczakir\u0259l\u0259rin apar\u0131lmas\u0131, d\u00f6vl\u0259tl\u0259rin bu istiqam\u0259tl\u0259rd\u0259\u00a0 qabaqc\u0131l t\u0259cr\u00fcb\u0259l\u0259rinin m\u00fcbadil\u0259si idi. Forum\u00a0 Az\u0259rbaycan\u0131n yenilik\u00e7i, innovasiyalar \u00f6lk\u0259si oldu\u011funu bir daha d\u00fcnyaya n\u00fcmayi\u015f etdirdi. H\u0259min t\u0259dbird\u0259 Az\u0259rbaycan\u0131n Birinci vitse-prezidenti Mehriban \u018fliyeva Az\u0259rbaycan brendi kimi d\u00fcnyaya s\u0259s salan \u00abASAN xidm\u0259t\u00bbin, ABAD-\u0131n\u00a0 u\u011furlar\u0131ndan geni\u015f b\u0259hs ed\u0259r\u0259k bildirmi\u015fdir ki, bu g\u00fcn\u0259d\u0259k ASAN-la m\u00fcxt\u0259lif \u00f6lk\u0259l\u0259r v\u0259 beyn\u0259lxalq t\u0259\u015fkilatlar aras\u0131nda\u00a0 10 Anla\u015fma Memorandumu imzalanm\u0131\u015f,\u00a0 bununla\u00a0 kifay\u0259tl\u0259nm\u0259y\u0259r\u0259k\u00a0 d\u00f6vl\u0259t xidm\u0259tl\u0259rinin keyfiyy\u0259tini t\u0259kmill\u0259\u015fdirm\u0259yi davam etdiririk.<\/p>\n<p>D\u00f6vl\u0259timizin ba\u015f\u00e7\u0131s\u0131 \u0130lham \u018fliyevin h\u0259r \u00e7\u0131x\u0131\u015f\u0131nda idar\u0259etm\u0259 sah\u0259sind\u0259 t\u0259kmill\u0259\u015fm\u0259nin priortetliyi x\u00fcsusi olaraq \u00f6n\u0259 \u00e7\u0259kilir. \u00ab\u00dcmumiyy\u0259tl\u0259, idar\u0259etm\u0259 sah\u0259sind\u0259 islahatlar\u0131n apar\u0131lmas\u0131na b\u00f6y\u00fck ehtiyac var. M\u0259n bunu demi\u015f\u0259m, bu g\u00fcn d\u0259, \u0259vv\u0259lki \u00e7\u0131x\u0131\u015flarda da. H\u0259r bir sah\u0259d\u0259 inki\u015faf \u00fc\u00e7\u00fcn b\u00f6y\u00fck meydan var. H\u0259r bir sah\u0259d\u0259, \u0259g\u0259r o sah\u0259y\u0259 r\u0259hb\u0259rlik ed\u0259n insanlar \u00f6z i\u015fin\u0259 vicdanla yana\u015farlarsa, m\u00fctl\u0259q n\u0259tic\u0259 d\u0259 olacaq. Bu, ictimaiyy\u0259t t\u0259r\u0259find\u0259n d\u0259 m\u00fctl\u0259q y\u00fcks\u0259k qiym\u0259tl\u0259ndiril\u0259c\u0259k. Ona g\u00f6r\u0259 bir daha dem\u0259k ist\u0259yir\u0259m ki, yerli v\u0259 m\u0259rk\u0259zi icra orqanlar\u0131n\u0131n n\u00fcmay\u0259nd\u0259l\u0259ri daim v\u0259t\u0259nda\u015flar\u0131n probleml\u0259ri il\u0259 m\u0259\u015f\u011ful olmal\u0131d\u0131rlar\u00bb s\u00f6yl\u0259y\u0259n \u00f6lk\u0259 Prezidenti\u00a0 davaml\u0131 inki\u015faf\u0131 \u015f\u0259rtl\u0259ndir\u0259n amill\u0259ri \u0259sasl\u0131 \u015f\u0259kild\u0259 diqq\u0259t\u0259 \u00e7atd\u0131r\u0131r.<\/p>\n<p>\u00d6lk\u0259mizd\u0259 g\u0259ncl\u0259\u015fm\u0259 siyas\u0259tinin h\u0259yata ke\u00e7irilm\u0259si ictimaiyy\u0259t t\u0259r\u0259find\u0259n b\u00f6y\u00fck r\u0259\u011fb\u0259tl\u0259 qar\u015f\u0131lan\u0131r. Y\u00fcks\u0259k ixtisasl\u0131 g\u0259nc kadrlar\u0131n\u00a0 yeti\u015fdirilm\u0259si v\u0259 d\u00f6vl\u0259t idar\u0259\u00e7iliyind\u0259 t\u0259msil olunmalar\u0131 onlar\u0131n potensial imkanlar\u0131n\u0131 d\u00fczg\u00fcn\u00a0 istiqam\u0259tl\u0259ndirm\u0259l\u0259rind\u0259 \u0259h\u0259miyy\u0259tli rol oynay\u0131r. \u00a0D\u00f6vl\u0259timizin ba\u015f\u00e7\u0131s\u0131 \u0130lham \u018fliyev daim bu \u00e7a\u011f\u0131r\u0131\u015f\u0131 edir ki, yenilikl\u0259r, m\u00fcsb\u0259t t\u0259cr\u00fcb\u0259, d\u00fcnyada m\u00f6vcud olan \u0259n m\u00fct\u0259r\u0259qqi yana\u015fma Az\u0259rbaycanda t\u0259tbiq edilm\u0259lidir.<\/p>\n<p>S\u00f6zs\u00fcz ki, h\u0259r bir etimad b\u00f6y\u00fck m\u0259suliyy\u0259t, davaml\u0131 inki\u015fafa t\u00f6hf\u0259 verm\u0259k \u00fc\u00e7\u00fcn bir \u00e7a\u011f\u0131r\u0131\u015fd\u0131r. D\u00f6vl\u0259timizin ba\u015f\u00e7\u0131s\u0131 daim yeni t\u0259yin olunan kadrlarla g\u00f6r\u00fc\u015f\u00fcnd\u0259 bu t\u0259l\u0259bi qar\u015f\u0131ya qoyur ki, ist\u0259nil\u0259n sah\u0259d\u0259 kadrlar d\u00f6vl\u0259t\u0259, xalqa ba\u011fl\u0131 olmal\u0131d\u0131rlar.<\/p>\n<p><strong>Yegan\u0259 \u018fliyeva<\/strong>,\u00a0<em>\u00ab\u0130ki sahil\u00bb<\/em><\/p>\n","protected":false},"excerpt":{"rendered":"<p>D\u00f6vl\u0259timizin ba\u015f\u00e7\u0131s\u0131 \u0130lham \u018fliyev bununla ba\u011fl\u0131 aidiyy\u0259ti qurumlarla d\u00fczg\u00fcn t\u0259hlil apar\u0131l\u0131b konkret t\u0259klifl\u0259rin verilm\u0259sinin vacibliyini bildirir \u00a0 &nbsp; D\u00f6vl\u0259timizin ba\u015f\u00e7\u0131s\u0131 \u0130lham \u018fliyev Emin \u018fmrullayevi T\u0259hsil naziri t\u0259yin olunmas\u0131 il\u0259 \u0259laq\u0259dar videoformatda q\u0259bul ed\u0259rk\u0259n \u00a0h\u0259r bir \u00f6lk\u0259nin bu g\u00fcn\u00fc v\u0259 g\u0259l\u0259c\u0259yinin\u00a0 t\u0259hsill\u0259 bilavasit\u0259 ba\u011fl\u0131 oldu\u011funu \u00f6n\u0259 \u00e7\u0259k\u0259r\u0259k \u00f6lk\u0259mizd\u0259 t\u0259hsilin inki\u015faf\u0131 istiqam\u0259tind\u0259 at\u0131lan add\u0131mlardan\u00a0 b\u0259hs etm\u0259kl\u0259 yana\u015f\u0131, yeni t\u0259yinata\u00a0 tap\u015f\u0131r\u0131q v\u0259 t\u00f6vsiy\u0259l\u0259rini \u00e7atd\u0131rm\u0131\u015fd\u0131r:\u00a0 T\u0259hsild\u0259 islahatlar d\u0259rinl\u0259\u015fm\u0259lidir. Son ill\u0259rin statistikas\u0131na diqq\u0259t yetir\u0259k. \u00a03500-d\u0259n \u00e7ox m\u0259kt\u0259b ya yenid\u0259n tikilib, ya da\u00a0 \u0259sasl\u0131 t\u0259mir edilib. Az\u0259rbaycanda ali m\u0259kt\u0259bl\u0259rin m\u00fctl\u0259q \u0259ks\u0259riyy\u0259ti m\u00fcasir standartlara cavab verir, yeni&hellip;<\/p>\n","protected":false},"author":2,"featured_media":211529,"comment_status":"closed","ping_status":"closed","sticky":false,"template":"","format":"standard","meta":{"om_disable_all_campaigns":false,"_monsterinsights_skip_tracking":false,"_monsterinsights_sitenote_active":false,"_monsterinsights_sitenote_note":"","_monsterinsights_sitenote_category":0},"categories":[4],"tags":[],"aioseo_notices":[],"gutentor_comment":0,"rttpg_featured_image_url":{"full":["https:\/\/arantv.az\/wp-content\/uploads\/2020\/08\/b11b7e34159853928084156049110882843.jpg",975,540,false],"landscape":["https:\/\/arantv.az\/wp-content\/uploads\/2020\/08\/b11b7e34159853928084156049110882843.jpg",975,540,false],"portraits":["https:\/\/arantv.az\/wp-content\/uploads\/2020\/08\/b11b7e34159853928084156049110882843.jpg",975,540,false],"thumbnail":["https:\/\/arantv.az\/wp-content\/uploads\/2020\/08\/b11b7e34159853928084156049110882843-150x150.jpg",150,150,true],"medium":["https:\/\/arantv.az\/wp-content\/uploads\/2020\/08\/b11b7e34159853928084156049110882843-300x166.jpg",300,166,true],"large":["https:\/\/arantv.az\/wp-content\/uploads\/2020\/08\/b11b7e34159853928084156049110882843.jpg",640,354,false],"1536x1536":["https:\/\/arantv.az\/wp-content\/uploads\/2020\/08\/b11b7e34159853928084156049110882843.jpg",975,540,false],"2048x2048":["https:\/\/arantv.az\/wp-content\/uploads\/2020\/08\/b11b7e34159853928084156049110882843.jpg",975,540,false],"post-thumbnail":["https:\/\/arantv.az\/wp-content\/uploads\/2020\/08\/b11b7e34159853928084156049110882843-240x172.jpg",240,172,true],"advps-thumb-one":["https:\/\/arantv.az\/wp-content\/uploads\/2020\/08\/b11b7e34159853928084156049110882843.jpg",975,540,false]},"rttpg_author":{"display_name":"V\u00fcsal Rafiqo\u011flu","author_link":"https:\/\/arantv.az\/?author=2"},"rttpg_comment":0,"rttpg_category":"<a href=\"https:\/\/arantv.az\/?cat=4\" rel=\"category\">Siyas\u0259t<\/a>","rttpg_excerpt":"D\u00f6vl\u0259timizin ba\u015f\u00e7\u0131s\u0131 \u0130lham \u018fliyev bununla ba\u011fl\u0131 aidiyy\u0259ti qurumlarla d\u00fczg\u00fcn t\u0259hlil apar\u0131l\u0131b konkret t\u0259klifl\u0259rin verilm\u0259sinin vacibliyini bildirir \u00a0 &nbsp; D\u00f6vl\u0259timizin ba\u015f\u00e7\u0131s\u0131 \u0130lham \u018fliyev Emin \u018fmrullayevi T\u0259hsil naziri t\u0259yin olunmas\u0131 il\u0259 \u0259laq\u0259dar videoformatda q\u0259bul ed\u0259rk\u0259n \u00a0h\u0259r bir \u00f6lk\u0259nin bu g\u00fcn\u00fc v\u0259 g\u0259l\u0259c\u0259yinin\u00a0 t\u0259hsill\u0259 bilavasit\u0259 ba\u011fl\u0131 oldu\u011funu \u00f6n\u0259 \u00e7\u0259k\u0259r\u0259k \u00f6lk\u0259mizd\u0259 t\u0259hsilin inki\u015faf\u0131 istiqam\u0259tind\u0259 at\u0131lan add\u0131mlardan\u00a0 b\u0259hs etm\u0259kl\u0259 yana\u015f\u0131,&hellip;","_links":{"self":[{"href":"https:\/\/arantv.az\/index.php?rest_route=\/wp\/v2\/posts\/211528"}],"collection":[{"href":"https:\/\/arantv.az\/index.php?rest_route=\/wp\/v2\/posts"}],"about":[{"href":"https:\/\/arantv.az\/index.php?rest_route=\/wp\/v2\/types\/post"}],"author":[{"embeddable":true,"href":"https:\/\/arantv.az\/index.php?rest_route=\/wp\/v2\/users\/2"}],"replies":[{"embeddable":true,"href":"https:\/\/arantv.az\/index.php?rest_route=%2Fwp%2Fv2%2Fcomments&post=211528"}],"version-history":[{"count":0,"href":"https:\/\/arantv.az\/index.php?rest_route=\/wp\/v2\/posts\/211528\/revisions"}],"wp:featuredmedia":[{"embeddable":true,"href":"https:\/\/arantv.az\/index.php?rest_route=\/wp\/v2\/media\/211529"}],"wp:attachment":[{"href":"https:\/\/arantv.az\/index.php?rest_route=%2Fwp%2Fv2%2Fmedia&parent=211528"}],"wp:term":[{"taxonomy":"category","embeddable":true,"href":"https:\/\/arantv.az\/index.php?rest_route=%2Fwp%2Fv2%2Fcategories&post=211528"},{"taxonomy":"post_tag","embeddable":true,"href":"https:\/\/arantv.az\/index.php?rest_route=%2Fwp%2Fv2%2Ftags&post=211528"}],"curies":[{"name":"wp","href":"https:\/\/api.w.org\/{rel}","templated":true}]}}