{"id":211532,"date":"2020-08-28T08:16:16","date_gmt":"2020-08-28T05:16:16","guid":{"rendered":"http:\/\/arantv.az\/?p=211532"},"modified":"2020-08-28T08:16:16","modified_gmt":"2020-08-28T05:16:16","slug":"samir-gorunusu-il%c9%99-hamini-soka-saldi-fotosessiya","status":"publish","type":"post","link":"https:\/\/arantv.az\/?p=211532","title":{"rendered":"Samir g\u00f6r\u00fcn\u00fc\u015f\u00fc il\u0259 ham\u0131n\u0131 \u015eOKA SALDI &#8211; FOTOSESS\u0130YA"},"content":{"rendered":"<p>M\u00fc\u011f\u0259nni Samir Ba\u011f\u0131rov iki illik fasil\u0259d\u0259n sonra yenid\u0259n \u015fou-biznes\u0259 qay\u0131tmaq q\u0259rar\u0131na g\u0259lib. <strong>ARANTV.AZ<\/strong> x\u0259b\u0259r verir ki, s\u0259n\u0259t\u00e7i s\u0259n\u0259tind\u0259ki susqunlu\u011fu yeni fotosessiyas\u0131 il\u0259 g\u00fcnd\u0259m\u0259 g\u0259lib. Samir yeni g\u00f6r\u00fcnt\u00fcs\u00fc il\u0259 h\u0259r k\u0259si t\u0259\u0259cc\u00fcbl\u0259ndirib. O, tam f\u0259rqli obrazda obyektiv qar\u015f\u0131s\u0131na ke\u00e7ib. Samir yeni m\u00f6vs\u00fcm\u0259 haz\u0131rla\u015fd\u0131\u011f\u0131n\u0131, maraql\u0131 layih\u0259l\u0259r ed\u0259c\u0259yini bildirib. Qeyd ed\u0259k ki, imici \u00fcz\u0259rind\u0259 Ruxa \u00e7al\u0131\u015f\u0131b. \u0130fa\u00e7\u0131n\u0131n \u015f\u0259kill\u0259rinin m\u00fc\u0259llifi fotoqraf V\u00fcsal Ad\u0131g\u00f6z\u0259lovdur.<\/p>\n<p><img loading=\"lazy\" class=\"alignnone size-medium wp-image-211533\" src=\"https:\/\/arantv.az\/wp-content\/uploads\/2020\/08\/118567483_1367505533440935_9192844412046766893_n-248x300.jpg\" alt=\"\" width=\"248\" height=\"300\" \/><img loading=\"lazy\" class=\"alignnone size-medium wp-image-211534\" src=\"https:\/\/arantv.az\/wp-content\/uploads\/2020\/08\/118595394_3010917942353118_4369487567499410803_n-240x300.jpg\" alt=\"\" width=\"240\" height=\"300\" \/><img loading=\"lazy\" class=\"alignnone size-medium wp-image-211536\" src=\"https:\/\/arantv.az\/wp-content\/uploads\/2020\/08\/118476357_253189509017580_8900685421795429211_n-241x300.jpg\" alt=\"\" width=\"241\" height=\"300\" \/><img loading=\"lazy\" class=\"alignnone size-medium wp-image-211535\" src=\"https:\/\/arantv.az\/wp-content\/uploads\/2020\/08\/118607449_643221696321616_7330495982264060522_n-240x300.jpg\" alt=\"\" width=\"240\" height=\"300\" \/><img loading=\"lazy\" class=\"alignnone size-medium wp-image-211537\" src=\"https:\/\/arantv.az\/wp-content\/uploads\/2020\/08\/118394154_821300481943278_4811961028630543721_n-240x300.jpg\" alt=\"\" width=\"240\" height=\"300\" \/><\/p>\n","protected":false},"excerpt":{"rendered":"<p>M\u00fc\u011f\u0259nni Samir Ba\u011f\u0131rov iki illik fasil\u0259d\u0259n sonra yenid\u0259n \u015fou-biznes\u0259 qay\u0131tmaq q\u0259rar\u0131na g\u0259lib. ARANTV.AZ x\u0259b\u0259r verir ki, s\u0259n\u0259t\u00e7i s\u0259n\u0259tind\u0259ki susqunlu\u011fu yeni fotosessiyas\u0131 il\u0259 g\u00fcnd\u0259m\u0259 g\u0259lib. Samir yeni g\u00f6r\u00fcnt\u00fcs\u00fc il\u0259 h\u0259r k\u0259si t\u0259\u0259cc\u00fcbl\u0259ndirib. O, tam f\u0259rqli obrazda obyektiv qar\u015f\u0131s\u0131na ke\u00e7ib. Samir yeni m\u00f6vs\u00fcm\u0259 haz\u0131rla\u015fd\u0131\u011f\u0131n\u0131, maraql\u0131 layih\u0259l\u0259r ed\u0259c\u0259yini bildirib. Qeyd ed\u0259k ki, imici \u00fcz\u0259rind\u0259 Ruxa \u00e7al\u0131\u015f\u0131b. \u0130fa\u00e7\u0131n\u0131n \u015f\u0259kill\u0259rinin m\u00fc\u0259llifi fotoqraf V\u00fcsal Ad\u0131g\u00f6z\u0259lovdur.<\/p>\n","protected":false},"author":2,"featured_media":211538,"comment_status":"closed","ping_status":"closed","sticky":false,"template":"","format":"standard","meta":{"om_disable_all_campaigns":false,"_monsterinsights_skip_tracking":false,"_monsterinsights_sitenote_active":false,"_monsterinsights_sitenote_note":"","_monsterinsights_sitenote_category":0},"categories":[20],"tags":[],"aioseo_notices":[],"gutentor_comment":0,"rttpg_featured_image_url":{"full":["https:\/\/arantv.az\/wp-content\/uploads\/2020\/08\/118522041_590201301856183_5473537051874082026_n.jpg",1000,617,false],"landscape":["https:\/\/arantv.az\/wp-content\/uploads\/2020\/08\/118522041_590201301856183_5473537051874082026_n.jpg",1000,617,false],"portraits":["https:\/\/arantv.az\/wp-content\/uploads\/2020\/08\/118522041_590201301856183_5473537051874082026_n.jpg",1000,617,false],"thumbnail":["https:\/\/arantv.az\/wp-content\/uploads\/2020\/08\/118522041_590201301856183_5473537051874082026_n-150x150.jpg",150,150,true],"medium":["https:\/\/arantv.az\/wp-content\/uploads\/2020\/08\/118522041_590201301856183_5473537051874082026_n-300x185.jpg",300,185,true],"large":["https:\/\/arantv.az\/wp-content\/uploads\/2020\/08\/118522041_590201301856183_5473537051874082026_n.jpg",640,395,false],"1536x1536":["https:\/\/arantv.az\/wp-content\/uploads\/2020\/08\/118522041_590201301856183_5473537051874082026_n.jpg",1000,617,false],"2048x2048":["https:\/\/arantv.az\/wp-content\/uploads\/2020\/08\/118522041_590201301856183_5473537051874082026_n.jpg",1000,617,false],"post-thumbnail":["https:\/\/arantv.az\/wp-content\/uploads\/2020\/08\/118522041_590201301856183_5473537051874082026_n-240x172.jpg",240,172,true],"advps-thumb-one":["https:\/\/arantv.az\/wp-content\/uploads\/2020\/08\/118522041_590201301856183_5473537051874082026_n.jpg",1000,617,false]},"rttpg_author":{"display_name":"V\u00fcsal Rafiqo\u011flu","author_link":"https:\/\/arantv.az\/?author=2"},"rttpg_comment":0,"rttpg_category":"<a href=\"https:\/\/arantv.az\/?cat=20\" rel=\"category\">\u015eou biznes<\/a>","rttpg_excerpt":"M\u00fc\u011f\u0259nni Samir Ba\u011f\u0131rov iki illik fasil\u0259d\u0259n sonra yenid\u0259n \u015fou-biznes\u0259 qay\u0131tmaq q\u0259rar\u0131na g\u0259lib. ARANTV.AZ x\u0259b\u0259r verir ki, s\u0259n\u0259t\u00e7i s\u0259n\u0259tind\u0259ki susqunlu\u011fu yeni fotosessiyas\u0131 il\u0259 g\u00fcnd\u0259m\u0259 g\u0259lib. Samir yeni g\u00f6r\u00fcnt\u00fcs\u00fc il\u0259 h\u0259r k\u0259si t\u0259\u0259cc\u00fcbl\u0259ndirib. O, tam f\u0259rqli obrazda obyektiv qar\u015f\u0131s\u0131na ke\u00e7ib. Samir yeni m\u00f6vs\u00fcm\u0259 haz\u0131rla\u015fd\u0131\u011f\u0131n\u0131, maraql\u0131 layih\u0259l\u0259r ed\u0259c\u0259yini bildirib. Qeyd ed\u0259k ki, imici \u00fcz\u0259rind\u0259 Ruxa \u00e7al\u0131\u015f\u0131b. \u0130fa\u00e7\u0131n\u0131n \u015f\u0259kill\u0259rinin&hellip;","_links":{"self":[{"href":"https:\/\/arantv.az\/index.php?rest_route=\/wp\/v2\/posts\/211532"}],"collection":[{"href":"https:\/\/arantv.az\/index.php?rest_route=\/wp\/v2\/posts"}],"about":[{"href":"https:\/\/arantv.az\/index.php?rest_route=\/wp\/v2\/types\/post"}],"author":[{"embeddable":true,"href":"https:\/\/arantv.az\/index.php?rest_route=\/wp\/v2\/users\/2"}],"replies":[{"embeddable":true,"href":"https:\/\/arantv.az\/index.php?rest_route=%2Fwp%2Fv2%2Fcomments&post=211532"}],"version-history":[{"count":0,"href":"https:\/\/arantv.az\/index.php?rest_route=\/wp\/v2\/posts\/211532\/revisions"}],"wp:featuredmedia":[{"embeddable":true,"href":"https:\/\/arantv.az\/index.php?rest_route=\/wp\/v2\/media\/211538"}],"wp:attachment":[{"href":"https:\/\/arantv.az\/index.php?rest_route=%2Fwp%2Fv2%2Fmedia&parent=211532"}],"wp:term":[{"taxonomy":"category","embeddable":true,"href":"https:\/\/arantv.az\/index.php?rest_route=%2Fwp%2Fv2%2Fcategories&post=211532"},{"taxonomy":"post_tag","embeddable":true,"href":"https:\/\/arantv.az\/index.php?rest_route=%2Fwp%2Fv2%2Ftags&post=211532"}],"curies":[{"name":"wp","href":"https:\/\/api.w.org\/{rel}","templated":true}]}}