{"id":211593,"date":"2020-08-28T09:24:34","date_gmt":"2020-08-28T06:24:34","guid":{"rendered":"http:\/\/arantv.az\/?p=211593"},"modified":"2020-08-28T09:24:34","modified_gmt":"2020-08-28T06:24:34","slug":"ukrayna-belarusla-butun-%c9%99laq%c9%99l%c9%99ri-dayandirdi","status":"publish","type":"post","link":"https:\/\/arantv.az\/?p=211593","title":{"rendered":"Ukrayna Belarusla b\u00fct\u00fcn \u0259laq\u0259l\u0259ri dayand\u0131rd\u0131"},"content":{"rendered":"<p>Ukrayna Belarusla b\u00fct\u00fcn \u0259laq\u0259l\u0259ri dayand\u0131r\u0131b.<\/p>\n<p>Bu bar\u0259d\u0259 Ukrayna Xarici \u0130\u015fl\u0259r Nazirliyinin (X\u0130N) n\u00fcmay\u0259nd\u0259l\u0259ri m\u0259lumat verib.<\/p>\n<p>R\u0259smi Kiyevin\u00a0\u201c\u00f6lk\u0259nin n\u00fcfuzuna z\u0259r\u0259r verm\u0259y\u0259c\u0259yin\u0259\u201d \u0259min olduqdan sonra Belarusla dialoqu b\u0259rpa ed\u0259c\u0259yi bildirilir.<\/p>\n<p>\u201cBu bar\u0259d\u0259 r\u0259smi \u015f\u0259kild\u0259 m\u0259lumat ver\u0259 bil\u0259r\u0259m. V\u0259ziyy\u0259tin inki\u015faf\u0131n\u0131 izl\u0259yirik. Yaln\u0131z bu \u0259laq\u0259l\u0259rin Ukraynan\u0131n n\u00fcfuzuna x\u0259l\u0259l g\u0259tir\u0259c\u0259k, onun \u00fc\u00e7\u00fcn m\u0259n\u0259vi, etik itkiy\u0259 s\u0259b\u0259b olmayaca\u011f\u0131na \u0259min oldu\u011fumuz zaman bu \u0259laq\u0259l\u0259r yenid\u0259n qurulacaq.<\/p>\n<p>Haz\u0131rda prezidentl\u0259r aras\u0131nda he\u00e7 bir \u0259laq\u0259 yoxdur v\u0259 planla\u015fd\u0131r\u0131lm\u0131r\u201d, &#8211; dey\u0259 Ukrayna X\u0130N r\u0259hb\u0259ri Dimitri Kuleba qeyd edib.<\/p>\n<p>H\u0259m\u00e7inin, Ukrayna Donbasla ba\u011fl\u0131 dan\u0131\u015f\u0131qlar platformas\u0131n\u0131 Minskd\u0259n ba\u015fqa yer\u0259 k\u00f6\u00e7\u00fcr\u0259 bil\u0259r.<\/p>\n","protected":false},"excerpt":{"rendered":"<p>Ukrayna Belarusla b\u00fct\u00fcn \u0259laq\u0259l\u0259ri dayand\u0131r\u0131b. Bu bar\u0259d\u0259 Ukrayna Xarici \u0130\u015fl\u0259r Nazirliyinin (X\u0130N) n\u00fcmay\u0259nd\u0259l\u0259ri m\u0259lumat verib. R\u0259smi Kiyevin\u00a0\u201c\u00f6lk\u0259nin n\u00fcfuzuna z\u0259r\u0259r verm\u0259y\u0259c\u0259yin\u0259\u201d \u0259min olduqdan sonra Belarusla dialoqu b\u0259rpa ed\u0259c\u0259yi bildirilir. \u201cBu bar\u0259d\u0259 r\u0259smi \u015f\u0259kild\u0259 m\u0259lumat ver\u0259 bil\u0259r\u0259m. V\u0259ziyy\u0259tin inki\u015faf\u0131n\u0131 izl\u0259yirik. Yaln\u0131z bu \u0259laq\u0259l\u0259rin Ukraynan\u0131n n\u00fcfuzuna x\u0259l\u0259l g\u0259tir\u0259c\u0259k, onun \u00fc\u00e7\u00fcn m\u0259n\u0259vi, etik itkiy\u0259 s\u0259b\u0259b olmayaca\u011f\u0131na \u0259min oldu\u011fumuz zaman bu \u0259laq\u0259l\u0259r yenid\u0259n qurulacaq. Haz\u0131rda prezidentl\u0259r aras\u0131nda he\u00e7 bir \u0259laq\u0259 yoxdur v\u0259 planla\u015fd\u0131r\u0131lm\u0131r\u201d, &#8211; dey\u0259 Ukrayna X\u0130N r\u0259hb\u0259ri Dimitri Kuleba qeyd edib. H\u0259m\u00e7inin, Ukrayna Donbasla ba\u011fl\u0131 dan\u0131\u015f\u0131qlar platformas\u0131n\u0131 Minskd\u0259n ba\u015fqa yer\u0259 k\u00f6\u00e7\u00fcr\u0259 bil\u0259r.<\/p>\n","protected":false},"author":2,"featured_media":211594,"comment_status":"closed","ping_status":"closed","sticky":false,"template":"","format":"standard","meta":{"om_disable_all_campaigns":false,"_monsterinsights_skip_tracking":false,"_monsterinsights_sitenote_active":false,"_monsterinsights_sitenote_note":"","_monsterinsights_sitenote_category":0},"categories":[7],"tags":[],"aioseo_notices":[],"gutentor_comment":0,"rttpg_featured_image_url":{"full":["https:\/\/arantv.az\/wp-content\/uploads\/2020\/08\/755946594762394.jpg",620,384,false],"landscape":["https:\/\/arantv.az\/wp-content\/uploads\/2020\/08\/755946594762394.jpg",620,384,false],"portraits":["https:\/\/arantv.az\/wp-content\/uploads\/2020\/08\/755946594762394.jpg",620,384,false],"thumbnail":["https:\/\/arantv.az\/wp-content\/uploads\/2020\/08\/755946594762394-150x150.jpg",150,150,true],"medium":["https:\/\/arantv.az\/wp-content\/uploads\/2020\/08\/755946594762394-300x186.jpg",300,186,true],"large":["https:\/\/arantv.az\/wp-content\/uploads\/2020\/08\/755946594762394.jpg",620,384,false],"1536x1536":["https:\/\/arantv.az\/wp-content\/uploads\/2020\/08\/755946594762394.jpg",620,384,false],"2048x2048":["https:\/\/arantv.az\/wp-content\/uploads\/2020\/08\/755946594762394.jpg",620,384,false],"post-thumbnail":["https:\/\/arantv.az\/wp-content\/uploads\/2020\/08\/755946594762394-240x172.jpg",240,172,true],"advps-thumb-one":["https:\/\/arantv.az\/wp-content\/uploads\/2020\/08\/755946594762394.jpg",620,384,false]},"rttpg_author":{"display_name":"V\u00fcsal Rafiqo\u011flu","author_link":"https:\/\/arantv.az\/?author=2"},"rttpg_comment":0,"rttpg_category":"<a href=\"https:\/\/arantv.az\/?cat=7\" rel=\"category\">D\u00fcnya<\/a>","rttpg_excerpt":"Ukrayna Belarusla b\u00fct\u00fcn \u0259laq\u0259l\u0259ri dayand\u0131r\u0131b. Bu bar\u0259d\u0259 Ukrayna Xarici \u0130\u015fl\u0259r Nazirliyinin (X\u0130N) n\u00fcmay\u0259nd\u0259l\u0259ri m\u0259lumat verib. R\u0259smi Kiyevin\u00a0\u201c\u00f6lk\u0259nin n\u00fcfuzuna z\u0259r\u0259r verm\u0259y\u0259c\u0259yin\u0259\u201d \u0259min olduqdan sonra Belarusla dialoqu b\u0259rpa ed\u0259c\u0259yi bildirilir. \u201cBu bar\u0259d\u0259 r\u0259smi \u015f\u0259kild\u0259 m\u0259lumat ver\u0259 bil\u0259r\u0259m. V\u0259ziyy\u0259tin inki\u015faf\u0131n\u0131 izl\u0259yirik. Yaln\u0131z bu \u0259laq\u0259l\u0259rin Ukraynan\u0131n n\u00fcfuzuna x\u0259l\u0259l g\u0259tir\u0259c\u0259k, onun \u00fc\u00e7\u00fcn m\u0259n\u0259vi, etik itkiy\u0259 s\u0259b\u0259b olmayaca\u011f\u0131na \u0259min oldu\u011fumuz zaman&hellip;","_links":{"self":[{"href":"https:\/\/arantv.az\/index.php?rest_route=\/wp\/v2\/posts\/211593"}],"collection":[{"href":"https:\/\/arantv.az\/index.php?rest_route=\/wp\/v2\/posts"}],"about":[{"href":"https:\/\/arantv.az\/index.php?rest_route=\/wp\/v2\/types\/post"}],"author":[{"embeddable":true,"href":"https:\/\/arantv.az\/index.php?rest_route=\/wp\/v2\/users\/2"}],"replies":[{"embeddable":true,"href":"https:\/\/arantv.az\/index.php?rest_route=%2Fwp%2Fv2%2Fcomments&post=211593"}],"version-history":[{"count":0,"href":"https:\/\/arantv.az\/index.php?rest_route=\/wp\/v2\/posts\/211593\/revisions"}],"wp:featuredmedia":[{"embeddable":true,"href":"https:\/\/arantv.az\/index.php?rest_route=\/wp\/v2\/media\/211594"}],"wp:attachment":[{"href":"https:\/\/arantv.az\/index.php?rest_route=%2Fwp%2Fv2%2Fmedia&parent=211593"}],"wp:term":[{"taxonomy":"category","embeddable":true,"href":"https:\/\/arantv.az\/index.php?rest_route=%2Fwp%2Fv2%2Fcategories&post=211593"},{"taxonomy":"post_tag","embeddable":true,"href":"https:\/\/arantv.az\/index.php?rest_route=%2Fwp%2Fv2%2Ftags&post=211593"}],"curies":[{"name":"wp","href":"https:\/\/api.w.org\/{rel}","templated":true}]}}