{"id":211597,"date":"2020-08-28T09:33:24","date_gmt":"2020-08-28T06:33:24","guid":{"rendered":"http:\/\/arantv.az\/?p=211597"},"modified":"2020-08-28T09:33:24","modified_gmt":"2020-08-28T06:33:24","slug":"kuc%c9%99l%c9%99rind%c9%99-avtomobill%c9%99rin-olmayacagi-s%c9%99h%c9%99r-tikilir","status":"publish","type":"post","link":"https:\/\/arantv.az\/?p=211597","title":{"rendered":"K\u00fc\u00e7\u0259l\u0259rind\u0259 avtomobill\u0259rin olmayaca\u011f\u0131 \u015f\u0259h\u0259r tikilir"},"content":{"rendered":"<p>Almaniyan\u0131n Berlin \u015f\u0259h\u0259rinin yax\u0131nl\u0131\u011f\u0131nda 16 hektar \u0259razid\u0259 avtomobill\u0259rin olmayaca\u011f\u0131 \u015f\u0259h\u0259r tikil\u0259c\u0259k.<\/p>\n<p>Bu bar\u0259d\u0259 \u201cWelt\u201d n\u0259\u015fri m\u0259lumat yay\u0131b.<\/p>\n<p>\u015e\u0259h\u0259r Bukover\u00a0Felder adland\u0131r\u0131lacaq.<\/p>\n<p>Yeni \u015f\u0259h\u0259r b\u00fct\u00fcn ekoloji standartlara uy\u011fun qurulacaq v\u0259 \u0259sas f\u0259rqi k\u00fc\u00e7\u0259l\u0259rind\u0259 avtomobill\u0259rin olmamas\u0131 olacaq.<\/p>\n<p>\u015e\u0259h\u0259r sakinl\u0259ri h\u0259r\u0259k\u0259t\u00a0\u00fc\u00e7\u00fcn velosiped yollar\u0131ndan istifad\u0259 ed\u0259c\u0259k, avtomobill\u0259ri saxlamaq \u00fc\u00e7\u00fcns\u0259 \u015f\u0259h\u0259rin \u0259traf\u0131nda x\u00fcsusi qarajlar haz\u0131rlanacaq.<\/p>\n<p>\u015e\u0259h\u0259rin tikintisin\u0259 2021-ci ild\u0259 ba\u015flan\u0131lacaq. Tikintinin \u00fc\u00e7 il \u0259rzind\u0259 yekunla\u015fd\u0131r\u0131lmas\u0131 planla\u015fd\u0131r\u0131l\u0131r.<\/p>\n<p>M\u0259nzil \u015firk\u0259tl\u0259rind\u0259n birinin menecerinin s\u00f6zl\u0259rin\u0259 g\u00f6r\u0259, bel\u0259 \u015f\u0259h\u0259rl\u0259rin tikintisi olduqca m\u00fch\u00fcmd\u00fcr, bu g\u00fcn insanlar sakitlik v\u0259 rahatl\u0131q ist\u0259yirl\u0259r.<\/p>\n","protected":false},"excerpt":{"rendered":"<p>Almaniyan\u0131n Berlin \u015f\u0259h\u0259rinin yax\u0131nl\u0131\u011f\u0131nda 16 hektar \u0259razid\u0259 avtomobill\u0259rin olmayaca\u011f\u0131 \u015f\u0259h\u0259r tikil\u0259c\u0259k. Bu bar\u0259d\u0259 \u201cWelt\u201d n\u0259\u015fri m\u0259lumat yay\u0131b. \u015e\u0259h\u0259r Bukover\u00a0Felder adland\u0131r\u0131lacaq. Yeni \u015f\u0259h\u0259r b\u00fct\u00fcn ekoloji standartlara uy\u011fun qurulacaq v\u0259 \u0259sas f\u0259rqi k\u00fc\u00e7\u0259l\u0259rind\u0259 avtomobill\u0259rin olmamas\u0131 olacaq. \u015e\u0259h\u0259r sakinl\u0259ri h\u0259r\u0259k\u0259t\u00a0\u00fc\u00e7\u00fcn velosiped yollar\u0131ndan istifad\u0259 ed\u0259c\u0259k, avtomobill\u0259ri saxlamaq \u00fc\u00e7\u00fcns\u0259 \u015f\u0259h\u0259rin \u0259traf\u0131nda x\u00fcsusi qarajlar haz\u0131rlanacaq. \u015e\u0259h\u0259rin tikintisin\u0259 2021-ci ild\u0259 ba\u015flan\u0131lacaq. Tikintinin \u00fc\u00e7 il \u0259rzind\u0259 yekunla\u015fd\u0131r\u0131lmas\u0131 planla\u015fd\u0131r\u0131l\u0131r. M\u0259nzil \u015firk\u0259tl\u0259rind\u0259n birinin menecerinin s\u00f6zl\u0259rin\u0259 g\u00f6r\u0259, bel\u0259 \u015f\u0259h\u0259rl\u0259rin tikintisi olduqca m\u00fch\u00fcmd\u00fcr, bu g\u00fcn insanlar sakitlik v\u0259 rahatl\u0131q ist\u0259yirl\u0259r.<\/p>\n","protected":false},"author":2,"featured_media":211598,"comment_status":"closed","ping_status":"closed","sticky":false,"template":"","format":"standard","meta":{"om_disable_all_campaigns":false,"_monsterinsights_skip_tracking":false,"_monsterinsights_sitenote_active":false,"_monsterinsights_sitenote_note":"","_monsterinsights_sitenote_category":0},"categories":[7],"tags":[],"aioseo_notices":[],"gutentor_comment":0,"rttpg_featured_image_url":{"full":["https:\/\/arantv.az\/wp-content\/uploads\/2020\/08\/1598588968_pervoru-3683.jpg",620,438,false],"landscape":["https:\/\/arantv.az\/wp-content\/uploads\/2020\/08\/1598588968_pervoru-3683.jpg",620,438,false],"portraits":["https:\/\/arantv.az\/wp-content\/uploads\/2020\/08\/1598588968_pervoru-3683.jpg",620,438,false],"thumbnail":["https:\/\/arantv.az\/wp-content\/uploads\/2020\/08\/1598588968_pervoru-3683-150x150.jpg",150,150,true],"medium":["https:\/\/arantv.az\/wp-content\/uploads\/2020\/08\/1598588968_pervoru-3683-300x212.jpg",300,212,true],"large":["https:\/\/arantv.az\/wp-content\/uploads\/2020\/08\/1598588968_pervoru-3683.jpg",620,438,false],"1536x1536":["https:\/\/arantv.az\/wp-content\/uploads\/2020\/08\/1598588968_pervoru-3683.jpg",620,438,false],"2048x2048":["https:\/\/arantv.az\/wp-content\/uploads\/2020\/08\/1598588968_pervoru-3683.jpg",620,438,false],"post-thumbnail":["https:\/\/arantv.az\/wp-content\/uploads\/2020\/08\/1598588968_pervoru-3683-240x172.jpg",240,172,true],"advps-thumb-one":["https:\/\/arantv.az\/wp-content\/uploads\/2020\/08\/1598588968_pervoru-3683.jpg",620,438,false]},"rttpg_author":{"display_name":"V\u00fcsal Rafiqo\u011flu","author_link":"https:\/\/arantv.az\/?author=2"},"rttpg_comment":0,"rttpg_category":"<a href=\"https:\/\/arantv.az\/?cat=7\" rel=\"category\">D\u00fcnya<\/a>","rttpg_excerpt":"Almaniyan\u0131n Berlin \u015f\u0259h\u0259rinin yax\u0131nl\u0131\u011f\u0131nda 16 hektar \u0259razid\u0259 avtomobill\u0259rin olmayaca\u011f\u0131 \u015f\u0259h\u0259r tikil\u0259c\u0259k. Bu bar\u0259d\u0259 \u201cWelt\u201d n\u0259\u015fri m\u0259lumat yay\u0131b. \u015e\u0259h\u0259r Bukover\u00a0Felder adland\u0131r\u0131lacaq. Yeni \u015f\u0259h\u0259r b\u00fct\u00fcn ekoloji standartlara uy\u011fun qurulacaq v\u0259 \u0259sas f\u0259rqi k\u00fc\u00e7\u0259l\u0259rind\u0259 avtomobill\u0259rin olmamas\u0131 olacaq. \u015e\u0259h\u0259r sakinl\u0259ri h\u0259r\u0259k\u0259t\u00a0\u00fc\u00e7\u00fcn velosiped yollar\u0131ndan istifad\u0259 ed\u0259c\u0259k, avtomobill\u0259ri saxlamaq \u00fc\u00e7\u00fcns\u0259 \u015f\u0259h\u0259rin \u0259traf\u0131nda x\u00fcsusi qarajlar haz\u0131rlanacaq. \u015e\u0259h\u0259rin tikintisin\u0259 2021-ci ild\u0259 ba\u015flan\u0131lacaq. Tikintinin&hellip;","_links":{"self":[{"href":"https:\/\/arantv.az\/index.php?rest_route=\/wp\/v2\/posts\/211597"}],"collection":[{"href":"https:\/\/arantv.az\/index.php?rest_route=\/wp\/v2\/posts"}],"about":[{"href":"https:\/\/arantv.az\/index.php?rest_route=\/wp\/v2\/types\/post"}],"author":[{"embeddable":true,"href":"https:\/\/arantv.az\/index.php?rest_route=\/wp\/v2\/users\/2"}],"replies":[{"embeddable":true,"href":"https:\/\/arantv.az\/index.php?rest_route=%2Fwp%2Fv2%2Fcomments&post=211597"}],"version-history":[{"count":0,"href":"https:\/\/arantv.az\/index.php?rest_route=\/wp\/v2\/posts\/211597\/revisions"}],"wp:featuredmedia":[{"embeddable":true,"href":"https:\/\/arantv.az\/index.php?rest_route=\/wp\/v2\/media\/211598"}],"wp:attachment":[{"href":"https:\/\/arantv.az\/index.php?rest_route=%2Fwp%2Fv2%2Fmedia&parent=211597"}],"wp:term":[{"taxonomy":"category","embeddable":true,"href":"https:\/\/arantv.az\/index.php?rest_route=%2Fwp%2Fv2%2Fcategories&post=211597"},{"taxonomy":"post_tag","embeddable":true,"href":"https:\/\/arantv.az\/index.php?rest_route=%2Fwp%2Fv2%2Ftags&post=211597"}],"curies":[{"name":"wp","href":"https:\/\/api.w.org\/{rel}","templated":true}]}}