{"id":21199,"date":"2018-10-25T13:09:26","date_gmt":"2018-10-25T10:09:26","guid":{"rendered":"http:\/\/arantv.az\/?p=21199"},"modified":"2018-10-25T13:09:26","modified_gmt":"2018-10-25T10:09:26","slug":"bakida-mu%c9%99llim-kuc%c9%99nin-ortasinda-sagirdi-doydu-video","status":"publish","type":"post","link":"https:\/\/arantv.az\/?p=21199","title":{"rendered":"Bak\u0131da m\u00fc\u0259llim k\u00fc\u00e7\u0259nin ortas\u0131nda \u015fagirdi d\u00f6yd\u00fc &#8211; V\u0130DEO"},"content":{"rendered":"<p>Bak\u0131n\u0131n D\u0259rn\u0259g\u00fcl q\u0259s\u0259b\u0259sind\u0259 m\u0259kt\u0259blil\u0259rin d\u00f6y\u00fclm\u0259si fakt\u0131 qeyd\u0259 al\u0131n\u0131b.<\/p>\n<p><strong>ARANTV.AZ\u00a0\u00a0<\/strong>BAKU.WS-\u0259 istinad\u0259n x\u0259b\u0259r verir ki, paytaxt sakini m\u0259kt\u0259bli u\u015fa\u011f\u0131n m\u00fc\u0259llim t\u0259r\u0259find\u0259n d\u00f6y\u00fcld\u00fcy\u00fcn\u00fc iddia edir.<\/p>\n<p>Bildirilir ki, hadis\u0259 D\u0259rn\u0259g\u00fcld\u0259 yerl\u0259\u015f\u0259n m\u0259kt\u0259bl\u0259rd\u0259n birinin qar\u015f\u0131s\u0131nda ba\u015f verib. Kadrlardan da g\u00f6r\u00fcnd\u00fcy\u00fc kimi, ya\u015fl\u0131 ki\u015fi u\u015faqlar\u0131 vurur.<\/p>\n<p>H\u0259min d\u00f6y\u00fclm\u0259 an\u0131 \u0259trafdak\u0131 m\u00fc\u015fahid\u0259 kameras\u0131na tu\u015f g\u0259lib. Redaksiyaya m\u00fcraci\u0259t ed\u0259n \u015f\u0259xs d\u00f6y\u00fcl\u0259n u\u015fa\u011f\u0131n x\u0259sar\u0259t ald\u0131\u011f\u0131n\u0131 bildirib.<\/p>\n<p>Hadis\u0259 yerind\u0259n g\u00f6r\u00fcnt\u00fcn\u00fc t\u0259qdim edirik:<\/p>\n<div><iframe loading=\"lazy\" src=\"https:\/\/player.baku.tv\/embed\/4650\" width=\"560\" height=\"315\" frameborder=\"0\" allowfullscreen=\"allowfullscreen\" data-mce-fragment=\"1\"><\/iframe><\/div>\n<p>&nbsp;<\/p>\n","protected":false},"excerpt":{"rendered":"<p>Bak\u0131n\u0131n D\u0259rn\u0259g\u00fcl q\u0259s\u0259b\u0259sind\u0259 m\u0259kt\u0259blil\u0259rin d\u00f6y\u00fclm\u0259si fakt\u0131 qeyd\u0259 al\u0131n\u0131b. ARANTV.AZ\u00a0\u00a0BAKU.WS-\u0259 istinad\u0259n x\u0259b\u0259r verir ki, paytaxt sakini m\u0259kt\u0259bli u\u015fa\u011f\u0131n m\u00fc\u0259llim t\u0259r\u0259find\u0259n d\u00f6y\u00fcld\u00fcy\u00fcn\u00fc iddia edir. Bildirilir ki, hadis\u0259 D\u0259rn\u0259g\u00fcld\u0259 yerl\u0259\u015f\u0259n m\u0259kt\u0259bl\u0259rd\u0259n birinin qar\u015f\u0131s\u0131nda ba\u015f verib. Kadrlardan da g\u00f6r\u00fcnd\u00fcy\u00fc kimi, ya\u015fl\u0131 ki\u015fi u\u015faqlar\u0131 vurur. H\u0259min d\u00f6y\u00fclm\u0259 an\u0131 \u0259trafdak\u0131 m\u00fc\u015fahid\u0259 kameras\u0131na tu\u015f g\u0259lib. Redaksiyaya m\u00fcraci\u0259t ed\u0259n \u015f\u0259xs d\u00f6y\u00fcl\u0259n u\u015fa\u011f\u0131n x\u0259sar\u0259t ald\u0131\u011f\u0131n\u0131 bildirib. Hadis\u0259 yerind\u0259n g\u00f6r\u00fcnt\u00fcn\u00fc t\u0259qdim edirik: &nbsp;<\/p>\n","protected":false},"author":2,"featured_media":21200,"comment_status":"closed","ping_status":"closed","sticky":false,"template":"","format":"standard","meta":{"om_disable_all_campaigns":false,"_monsterinsights_skip_tracking":false,"_monsterinsights_sitenote_active":false,"_monsterinsights_sitenote_note":"","_monsterinsights_sitenote_category":0},"categories":[1],"tags":[],"aioseo_notices":[],"gutentor_comment":0,"rttpg_featured_image_url":{"full":["https:\/\/arantv.az\/wp-content\/uploads\/2018\/10\/sagird.jpg",620,348,false],"landscape":["https:\/\/arantv.az\/wp-content\/uploads\/2018\/10\/sagird.jpg",620,348,false],"portraits":["https:\/\/arantv.az\/wp-content\/uploads\/2018\/10\/sagird.jpg",620,348,false],"thumbnail":["https:\/\/arantv.az\/wp-content\/uploads\/2018\/10\/sagird-150x150.jpg",150,150,true],"medium":["https:\/\/arantv.az\/wp-content\/uploads\/2018\/10\/sagird-300x168.jpg",300,168,true],"large":["https:\/\/arantv.az\/wp-content\/uploads\/2018\/10\/sagird.jpg",620,348,false],"1536x1536":["https:\/\/arantv.az\/wp-content\/uploads\/2018\/10\/sagird.jpg",620,348,false],"2048x2048":["https:\/\/arantv.az\/wp-content\/uploads\/2018\/10\/sagird.jpg",620,348,false],"post-thumbnail":["https:\/\/arantv.az\/wp-content\/uploads\/2018\/10\/sagird-240x172.jpg",240,172,true],"advps-thumb-one":["https:\/\/arantv.az\/wp-content\/uploads\/2018\/10\/sagird.jpg",620,348,false]},"rttpg_author":{"display_name":"V\u00fcsal Rafiqo\u011flu","author_link":"https:\/\/arantv.az\/?author=2"},"rttpg_comment":0,"rttpg_category":"<a href=\"https:\/\/arantv.az\/?cat=1\" rel=\"category\">C\u0259miyy\u0259t<\/a>","rttpg_excerpt":"Bak\u0131n\u0131n D\u0259rn\u0259g\u00fcl q\u0259s\u0259b\u0259sind\u0259 m\u0259kt\u0259blil\u0259rin d\u00f6y\u00fclm\u0259si fakt\u0131 qeyd\u0259 al\u0131n\u0131b. ARANTV.AZ\u00a0\u00a0BAKU.WS-\u0259 istinad\u0259n x\u0259b\u0259r verir ki, paytaxt sakini m\u0259kt\u0259bli u\u015fa\u011f\u0131n m\u00fc\u0259llim t\u0259r\u0259find\u0259n d\u00f6y\u00fcld\u00fcy\u00fcn\u00fc iddia edir. Bildirilir ki, hadis\u0259 D\u0259rn\u0259g\u00fcld\u0259 yerl\u0259\u015f\u0259n m\u0259kt\u0259bl\u0259rd\u0259n birinin qar\u015f\u0131s\u0131nda ba\u015f verib. Kadrlardan da g\u00f6r\u00fcnd\u00fcy\u00fc kimi, ya\u015fl\u0131 ki\u015fi u\u015faqlar\u0131 vurur. H\u0259min d\u00f6y\u00fclm\u0259 an\u0131 \u0259trafdak\u0131 m\u00fc\u015fahid\u0259 kameras\u0131na tu\u015f g\u0259lib. Redaksiyaya m\u00fcraci\u0259t ed\u0259n \u015f\u0259xs d\u00f6y\u00fcl\u0259n u\u015fa\u011f\u0131n x\u0259sar\u0259t&hellip;","_links":{"self":[{"href":"https:\/\/arantv.az\/index.php?rest_route=\/wp\/v2\/posts\/21199"}],"collection":[{"href":"https:\/\/arantv.az\/index.php?rest_route=\/wp\/v2\/posts"}],"about":[{"href":"https:\/\/arantv.az\/index.php?rest_route=\/wp\/v2\/types\/post"}],"author":[{"embeddable":true,"href":"https:\/\/arantv.az\/index.php?rest_route=\/wp\/v2\/users\/2"}],"replies":[{"embeddable":true,"href":"https:\/\/arantv.az\/index.php?rest_route=%2Fwp%2Fv2%2Fcomments&post=21199"}],"version-history":[{"count":0,"href":"https:\/\/arantv.az\/index.php?rest_route=\/wp\/v2\/posts\/21199\/revisions"}],"wp:featuredmedia":[{"embeddable":true,"href":"https:\/\/arantv.az\/index.php?rest_route=\/wp\/v2\/media\/21200"}],"wp:attachment":[{"href":"https:\/\/arantv.az\/index.php?rest_route=%2Fwp%2Fv2%2Fmedia&parent=21199"}],"wp:term":[{"taxonomy":"category","embeddable":true,"href":"https:\/\/arantv.az\/index.php?rest_route=%2Fwp%2Fv2%2Fcategories&post=21199"},{"taxonomy":"post_tag","embeddable":true,"href":"https:\/\/arantv.az\/index.php?rest_route=%2Fwp%2Fv2%2Ftags&post=21199"}],"curies":[{"name":"wp","href":"https:\/\/api.w.org\/{rel}","templated":true}]}}