{"id":21205,"date":"2018-10-25T13:12:43","date_gmt":"2018-10-25T10:12:43","guid":{"rendered":"http:\/\/arantv.az\/?p=21205"},"modified":"2018-10-25T13:12:43","modified_gmt":"2018-10-25T10:12:43","slug":"nazir-h%c9%99ms%c9%99drl%c9%99r-g%c9%99l%c9%99n-h%c9%99ft%c9%99-regiona-s%c9%99f%c9%99r%c9%99-g%c9%99l%c9%99c%c9%99kl%c9%99r","status":"publish","type":"post","link":"https:\/\/arantv.az\/?p=21205","title":{"rendered":"Nazir: H\u0259ms\u0259drl\u0259r g\u0259l\u0259n h\u0259ft\u0259 regiona s\u0259f\u0259r\u0259 g\u0259l\u0259c\u0259kl\u0259r"},"content":{"rendered":"<p>AT\u018fT-in Minsk qrupunun h\u0259ms\u0259drl\u0259ri g\u0259l\u0259n h\u0259ft\u0259 regiona s\u0259f\u0259r ed\u0259c\u0259kl\u0259r.<\/p>\n<p><strong>ARANTV.AZ<\/strong>-\u0131n m\u0259lumat\u0131na g\u00f6r\u0259, bunu jurnalistl\u0259r\u0259 Az\u0259rbaycan\u0131n xarici i\u015fl\u0259r naziri\u00a0<strong>Elmar M\u0259mm\u0259dyarov<\/strong>\u00a0deyib.<\/p>\n<div id=\"AdributorNativeVideo0\" class=\"AdributorNativeVideo\"><\/div>\n<p>Nazir qeyd edib ki, bu ilin sonuna q\u0259d\u0259r Az\u0259rbaycan v\u0259 Erm\u0259nistan xarici i\u015fl\u0259r nazirl\u0259ri aras\u0131nda daha bir g\u00f6r\u00fc\u015f\u00fcn ke\u00e7irilm\u0259si n\u0259z\u0259rd\u0259 tutulur:<\/p>\n<p>\u201cG\u00f6r\u00fc\u015f\u00fcn tarixi v\u0259 yeri bar\u0259d\u0259 d\u0259qiq m\u0259lumat yoxdur. H\u0259ms\u0259drl\u0259rin regiona s\u0259f\u0259ri zaman\u0131 bu bar\u0259d\u0259 m\u00fczakir\u0259 apar\u0131lacaq\u201d.oxu.az<\/p>\n","protected":false},"excerpt":{"rendered":"<p>AT\u018fT-in Minsk qrupunun h\u0259ms\u0259drl\u0259ri g\u0259l\u0259n h\u0259ft\u0259 regiona s\u0259f\u0259r ed\u0259c\u0259kl\u0259r. ARANTV.AZ-\u0131n m\u0259lumat\u0131na g\u00f6r\u0259, bunu jurnalistl\u0259r\u0259 Az\u0259rbaycan\u0131n xarici i\u015fl\u0259r naziri\u00a0Elmar M\u0259mm\u0259dyarov\u00a0deyib. Nazir qeyd edib ki, bu ilin sonuna q\u0259d\u0259r Az\u0259rbaycan v\u0259 Erm\u0259nistan xarici i\u015fl\u0259r nazirl\u0259ri aras\u0131nda daha bir g\u00f6r\u00fc\u015f\u00fcn ke\u00e7irilm\u0259si n\u0259z\u0259rd\u0259 tutulur: \u201cG\u00f6r\u00fc\u015f\u00fcn tarixi v\u0259 yeri bar\u0259d\u0259 d\u0259qiq m\u0259lumat yoxdur. H\u0259ms\u0259drl\u0259rin regiona s\u0259f\u0259ri zaman\u0131 bu bar\u0259d\u0259 m\u00fczakir\u0259 apar\u0131lacaq\u201d.oxu.az<\/p>\n","protected":false},"author":2,"featured_media":21206,"comment_status":"closed","ping_status":"closed","sticky":false,"template":"","format":"standard","meta":{"om_disable_all_campaigns":false,"_monsterinsights_skip_tracking":false,"_monsterinsights_sitenote_active":false,"_monsterinsights_sitenote_note":"","_monsterinsights_sitenote_category":0},"categories":[4],"tags":[],"aioseo_notices":[],"gutentor_comment":0,"rttpg_featured_image_url":{"full":["https:\/\/arantv.az\/wp-content\/uploads\/2018\/10\/40784946_245685056135492_1192306367596068864_n-1.jpg",620,426,false],"landscape":["https:\/\/arantv.az\/wp-content\/uploads\/2018\/10\/40784946_245685056135492_1192306367596068864_n-1.jpg",620,426,false],"portraits":["https:\/\/arantv.az\/wp-content\/uploads\/2018\/10\/40784946_245685056135492_1192306367596068864_n-1.jpg",620,426,false],"thumbnail":["https:\/\/arantv.az\/wp-content\/uploads\/2018\/10\/40784946_245685056135492_1192306367596068864_n-1-150x150.jpg",150,150,true],"medium":["https:\/\/arantv.az\/wp-content\/uploads\/2018\/10\/40784946_245685056135492_1192306367596068864_n-1-300x206.jpg",300,206,true],"large":["https:\/\/arantv.az\/wp-content\/uploads\/2018\/10\/40784946_245685056135492_1192306367596068864_n-1.jpg",620,426,false],"1536x1536":["https:\/\/arantv.az\/wp-content\/uploads\/2018\/10\/40784946_245685056135492_1192306367596068864_n-1.jpg",620,426,false],"2048x2048":["https:\/\/arantv.az\/wp-content\/uploads\/2018\/10\/40784946_245685056135492_1192306367596068864_n-1.jpg",620,426,false],"post-thumbnail":["https:\/\/arantv.az\/wp-content\/uploads\/2018\/10\/40784946_245685056135492_1192306367596068864_n-1-240x172.jpg",240,172,true],"advps-thumb-one":["https:\/\/arantv.az\/wp-content\/uploads\/2018\/10\/40784946_245685056135492_1192306367596068864_n-1.jpg",620,426,false]},"rttpg_author":{"display_name":"V\u00fcsal Rafiqo\u011flu","author_link":"https:\/\/arantv.az\/?author=2"},"rttpg_comment":0,"rttpg_category":"<a href=\"https:\/\/arantv.az\/?cat=4\" rel=\"category\">Siyas\u0259t<\/a>","rttpg_excerpt":"AT\u018fT-in Minsk qrupunun h\u0259ms\u0259drl\u0259ri g\u0259l\u0259n h\u0259ft\u0259 regiona s\u0259f\u0259r ed\u0259c\u0259kl\u0259r. ARANTV.AZ-\u0131n m\u0259lumat\u0131na g\u00f6r\u0259, bunu jurnalistl\u0259r\u0259 Az\u0259rbaycan\u0131n xarici i\u015fl\u0259r naziri\u00a0Elmar M\u0259mm\u0259dyarov\u00a0deyib. Nazir qeyd edib ki, bu ilin sonuna q\u0259d\u0259r Az\u0259rbaycan v\u0259 Erm\u0259nistan xarici i\u015fl\u0259r nazirl\u0259ri aras\u0131nda daha bir g\u00f6r\u00fc\u015f\u00fcn ke\u00e7irilm\u0259si n\u0259z\u0259rd\u0259 tutulur: \u201cG\u00f6r\u00fc\u015f\u00fcn tarixi v\u0259 yeri bar\u0259d\u0259 d\u0259qiq m\u0259lumat yoxdur. H\u0259ms\u0259drl\u0259rin regiona s\u0259f\u0259ri zaman\u0131 bu bar\u0259d\u0259 m\u00fczakir\u0259&hellip;","_links":{"self":[{"href":"https:\/\/arantv.az\/index.php?rest_route=\/wp\/v2\/posts\/21205"}],"collection":[{"href":"https:\/\/arantv.az\/index.php?rest_route=\/wp\/v2\/posts"}],"about":[{"href":"https:\/\/arantv.az\/index.php?rest_route=\/wp\/v2\/types\/post"}],"author":[{"embeddable":true,"href":"https:\/\/arantv.az\/index.php?rest_route=\/wp\/v2\/users\/2"}],"replies":[{"embeddable":true,"href":"https:\/\/arantv.az\/index.php?rest_route=%2Fwp%2Fv2%2Fcomments&post=21205"}],"version-history":[{"count":0,"href":"https:\/\/arantv.az\/index.php?rest_route=\/wp\/v2\/posts\/21205\/revisions"}],"wp:featuredmedia":[{"embeddable":true,"href":"https:\/\/arantv.az\/index.php?rest_route=\/wp\/v2\/media\/21206"}],"wp:attachment":[{"href":"https:\/\/arantv.az\/index.php?rest_route=%2Fwp%2Fv2%2Fmedia&parent=21205"}],"wp:term":[{"taxonomy":"category","embeddable":true,"href":"https:\/\/arantv.az\/index.php?rest_route=%2Fwp%2Fv2%2Fcategories&post=21205"},{"taxonomy":"post_tag","embeddable":true,"href":"https:\/\/arantv.az\/index.php?rest_route=%2Fwp%2Fv2%2Ftags&post=21205"}],"curies":[{"name":"wp","href":"https:\/\/api.w.org\/{rel}","templated":true}]}}