{"id":21208,"date":"2018-10-25T13:16:22","date_gmt":"2018-10-25T10:16:22","guid":{"rendered":"http:\/\/arantv.az\/?p=21208"},"modified":"2018-10-25T13:16:22","modified_gmt":"2018-10-25T10:16:22","slug":"ilham-%c9%99liyev-bakida-vi-beyn%c9%99lxalq-humanitar-forumun-r%c9%99smi-acilis-m%c9%99rasimind%c9%99-istirak-edib","status":"publish","type":"post","link":"https:\/\/arantv.az\/?p=21208","title":{"rendered":"\u0130lham \u018fliyev Bak\u0131da VI Beyn\u0259lxalq Humanitar Forumun r\u0259smi a\u00e7\u0131l\u0131\u015f m\u0259rasimind\u0259 i\u015ftirak edib"},"content":{"rendered":"<p><strong>ARANTV.AZ<\/strong> x\u0259b\u0259r verir ki, oktyabr\u0131n 25-d\u0259 Heyd\u0259r \u018fliyev M\u0259rk\u0259zind\u0259 VI Bak\u0131 Beyn\u0259lxalq Humanitar Forumu i\u015f\u0259 ba\u015flay\u0131b.<\/p>\n<p>Az\u0259rbaycan Respublikas\u0131n\u0131n Prezidenti \u0130lham \u018fliyev, birinci xan\u0131m Mehriban \u018fliyeva v\u0259 Heyd\u0259r \u018fliyev Fondunun vitse-prezidenti Leyla \u018fliyeva Forumun r\u0259smi a\u00e7\u0131l\u0131\u015f m\u0259rasimind\u0259 i\u015ftirak edibl\u0259r.<\/p>\n<p>\u201cYeni d\u00fcnya v\u0259 yeni insan formala\u015fd\u0131raq: kreativlik v\u0259 insan inki\u015faf\u0131\u201d m\u00f6vzusunda ke\u00e7iril\u0259n VI Beyn\u0259lxalq Humanitar Foruma 86 \u00f6lk\u0259 v\u0259 24 beyn\u0259lxalq t\u0259\u015fkilatdan 580-d\u0259n \u00e7ox n\u00fcmay\u0259nd\u0259 qat\u0131l\u0131b.<\/p>\n<p>D\u00f6vl\u0259timizin ba\u015f\u00e7\u0131s\u0131 Forumun a\u00e7\u0131l\u0131\u015f\u0131nda nitq s\u00f6yl\u0259di.<\/p>\n<p>Sonra Rusiya Federasiyas\u0131 H\u00f6kum\u0259ti s\u0259drinin m\u00fcavini xan\u0131m Olqa Qolodets Prezident Vladimir Putinin Forum i\u015ftirak\u00e7\u0131lar\u0131na t\u0259brik m\u0259ktubunu oxudu. O, \u00e7\u0131x\u0131\u015f\u0131nda Forumun ild\u0259n-il\u0259 inki\u015faf etdiyini, Bak\u0131n\u0131n humanitar dialoq m\u0259rk\u0259zin\u0259 \u00e7evrildiyini bildirdi.<\/p>\n<p>Daha sonra BMT ba\u015f katibinin m\u00fcavini R\u0259\u015fid Xalikov, ISESCO-nun ba\u015f direktoru \u018fbd\u00fcl\u0259ziz Osman \u0259l-Tuveycri, UNESCO-nun ba\u015f direktorunun m\u00fcavini Qu Ksinq v\u0259 Parlamentl\u0259raras\u0131 \u0130ttifaq\u0131n prezidenti xan\u0131m Qabriela Baron \u00e7\u0131x\u0131\u015f etdil\u0259r.<\/p>\n<p>2010-cu ild\u0259n t\u0259\u015fkil olunan Forumun t\u0259\u015f\u0259bb\u00fcs\u00e7\u00fcl\u0259ri Az\u0259rbaycan v\u0259 Rusiya prezidentl\u0259ridir. Beyn\u0259lxalq Humanitar Forum qlobal xarakterli m\u0259s\u0259l\u0259l\u0259r\u0259 dair geni\u015f spektrli dialoqlar, fikir m\u00fcbadil\u0259l\u0259ri v\u0259 m\u00fczakir\u0259l\u0259r aparmaq m\u0259qs\u0259dil\u0259 m\u00fcxt\u0259lif \u00f6lk\u0259l\u0259rd\u0259n tan\u0131nm\u0131\u015f d\u00f6vl\u0259t xadiml\u0259rini, elmin f\u0259rqli sah\u0259l\u0259ri \u00fczr\u0259 Nobel m\u00fckafat\u0131 laureatlar\u0131n\u0131 v\u0259 n\u00fcfuzlu beyn\u0259lxalq t\u0259\u015fkilatlar\u0131n r\u0259hb\u0259rl\u0259rini, o c\u00fcml\u0259d\u0259n d\u00fcnyan\u0131n siyasi, elmi v\u0259 m\u0259d\u0259ni elitas\u0131n\u0131n n\u00fcmay\u0259nd\u0259l\u0259rini bir araya toplayan m\u00f6t\u0259b\u0259r t\u0259dbirdir. VI Bak\u0131 Beyn\u0259lxalq Humanitar Forumu g\u0259l\u0259c\u0259k d\u00fcnyam\u0131z\u0131 formala\u015fd\u0131racaq kreativ ideyalar v\u0259 onlar\u0131n h\u0259yata ke\u00e7irilm\u0259si yollar\u0131n\u0131n axtar\u0131lmas\u0131n\u0131 diqq\u0259td\u0259 saxlayacaq. D\u00fcnyan\u0131 vahid m\u0259kan v\u0259 b\u00fct\u00fcn b\u0259\u015f\u0259riyy\u0259ti bir c\u0259miyy\u0259t kimi g\u00f6rm\u0259k ist\u0259yi yeni m\u00fcnasib\u0259tl\u0259r qurma\u011fa, daha m\u00fct\u0259r\u0259qqi v\u0259 aktual m\u00fczakir\u0259l\u0259r aparma\u011fa imkan ver\u0259c\u0259k v\u0259 b\u0259\u015f\u0259riyy\u0259tin inki\u015faf\u0131na \u0259n\u0259n\u0259vi yana\u015fmalarda d\u0259yi\u015fiklikl\u0259rin yaranmas\u0131na v\u0259sil\u0259 olacaq.<\/p>\n<p>A\u00e7\u0131l\u0131\u015f \u00e7\u0131x\u0131\u015flar\u0131ndan sonra Forum i\u015fini plenar v\u0259 i\u015f\u00e7i sessiyalarla davam etdir\u0259c\u0259k.<\/p>\n","protected":false},"excerpt":{"rendered":"<p>ARANTV.AZ x\u0259b\u0259r verir ki, oktyabr\u0131n 25-d\u0259 Heyd\u0259r \u018fliyev M\u0259rk\u0259zind\u0259 VI Bak\u0131 Beyn\u0259lxalq Humanitar Forumu i\u015f\u0259 ba\u015flay\u0131b. Az\u0259rbaycan Respublikas\u0131n\u0131n Prezidenti \u0130lham \u018fliyev, birinci xan\u0131m Mehriban \u018fliyeva v\u0259 Heyd\u0259r \u018fliyev Fondunun vitse-prezidenti Leyla \u018fliyeva Forumun r\u0259smi a\u00e7\u0131l\u0131\u015f m\u0259rasimind\u0259 i\u015ftirak edibl\u0259r. \u201cYeni d\u00fcnya v\u0259 yeni insan formala\u015fd\u0131raq: kreativlik v\u0259 insan inki\u015faf\u0131\u201d m\u00f6vzusunda ke\u00e7iril\u0259n VI Beyn\u0259lxalq Humanitar Foruma 86 \u00f6lk\u0259 v\u0259 24 beyn\u0259lxalq t\u0259\u015fkilatdan 580-d\u0259n \u00e7ox n\u00fcmay\u0259nd\u0259 qat\u0131l\u0131b. D\u00f6vl\u0259timizin ba\u015f\u00e7\u0131s\u0131 Forumun a\u00e7\u0131l\u0131\u015f\u0131nda nitq s\u00f6yl\u0259di. Sonra Rusiya Federasiyas\u0131 H\u00f6kum\u0259ti s\u0259drinin m\u00fcavini xan\u0131m Olqa Qolodets Prezident Vladimir Putinin Forum i\u015ftirak\u00e7\u0131lar\u0131na t\u0259brik m\u0259ktubunu oxudu. O, \u00e7\u0131x\u0131\u015f\u0131nda Forumun&hellip;<\/p>\n","protected":false},"author":2,"featured_media":21209,"comment_status":"closed","ping_status":"closed","sticky":false,"template":"","format":"standard","meta":{"om_disable_all_campaigns":false,"_monsterinsights_skip_tracking":false,"_monsterinsights_sitenote_active":false,"_monsterinsights_sitenote_note":"","_monsterinsights_sitenote_category":0},"categories":[8],"tags":[],"aioseo_notices":[],"gutentor_comment":0,"rttpg_featured_image_url":{"full":["https:\/\/arantv.az\/wp-content\/uploads\/2018\/10\/DSC_8389.jpg",2360,1196,false],"landscape":["https:\/\/arantv.az\/wp-content\/uploads\/2018\/10\/DSC_8389.jpg",2360,1196,false],"portraits":["https:\/\/arantv.az\/wp-content\/uploads\/2018\/10\/DSC_8389.jpg",2360,1196,false],"thumbnail":["https:\/\/arantv.az\/wp-content\/uploads\/2018\/10\/DSC_8389-150x150.jpg",150,150,true],"medium":["https:\/\/arantv.az\/wp-content\/uploads\/2018\/10\/DSC_8389-300x152.jpg",300,152,true],"large":["https:\/\/arantv.az\/wp-content\/uploads\/2018\/10\/DSC_8389-1024x519.jpg",640,324,true],"1536x1536":["https:\/\/arantv.az\/wp-content\/uploads\/2018\/10\/DSC_8389.jpg",1536,778,false],"2048x2048":["https:\/\/arantv.az\/wp-content\/uploads\/2018\/10\/DSC_8389.jpg",2048,1038,false],"post-thumbnail":["https:\/\/arantv.az\/wp-content\/uploads\/2018\/10\/DSC_8389-240x172.jpg",240,172,true],"advps-thumb-one":["https:\/\/arantv.az\/wp-content\/uploads\/2018\/10\/DSC_8389-1200x620.jpg",1200,620,true]},"rttpg_author":{"display_name":"V\u00fcsal Rafiqo\u011flu","author_link":"https:\/\/arantv.az\/?author=2"},"rttpg_comment":0,"rttpg_category":"<a href=\"https:\/\/arantv.az\/?cat=8\" rel=\"category\">\u018fsas s\u0259hif\u0259<\/a>","rttpg_excerpt":"ARANTV.AZ x\u0259b\u0259r verir ki, oktyabr\u0131n 25-d\u0259 Heyd\u0259r \u018fliyev M\u0259rk\u0259zind\u0259 VI Bak\u0131 Beyn\u0259lxalq Humanitar Forumu i\u015f\u0259 ba\u015flay\u0131b. Az\u0259rbaycan Respublikas\u0131n\u0131n Prezidenti \u0130lham \u018fliyev, birinci xan\u0131m Mehriban \u018fliyeva v\u0259 Heyd\u0259r \u018fliyev Fondunun vitse-prezidenti Leyla \u018fliyeva Forumun r\u0259smi a\u00e7\u0131l\u0131\u015f m\u0259rasimind\u0259 i\u015ftirak edibl\u0259r. \u201cYeni d\u00fcnya v\u0259 yeni insan formala\u015fd\u0131raq: kreativlik v\u0259 insan inki\u015faf\u0131\u201d m\u00f6vzusunda ke\u00e7iril\u0259n VI Beyn\u0259lxalq Humanitar Foruma 86&hellip;","_links":{"self":[{"href":"https:\/\/arantv.az\/index.php?rest_route=\/wp\/v2\/posts\/21208"}],"collection":[{"href":"https:\/\/arantv.az\/index.php?rest_route=\/wp\/v2\/posts"}],"about":[{"href":"https:\/\/arantv.az\/index.php?rest_route=\/wp\/v2\/types\/post"}],"author":[{"embeddable":true,"href":"https:\/\/arantv.az\/index.php?rest_route=\/wp\/v2\/users\/2"}],"replies":[{"embeddable":true,"href":"https:\/\/arantv.az\/index.php?rest_route=%2Fwp%2Fv2%2Fcomments&post=21208"}],"version-history":[{"count":0,"href":"https:\/\/arantv.az\/index.php?rest_route=\/wp\/v2\/posts\/21208\/revisions"}],"wp:featuredmedia":[{"embeddable":true,"href":"https:\/\/arantv.az\/index.php?rest_route=\/wp\/v2\/media\/21209"}],"wp:attachment":[{"href":"https:\/\/arantv.az\/index.php?rest_route=%2Fwp%2Fv2%2Fmedia&parent=21208"}],"wp:term":[{"taxonomy":"category","embeddable":true,"href":"https:\/\/arantv.az\/index.php?rest_route=%2Fwp%2Fv2%2Fcategories&post=21208"},{"taxonomy":"post_tag","embeddable":true,"href":"https:\/\/arantv.az\/index.php?rest_route=%2Fwp%2Fv2%2Ftags&post=21208"}],"curies":[{"name":"wp","href":"https:\/\/api.w.org\/{rel}","templated":true}]}}