{"id":21211,"date":"2018-10-25T13:19:33","date_gmt":"2018-10-25T10:19:33","guid":{"rendered":"http:\/\/arantv.az\/?p=21211"},"modified":"2018-10-25T13:19:33","modified_gmt":"2018-10-25T10:19:33","slug":"ilham-%c9%99liyev-bmt-bas-katibinin-muavini-il%c9%99-gorusub","status":"publish","type":"post","link":"https:\/\/arantv.az\/?p=21211","title":{"rendered":"\u0130lham \u018fliyev BMT ba\u015f katibinin m\u00fcavini il\u0259 g\u00f6r\u00fc\u015f\u00fcb"},"content":{"rendered":"<div class=\"news_social\"><\/div>\n<div class=\"news_paragraph-block\">\n<p class=\"\"><strong>ARANTV.AZ<\/strong> x\u0259b\u0259r verir ki, Az\u0259rbaycan Respublikas\u0131n\u0131n Prezidenti \u0130lham \u018fliyev oktyabr\u0131n 25-d\u0259 BMT ba\u015f katibinin m\u00fcavini R\u0259\u015fid Xalikov il\u0259 g\u00f6r\u00fc\u015f\u00fcb.<\/p>\n<p>BMT-nin ba\u015f katibi Antonio Quterre\u015fin salamlar\u0131n\u0131 v\u0259 xo\u015f arzular\u0131n\u0131 d\u00f6vl\u0259timizin ba\u015f\u00e7\u0131s\u0131 \u0130lham \u018fliyev\u0259 \u00e7atd\u0131ran R\u0259\u015fid Xalikov Bak\u0131 Humanitar Forumunun \u0259h\u0259miyy\u0259tind\u0259n b\u0259hs etdi, bu t\u0259dbirin beyn\u0259lxalq \u0259m\u0259kda\u015fl\u0131\u011fa m\u00fch\u00fcm t\u00f6hf\u0259l\u0259rind\u0259n dan\u0131\u015fd\u0131.<\/p>\n<p>Prezident \u0130lham \u018fliyev BMT ba\u015f katibinin m\u00fcavini R\u0259\u015fid Xalikovun Forumda i\u015ftirak\u0131na v\u0259 \u00e7\u0131x\u0131\u015f\u0131na g\u00f6r\u0259 minn\u0259tdarl\u0131\u011f\u0131n\u0131 bildirdi. D\u00f6vl\u0259timizin ba\u015f\u00e7\u0131s\u0131 \u0130lham \u018fliyev R\u0259\u015fid Xalikovun Forumda i\u015ftirak\u0131n\u0131n v\u0259 \u00e7\u0131x\u0131\u015f\u0131n\u0131n BMT-nin bu t\u0259dbir\u0259 b\u00f6y\u00fck \u00f6n\u0259m verm\u0259sinin g\u00f6st\u0259ricisi oldu\u011funu vur\u011fulad\u0131.<\/p>\n<p>Az\u0259rbaycan Prezidenti ba\u015f katib Antonio Quterre\u015f il\u0259 \u00f6t\u0259n il BMT Ba\u015f Assambleyas\u0131 \u00e7\u0259r\u00e7iv\u0259sind\u0259 g\u00f6r\u00fc\u015f\u00fcn\u00fc m\u0259mnunluqla xat\u0131rlad\u0131.<\/p>\n<p>D\u00f6vl\u0259timizin ba\u015f\u00e7\u0131s\u0131 BMT ba\u015f katibinin salamlar\u0131na g\u00f6r\u0259 minn\u0259tdarl\u0131\u011f\u0131n\u0131 bildirdi, onun da salamlar\u0131n\u0131n Antonio Quterre\u015f\u0259 \u00e7atd\u0131r\u0131lmas\u0131n\u0131 xahi\u015f etdi.<\/p>\n<p>G\u00f6r\u00fc\u015fd\u0259 Az\u0259rbaycan il\u0259 BMT aras\u0131nda u\u011furlu \u0259m\u0259kda\u015fl\u0131\u011f\u0131n h\u0259yata ke\u00e7irildiyi bildirildi, \u0259laq\u0259l\u0259rin perspektivl\u0259ri \u0259traf\u0131nda fikir m\u00fcbadil\u0259si apar\u0131ld\u0131.<\/p>\n<div class=\"fotorama--hidden\"><\/div>\n<div class=\"article-carousel fotorama fotorama1540462530907\" data-autoplay=\"true\" data-ratio=\"660\/430\" data-width=\"100%\">\n<div class=\"fotorama__wrap fotorama__wrap--css3 fotorama__wrap--slide fotorama__wrap--toggle-arrows fotorama__wrap--no-controls\">\n<div class=\"fotorama__stage\">\n<div class=\"fotorama__stage__shaft\">\n<div class=\"fotorama__stage__frame fotorama__loaded fotorama__loaded--img fotorama__active\"><img class=\"fotorama__img\" src=\"https:\/\/static.president.az\/media\/W1siZiIsIjIwMTgvMTAvMjUvOGhzeWEzOWo1cl8wMDFfMV8uanBnIl0sWyJwIiwidGh1bWIiLCIxMzQweDEwMjAiXV0?sha=884b7ebfde4f37b6\" \/><\/div>\n<\/div>\n<div class=\"fotorama__video-close\"><\/div>\n<\/div>\n<\/div>\n<\/div>\n<div class=\"link-to_block\"><\/div>\n<\/div>\n","protected":false},"excerpt":{"rendered":"<p>ARANTV.AZ x\u0259b\u0259r verir ki, Az\u0259rbaycan Respublikas\u0131n\u0131n Prezidenti \u0130lham \u018fliyev oktyabr\u0131n 25-d\u0259 BMT ba\u015f katibinin m\u00fcavini R\u0259\u015fid Xalikov il\u0259 g\u00f6r\u00fc\u015f\u00fcb. BMT-nin ba\u015f katibi Antonio Quterre\u015fin salamlar\u0131n\u0131 v\u0259 xo\u015f arzular\u0131n\u0131 d\u00f6vl\u0259timizin ba\u015f\u00e7\u0131s\u0131 \u0130lham \u018fliyev\u0259 \u00e7atd\u0131ran R\u0259\u015fid Xalikov Bak\u0131 Humanitar Forumunun \u0259h\u0259miyy\u0259tind\u0259n b\u0259hs etdi, bu t\u0259dbirin beyn\u0259lxalq \u0259m\u0259kda\u015fl\u0131\u011fa m\u00fch\u00fcm t\u00f6hf\u0259l\u0259rind\u0259n dan\u0131\u015fd\u0131. Prezident \u0130lham \u018fliyev BMT ba\u015f katibinin m\u00fcavini R\u0259\u015fid Xalikovun Forumda i\u015ftirak\u0131na v\u0259 \u00e7\u0131x\u0131\u015f\u0131na g\u00f6r\u0259 minn\u0259tdarl\u0131\u011f\u0131n\u0131 bildirdi. D\u00f6vl\u0259timizin ba\u015f\u00e7\u0131s\u0131 \u0130lham \u018fliyev R\u0259\u015fid Xalikovun Forumda i\u015ftirak\u0131n\u0131n v\u0259 \u00e7\u0131x\u0131\u015f\u0131n\u0131n BMT-nin bu t\u0259dbir\u0259 b\u00f6y\u00fck \u00f6n\u0259m verm\u0259sinin g\u00f6st\u0259ricisi oldu\u011funu vur\u011fulad\u0131. Az\u0259rbaycan Prezidenti ba\u015f katib Antonio Quterre\u015f il\u0259&hellip;<\/p>\n","protected":false},"author":2,"featured_media":21212,"comment_status":"closed","ping_status":"closed","sticky":false,"template":"","format":"standard","meta":{"om_disable_all_campaigns":false,"_monsterinsights_skip_tracking":false,"_monsterinsights_sitenote_active":false,"_monsterinsights_sitenote_note":"","_monsterinsights_sitenote_category":0},"categories":[8],"tags":[],"aioseo_notices":[],"gutentor_comment":0,"rttpg_featured_image_url":{"full":["https:\/\/arantv.az\/wp-content\/uploads\/2018\/10\/0011-1.jpg",2360,1196,false],"landscape":["https:\/\/arantv.az\/wp-content\/uploads\/2018\/10\/0011-1.jpg",2360,1196,false],"portraits":["https:\/\/arantv.az\/wp-content\/uploads\/2018\/10\/0011-1.jpg",2360,1196,false],"thumbnail":["https:\/\/arantv.az\/wp-content\/uploads\/2018\/10\/0011-1-150x150.jpg",150,150,true],"medium":["https:\/\/arantv.az\/wp-content\/uploads\/2018\/10\/0011-1-300x152.jpg",300,152,true],"large":["https:\/\/arantv.az\/wp-content\/uploads\/2018\/10\/0011-1-1024x519.jpg",640,324,true],"1536x1536":["https:\/\/arantv.az\/wp-content\/uploads\/2018\/10\/0011-1.jpg",1536,778,false],"2048x2048":["https:\/\/arantv.az\/wp-content\/uploads\/2018\/10\/0011-1.jpg",2048,1038,false],"post-thumbnail":["https:\/\/arantv.az\/wp-content\/uploads\/2018\/10\/0011-1-240x172.jpg",240,172,true],"advps-thumb-one":["https:\/\/arantv.az\/wp-content\/uploads\/2018\/10\/0011-1-1200x620.jpg",1200,620,true]},"rttpg_author":{"display_name":"V\u00fcsal Rafiqo\u011flu","author_link":"https:\/\/arantv.az\/?author=2"},"rttpg_comment":0,"rttpg_category":"<a href=\"https:\/\/arantv.az\/?cat=8\" rel=\"category\">\u018fsas s\u0259hif\u0259<\/a>","rttpg_excerpt":"ARANTV.AZ x\u0259b\u0259r verir ki, Az\u0259rbaycan Respublikas\u0131n\u0131n Prezidenti \u0130lham \u018fliyev oktyabr\u0131n 25-d\u0259 BMT ba\u015f katibinin m\u00fcavini R\u0259\u015fid Xalikov il\u0259 g\u00f6r\u00fc\u015f\u00fcb. BMT-nin ba\u015f katibi Antonio Quterre\u015fin salamlar\u0131n\u0131 v\u0259 xo\u015f arzular\u0131n\u0131 d\u00f6vl\u0259timizin ba\u015f\u00e7\u0131s\u0131 \u0130lham \u018fliyev\u0259 \u00e7atd\u0131ran R\u0259\u015fid Xalikov Bak\u0131 Humanitar Forumunun \u0259h\u0259miyy\u0259tind\u0259n b\u0259hs etdi, bu t\u0259dbirin beyn\u0259lxalq \u0259m\u0259kda\u015fl\u0131\u011fa m\u00fch\u00fcm t\u00f6hf\u0259l\u0259rind\u0259n dan\u0131\u015fd\u0131. Prezident \u0130lham \u018fliyev BMT ba\u015f katibinin m\u00fcavini&hellip;","_links":{"self":[{"href":"https:\/\/arantv.az\/index.php?rest_route=\/wp\/v2\/posts\/21211"}],"collection":[{"href":"https:\/\/arantv.az\/index.php?rest_route=\/wp\/v2\/posts"}],"about":[{"href":"https:\/\/arantv.az\/index.php?rest_route=\/wp\/v2\/types\/post"}],"author":[{"embeddable":true,"href":"https:\/\/arantv.az\/index.php?rest_route=\/wp\/v2\/users\/2"}],"replies":[{"embeddable":true,"href":"https:\/\/arantv.az\/index.php?rest_route=%2Fwp%2Fv2%2Fcomments&post=21211"}],"version-history":[{"count":0,"href":"https:\/\/arantv.az\/index.php?rest_route=\/wp\/v2\/posts\/21211\/revisions"}],"wp:featuredmedia":[{"embeddable":true,"href":"https:\/\/arantv.az\/index.php?rest_route=\/wp\/v2\/media\/21212"}],"wp:attachment":[{"href":"https:\/\/arantv.az\/index.php?rest_route=%2Fwp%2Fv2%2Fmedia&parent=21211"}],"wp:term":[{"taxonomy":"category","embeddable":true,"href":"https:\/\/arantv.az\/index.php?rest_route=%2Fwp%2Fv2%2Fcategories&post=21211"},{"taxonomy":"post_tag","embeddable":true,"href":"https:\/\/arantv.az\/index.php?rest_route=%2Fwp%2Fv2%2Ftags&post=21211"}],"curies":[{"name":"wp","href":"https:\/\/api.w.org\/{rel}","templated":true}]}}