{"id":21214,"date":"2018-10-25T13:22:12","date_gmt":"2018-10-25T10:22:12","guid":{"rendered":"http:\/\/arantv.az\/?p=21214"},"modified":"2018-10-25T13:22:12","modified_gmt":"2018-10-25T10:22:12","slug":"ilham-%c9%99liyev-moskva-dovl%c9%99t-beyn%c9%99lxalq-munasib%c9%99tl%c9%99r-institutunun-rektoru-il%c9%99-gorusub","status":"publish","type":"post","link":"https:\/\/arantv.az\/?p=21214","title":{"rendered":"\u0130lham \u018fliyev Moskva D\u00f6vl\u0259t Beyn\u0259lxalq M\u00fcnasib\u0259tl\u0259r \u0130nstitutunun rektoru il\u0259 g\u00f6r\u00fc\u015f\u00fcb"},"content":{"rendered":"<div class=\"news_social\"><\/div>\n<div class=\"news_paragraph-block\">\n<p class=\"\"><strong>ARANTV.AZ<\/strong> x\u0259b\u0259r verir ki, oktyabr\u0131n 25-d\u0259 Az\u0259rbaycan Respublikas\u0131n\u0131n Prezidenti \u0130lham \u018fliyev Moskva D\u00f6vl\u0259t Beyn\u0259lxalq M\u00fcnasib\u0259tl\u0259r \u0130nstitutunun rektoru Anatoli Torkunov il\u0259 g\u00f6r\u00fc\u015f\u00fcb.<\/p>\n<p>G\u00f6r\u00fc\u015fd\u0259 VI Bak\u0131 Beyn\u0259lxalq Humanitar Forumunun \u0259h\u0259miyy\u0259ti vur\u011fuland\u0131, bu t\u0259dbirin beyn\u0259lxalq \u0259m\u0259kda\u015fl\u0131\u011fa m\u00fch\u00fcm t\u00f6hf\u0259 verdiyi qeyd edildi.<\/p>\n<p>Prezident \u0130lham \u018fliyev Anatoli Torkunovun Forumda i\u015ftirak\u0131ndan m\u0259mnunlu\u011funu bildirdi.<\/p>\n<p>Rektor Anatoli Torkunov Forumun d\u00fcnyada humanitar \u0259laq\u0259l\u0259rin inki\u015faf\u0131na t\u00f6hf\u0259sini vur\u011fulayaraq \u00f6lk\u0259miz\u0259 xo\u015f duy\u011fularla g\u0259ldiyini v\u0259 bu m\u00f6t\u0259b\u0259r t\u0259dbird\u0259 i\u015ftirak etdiyini dedi.<\/p>\n<div class=\"fotorama--hidden\"><\/div>\n<div class=\"article-carousel fotorama fotorama1540462736999\" data-autoplay=\"true\" data-ratio=\"660\/430\" data-width=\"100%\">\n<div class=\"fotorama__wrap fotorama__wrap--css3 fotorama__wrap--slide fotorama__wrap--toggle-arrows fotorama__wrap--no-controls\">\n<div class=\"fotorama__stage\">\n<div class=\"fotorama__stage__shaft\">\n<div class=\"fotorama__stage__frame fotorama__loaded fotorama__loaded--img fotorama__active\"><img class=\"fotorama__img\" src=\"https:\/\/static.president.az\/media\/W1siZiIsIjIwMTgvMTAvMjUvMnVrNzZ2cHc0bl8wMDEuanBnIl0sWyJwIiwidGh1bWIiLCIxMzQweDEwMjAiXV0?sha=ff72ee34421d1e2c\" \/><\/div>\n<\/div>\n<div class=\"fotorama__video-close\"><\/div>\n<\/div>\n<\/div>\n<\/div>\n<div class=\"link-to_block\"><\/div>\n<\/div>\n","protected":false},"excerpt":{"rendered":"<p>ARANTV.AZ x\u0259b\u0259r verir ki, oktyabr\u0131n 25-d\u0259 Az\u0259rbaycan Respublikas\u0131n\u0131n Prezidenti \u0130lham \u018fliyev Moskva D\u00f6vl\u0259t Beyn\u0259lxalq M\u00fcnasib\u0259tl\u0259r \u0130nstitutunun rektoru Anatoli Torkunov il\u0259 g\u00f6r\u00fc\u015f\u00fcb. G\u00f6r\u00fc\u015fd\u0259 VI Bak\u0131 Beyn\u0259lxalq Humanitar Forumunun \u0259h\u0259miyy\u0259ti vur\u011fuland\u0131, bu t\u0259dbirin beyn\u0259lxalq \u0259m\u0259kda\u015fl\u0131\u011fa m\u00fch\u00fcm t\u00f6hf\u0259 verdiyi qeyd edildi. Prezident \u0130lham \u018fliyev Anatoli Torkunovun Forumda i\u015ftirak\u0131ndan m\u0259mnunlu\u011funu bildirdi. Rektor Anatoli Torkunov Forumun d\u00fcnyada humanitar \u0259laq\u0259l\u0259rin inki\u015faf\u0131na t\u00f6hf\u0259sini vur\u011fulayaraq \u00f6lk\u0259miz\u0259 xo\u015f duy\u011fularla g\u0259ldiyini v\u0259 bu m\u00f6t\u0259b\u0259r t\u0259dbird\u0259 i\u015ftirak etdiyini dedi.<\/p>\n","protected":false},"author":2,"featured_media":21215,"comment_status":"closed","ping_status":"closed","sticky":false,"template":"","format":"standard","meta":{"om_disable_all_campaigns":false,"_monsterinsights_skip_tracking":false,"_monsterinsights_sitenote_active":false,"_monsterinsights_sitenote_note":"","_monsterinsights_sitenote_category":0},"categories":[8],"tags":[],"aioseo_notices":[],"gutentor_comment":0,"rttpg_featured_image_url":{"full":["https:\/\/arantv.az\/wp-content\/uploads\/2018\/10\/001-2.jpg",2360,1196,false],"landscape":["https:\/\/arantv.az\/wp-content\/uploads\/2018\/10\/001-2.jpg",2360,1196,false],"portraits":["https:\/\/arantv.az\/wp-content\/uploads\/2018\/10\/001-2.jpg",2360,1196,false],"thumbnail":["https:\/\/arantv.az\/wp-content\/uploads\/2018\/10\/001-2-150x150.jpg",150,150,true],"medium":["https:\/\/arantv.az\/wp-content\/uploads\/2018\/10\/001-2-300x152.jpg",300,152,true],"large":["https:\/\/arantv.az\/wp-content\/uploads\/2018\/10\/001-2-1024x519.jpg",640,324,true],"1536x1536":["https:\/\/arantv.az\/wp-content\/uploads\/2018\/10\/001-2.jpg",1536,778,false],"2048x2048":["https:\/\/arantv.az\/wp-content\/uploads\/2018\/10\/001-2.jpg",2048,1038,false],"post-thumbnail":["https:\/\/arantv.az\/wp-content\/uploads\/2018\/10\/001-2-240x172.jpg",240,172,true],"advps-thumb-one":["https:\/\/arantv.az\/wp-content\/uploads\/2018\/10\/001-2-1200x620.jpg",1200,620,true]},"rttpg_author":{"display_name":"V\u00fcsal Rafiqo\u011flu","author_link":"https:\/\/arantv.az\/?author=2"},"rttpg_comment":0,"rttpg_category":"<a href=\"https:\/\/arantv.az\/?cat=8\" rel=\"category\">\u018fsas s\u0259hif\u0259<\/a>","rttpg_excerpt":"ARANTV.AZ x\u0259b\u0259r verir ki, oktyabr\u0131n 25-d\u0259 Az\u0259rbaycan Respublikas\u0131n\u0131n Prezidenti \u0130lham \u018fliyev Moskva D\u00f6vl\u0259t Beyn\u0259lxalq M\u00fcnasib\u0259tl\u0259r \u0130nstitutunun rektoru Anatoli Torkunov il\u0259 g\u00f6r\u00fc\u015f\u00fcb. G\u00f6r\u00fc\u015fd\u0259 VI Bak\u0131 Beyn\u0259lxalq Humanitar Forumunun \u0259h\u0259miyy\u0259ti vur\u011fuland\u0131, bu t\u0259dbirin beyn\u0259lxalq \u0259m\u0259kda\u015fl\u0131\u011fa m\u00fch\u00fcm t\u00f6hf\u0259 verdiyi qeyd edildi. Prezident \u0130lham \u018fliyev Anatoli Torkunovun Forumda i\u015ftirak\u0131ndan m\u0259mnunlu\u011funu bildirdi. Rektor Anatoli Torkunov Forumun d\u00fcnyada humanitar \u0259laq\u0259l\u0259rin inki\u015faf\u0131na&hellip;","_links":{"self":[{"href":"https:\/\/arantv.az\/index.php?rest_route=\/wp\/v2\/posts\/21214"}],"collection":[{"href":"https:\/\/arantv.az\/index.php?rest_route=\/wp\/v2\/posts"}],"about":[{"href":"https:\/\/arantv.az\/index.php?rest_route=\/wp\/v2\/types\/post"}],"author":[{"embeddable":true,"href":"https:\/\/arantv.az\/index.php?rest_route=\/wp\/v2\/users\/2"}],"replies":[{"embeddable":true,"href":"https:\/\/arantv.az\/index.php?rest_route=%2Fwp%2Fv2%2Fcomments&post=21214"}],"version-history":[{"count":0,"href":"https:\/\/arantv.az\/index.php?rest_route=\/wp\/v2\/posts\/21214\/revisions"}],"wp:featuredmedia":[{"embeddable":true,"href":"https:\/\/arantv.az\/index.php?rest_route=\/wp\/v2\/media\/21215"}],"wp:attachment":[{"href":"https:\/\/arantv.az\/index.php?rest_route=%2Fwp%2Fv2%2Fmedia&parent=21214"}],"wp:term":[{"taxonomy":"category","embeddable":true,"href":"https:\/\/arantv.az\/index.php?rest_route=%2Fwp%2Fv2%2Fcategories&post=21214"},{"taxonomy":"post_tag","embeddable":true,"href":"https:\/\/arantv.az\/index.php?rest_route=%2Fwp%2Fv2%2Ftags&post=21214"}],"curies":[{"name":"wp","href":"https:\/\/api.w.org\/{rel}","templated":true}]}}