{"id":21247,"date":"2018-10-25T14:15:00","date_gmt":"2018-10-25T11:15:00","guid":{"rendered":"http:\/\/arantv.az\/?p=21247"},"modified":"2018-10-25T14:15:00","modified_gmt":"2018-10-25T11:15:00","slug":"g%c9%99lin-%c9%99ri-v%c9%99-usaqlarini-atib-basqa-kisiy%c9%99-qacib-3-aydan-sonra-qayitdi-%c9%99ri-is%c9%99","status":"publish","type":"post","link":"https:\/\/arantv.az\/?p=21247","title":{"rendered":"G\u0259lin \u0259ri v\u0259 u\u015faqlar\u0131n\u0131 at\u0131b ba\u015fqa ki\u015fiy\u0259 qa\u00e7\u0131b, 3 aydan sonra qay\u0131td\u0131, \u0259ri is\u0259&#8230;"},"content":{"rendered":"<p>\u00d6t\u0259n il Ucar rayonunun Qarada\u011fl\u0131 k\u0259ndind\u0259 ba\u015fqas\u0131na qo\u015fularaq qa\u00e7an iki u\u015faq anas\u0131 yenid\u0259n ail\u0259sin\u0259 qay\u0131d\u0131b.<\/p>\n<p><b>ARANTV.AZ\u00a0<\/b> x\u0259b\u0259r verir ki, bu bar\u0259d\u0259 A24.az-a k\u0259nd sakinl\u0259ri m\u0259lumat verib. M\u0259lumatda bildirilir ki, iki azya\u015fl\u0131 u\u015fa\u011f\u0131n\u0131 at\u0131b, ba\u015fqa ki\u015fiy\u0259 qo\u015fularaq qa\u00e7an k\u0259nd sakini, 1991-ci il t\u0259v\u0259ll\u00fcdl\u00fc \u00c7inar\u0259 A\u011fayeva \u0259ri v\u0259 onun ail\u0259si il\u0259 bar\u0131\u015f\u0131b.<\/p>\n<div id=\"AdributorNativeVideo0\" class=\"AdributorNativeVideo\"><\/div>\n<p>M\u0259lumata g\u00f6r\u0259, qo\u015fulub qa\u00e7d\u0131\u011f\u0131 ki\u015fi il\u0259 bir ne\u00e7\u0259 ay ya\u015fayan \u00c7.A\u011fayeva haz\u0131rda Qarada\u011fl\u0131 k\u0259ndind\u0259 h\u0259yat yolda\u015f\u0131, 1993-c\u00fc il t\u0259v\u0259ll\u00fcdl\u00fc Ayaz A\u011fayevl\u0259 birlikd\u0259 ya\u015fay\u0131r.<\/p>\n<p>&#8220;\u00c7ox xo\u015fb\u0259xt ail\u0259dirl\u0259r. Q\u0131z ba\u015fqa ki\u015fiy\u0259 qo\u015fularaq qa\u00e7d\u0131. Bir ne\u00e7\u0259 aydan sonra is\u0259 qay\u0131d\u0131b evl\u0259rin\u0259 g\u0259ldi. Yolda\u015f\u0131 da onu q\u0259bul etdi. \u0130ndi he\u00e7 n\u0259 olmam\u0131\u015f kimi ya\u015fay\u0131rlar. \u0130ki u\u015faqlar\u0131 var. \u00d6vladlar\u0131 da m\u0259kt\u0259b\u0259 gedir. O g\u00fcnd\u0259n sonra ail\u0259l\u0259rind\u0259 he\u00e7 bir problem ya\u015fanmay\u0131b. Ayaz da f\u0259hl\u0259 i\u015fl\u0259yir. Ba\u015flar\u0131n\u0131 a\u015fa\u011f\u0131 sal\u0131b dolan\u0131rlar\u201d, \u2013 dey\u0259 k\u0259nd sakinl\u0259ri bildiribl\u0259r.<\/p>\n<p>Xat\u0131rladaq ki, \u00c7.A\u011fayeva ail\u0259 qurandan sonra tan\u0131\u015f oldu\u011fu ba\u015fqa ki\u015fi il\u0259 bir m\u00fcdd\u0259t sevgi m\u00fcnasib\u0259tind\u0259 olduqdan sonra 2017-ci ilin iyulunda iki azya\u015fl\u0131 \u00f6vlad\u0131n\u0131 v\u0259 h\u0259yat yolda\u015f\u0131n\u0131 ataraq ona qo\u015fulub qa\u00e7m\u0131\u015fd\u0131.<\/p>\n","protected":false},"excerpt":{"rendered":"<p>\u00d6t\u0259n il Ucar rayonunun Qarada\u011fl\u0131 k\u0259ndind\u0259 ba\u015fqas\u0131na qo\u015fularaq qa\u00e7an iki u\u015faq anas\u0131 yenid\u0259n ail\u0259sin\u0259 qay\u0131d\u0131b. ARANTV.AZ\u00a0 x\u0259b\u0259r verir ki, bu bar\u0259d\u0259 A24.az-a k\u0259nd sakinl\u0259ri m\u0259lumat verib. M\u0259lumatda bildirilir ki, iki azya\u015fl\u0131 u\u015fa\u011f\u0131n\u0131 at\u0131b, ba\u015fqa ki\u015fiy\u0259 qo\u015fularaq qa\u00e7an k\u0259nd sakini, 1991-ci il t\u0259v\u0259ll\u00fcdl\u00fc \u00c7inar\u0259 A\u011fayeva \u0259ri v\u0259 onun ail\u0259si il\u0259 bar\u0131\u015f\u0131b. M\u0259lumata g\u00f6r\u0259, qo\u015fulub qa\u00e7d\u0131\u011f\u0131 ki\u015fi il\u0259 bir ne\u00e7\u0259 ay ya\u015fayan \u00c7.A\u011fayeva haz\u0131rda Qarada\u011fl\u0131 k\u0259ndind\u0259 h\u0259yat yolda\u015f\u0131, 1993-c\u00fc il t\u0259v\u0259ll\u00fcdl\u00fc Ayaz A\u011fayevl\u0259 birlikd\u0259 ya\u015fay\u0131r. &#8220;\u00c7ox xo\u015fb\u0259xt ail\u0259dirl\u0259r. Q\u0131z ba\u015fqa ki\u015fiy\u0259 qo\u015fularaq qa\u00e7d\u0131. Bir ne\u00e7\u0259 aydan sonra is\u0259 qay\u0131d\u0131b evl\u0259rin\u0259 g\u0259ldi. Yolda\u015f\u0131&hellip;<\/p>\n","protected":false},"author":2,"featured_media":21248,"comment_status":"closed","ping_status":"closed","sticky":false,"template":"","format":"standard","meta":{"om_disable_all_campaigns":false,"_monsterinsights_skip_tracking":false,"_monsterinsights_sitenote_active":false,"_monsterinsights_sitenote_note":"","_monsterinsights_sitenote_category":0},"categories":[1],"tags":[],"aioseo_notices":[],"gutentor_comment":0,"rttpg_featured_image_url":{"full":["https:\/\/arantv.az\/wp-content\/uploads\/2018\/10\/5bd19d3606c61_ki.png",649,368,false],"landscape":["https:\/\/arantv.az\/wp-content\/uploads\/2018\/10\/5bd19d3606c61_ki.png",649,368,false],"portraits":["https:\/\/arantv.az\/wp-content\/uploads\/2018\/10\/5bd19d3606c61_ki.png",649,368,false],"thumbnail":["https:\/\/arantv.az\/wp-content\/uploads\/2018\/10\/5bd19d3606c61_ki-150x150.png",150,150,true],"medium":["https:\/\/arantv.az\/wp-content\/uploads\/2018\/10\/5bd19d3606c61_ki-300x170.png",300,170,true],"large":["https:\/\/arantv.az\/wp-content\/uploads\/2018\/10\/5bd19d3606c61_ki.png",640,363,false],"1536x1536":["https:\/\/arantv.az\/wp-content\/uploads\/2018\/10\/5bd19d3606c61_ki.png",649,368,false],"2048x2048":["https:\/\/arantv.az\/wp-content\/uploads\/2018\/10\/5bd19d3606c61_ki.png",649,368,false],"post-thumbnail":["https:\/\/arantv.az\/wp-content\/uploads\/2018\/10\/5bd19d3606c61_ki-240x172.png",240,172,true],"advps-thumb-one":["https:\/\/arantv.az\/wp-content\/uploads\/2018\/10\/5bd19d3606c61_ki.png",649,368,false]},"rttpg_author":{"display_name":"V\u00fcsal Rafiqo\u011flu","author_link":"https:\/\/arantv.az\/?author=2"},"rttpg_comment":0,"rttpg_category":"<a href=\"https:\/\/arantv.az\/?cat=1\" rel=\"category\">C\u0259miyy\u0259t<\/a>","rttpg_excerpt":"\u00d6t\u0259n il Ucar rayonunun Qarada\u011fl\u0131 k\u0259ndind\u0259 ba\u015fqas\u0131na qo\u015fularaq qa\u00e7an iki u\u015faq anas\u0131 yenid\u0259n ail\u0259sin\u0259 qay\u0131d\u0131b. ARANTV.AZ\u00a0 x\u0259b\u0259r verir ki, bu bar\u0259d\u0259 A24.az-a k\u0259nd sakinl\u0259ri m\u0259lumat verib. M\u0259lumatda bildirilir ki, iki azya\u015fl\u0131 u\u015fa\u011f\u0131n\u0131 at\u0131b, ba\u015fqa ki\u015fiy\u0259 qo\u015fularaq qa\u00e7an k\u0259nd sakini, 1991-ci il t\u0259v\u0259ll\u00fcdl\u00fc \u00c7inar\u0259 A\u011fayeva \u0259ri v\u0259 onun ail\u0259si il\u0259 bar\u0131\u015f\u0131b. M\u0259lumata g\u00f6r\u0259, qo\u015fulub qa\u00e7d\u0131\u011f\u0131 ki\u015fi&hellip;","_links":{"self":[{"href":"https:\/\/arantv.az\/index.php?rest_route=\/wp\/v2\/posts\/21247"}],"collection":[{"href":"https:\/\/arantv.az\/index.php?rest_route=\/wp\/v2\/posts"}],"about":[{"href":"https:\/\/arantv.az\/index.php?rest_route=\/wp\/v2\/types\/post"}],"author":[{"embeddable":true,"href":"https:\/\/arantv.az\/index.php?rest_route=\/wp\/v2\/users\/2"}],"replies":[{"embeddable":true,"href":"https:\/\/arantv.az\/index.php?rest_route=%2Fwp%2Fv2%2Fcomments&post=21247"}],"version-history":[{"count":0,"href":"https:\/\/arantv.az\/index.php?rest_route=\/wp\/v2\/posts\/21247\/revisions"}],"wp:featuredmedia":[{"embeddable":true,"href":"https:\/\/arantv.az\/index.php?rest_route=\/wp\/v2\/media\/21248"}],"wp:attachment":[{"href":"https:\/\/arantv.az\/index.php?rest_route=%2Fwp%2Fv2%2Fmedia&parent=21247"}],"wp:term":[{"taxonomy":"category","embeddable":true,"href":"https:\/\/arantv.az\/index.php?rest_route=%2Fwp%2Fv2%2Fcategories&post=21247"},{"taxonomy":"post_tag","embeddable":true,"href":"https:\/\/arantv.az\/index.php?rest_route=%2Fwp%2Fv2%2Ftags&post=21247"}],"curies":[{"name":"wp","href":"https:\/\/api.w.org\/{rel}","templated":true}]}}