{"id":21252,"date":"2018-10-25T15:02:51","date_gmt":"2018-10-25T12:02:51","guid":{"rendered":"http:\/\/arantv.az\/?p=21252"},"modified":"2018-10-25T15:02:51","modified_gmt":"2018-10-25T12:02:51","slug":"az%c9%99rbaycan-sloveniyaya-t%c9%99s%c9%99kkur-etdi","status":"publish","type":"post","link":"https:\/\/arantv.az\/?p=21252","title":{"rendered":"Az\u0259rbaycan Sloveniyaya t\u0259\u015f\u0259kk\u00fcr etdi"},"content":{"rendered":"<p>Az\u0259rbaycan xarici i\u015fl\u0259r naziri<strong>\u00a0Elmar M\u0259mm\u0259dyarov<\/strong>\u00a0VI Bak\u0131 Beyn\u0259lxalq Humanitar Forumu \u00e7\u0259r\u00e7iv\u0259sind\u0259 Sloveniya Respublikas\u0131 Milli \u015euras\u0131n\u0131n s\u0259dri\u00a0<strong>Aloyz Kov\u015fa\u00a0<\/strong>il\u0259 g\u00f6r\u00fc\u015f\u00fcb.<\/p>\n<p><strong>ARANTV.AZ<\/strong> x\u0259b\u0259r verir ki, g\u00f6r\u00fc\u015f zaman\u0131 t\u0259r\u0259fl\u0259r iki \u00f6lk\u0259 aras\u0131nda m\u00fcnasib\u0259tl\u0259rin cari s\u0259viyy\u0259sini y\u00fcks\u0259k qiym\u0259tl\u0259ndiribl\u0259r v\u0259 enerji, k\u0259nd t\u0259s\u0259rr\u00fcfat\u0131, turizm v\u0259 dig\u0259r sah\u0259l\u0259rd\u0259 \u0259m\u0259kda\u015fl\u0131q \u0259laq\u0259l\u0259rinin g\u00fccl\u0259ndirilm\u0259sinin z\u0259ruriliyini vur\u011fulay\u0131blar.<\/p>\n<p>E.M\u0259mm\u0259dyarov Sloveniya qanunverici orqan\u0131n\u0131n Erm\u0259nistan-Az\u0259rbaycan Da\u011fl\u0131q Qaraba\u011f m\u00fcnaqi\u015f\u0259sinin h\u0259lli il\u0259 ba\u011fl\u0131 s\u0259rgil\u0259diyi \u0259dal\u0259tli v\u0259 beyn\u0259lxalq h\u00fcququn norma v\u0259 prinsipl\u0259rin\u0259 \u0259saslanan m\u00f6vqeyin\u0259 v\u0259 Sloveniya Milli \u015eurasn\u0131n Xocal\u0131 soyq\u0131r\u0131m\u0131 il\u0259 ba\u011fl\u0131 q\u0259bul etdiyi q\u0259rara g\u00f6r\u0259 h\u0259ms\u00f6hb\u0259tin\u0259 \u00f6z t\u0259\u015f\u0259kk\u00fcr\u00fcn\u00fc bildirib.<\/p>\n<p>T\u0259r\u0259fl\u0259r Az\u0259rbaycan\u0131n t\u0259\u015f\u0259bb\u00fcs\u00fc il\u0259 h\u0259yata ke\u00e7iril\u0259n layih\u0259l\u0259r, x\u00fcsusil\u0259 C\u0259nub Qaz D\u0259hlizi \u00e7\u0259r\u00e7iv\u0259sind\u0259 \u0259m\u0259kda\u015fl\u0131q m\u0259s\u0259l\u0259l\u0259rini m\u00fczakir\u0259 edibl\u0259r.<\/p>\n<p>G\u00f6r\u00fc\u015f zaman\u0131 qar\u015f\u0131l\u0131ql\u0131 maraq do\u011furan m\u0259s\u0259l\u0259l\u0259r \u0259traf\u0131nda fikir m\u00fcbadil\u0259si apar\u0131l\u0131b.<\/p>\n<p>oxu.az<\/p>\n","protected":false},"excerpt":{"rendered":"<p>Az\u0259rbaycan xarici i\u015fl\u0259r naziri\u00a0Elmar M\u0259mm\u0259dyarov\u00a0VI Bak\u0131 Beyn\u0259lxalq Humanitar Forumu \u00e7\u0259r\u00e7iv\u0259sind\u0259 Sloveniya Respublikas\u0131 Milli \u015euras\u0131n\u0131n s\u0259dri\u00a0Aloyz Kov\u015fa\u00a0il\u0259 g\u00f6r\u00fc\u015f\u00fcb. ARANTV.AZ x\u0259b\u0259r verir ki, g\u00f6r\u00fc\u015f zaman\u0131 t\u0259r\u0259fl\u0259r iki \u00f6lk\u0259 aras\u0131nda m\u00fcnasib\u0259tl\u0259rin cari s\u0259viyy\u0259sini y\u00fcks\u0259k qiym\u0259tl\u0259ndiribl\u0259r v\u0259 enerji, k\u0259nd t\u0259s\u0259rr\u00fcfat\u0131, turizm v\u0259 dig\u0259r sah\u0259l\u0259rd\u0259 \u0259m\u0259kda\u015fl\u0131q \u0259laq\u0259l\u0259rinin g\u00fccl\u0259ndirilm\u0259sinin z\u0259ruriliyini vur\u011fulay\u0131blar. E.M\u0259mm\u0259dyarov Sloveniya qanunverici orqan\u0131n\u0131n Erm\u0259nistan-Az\u0259rbaycan Da\u011fl\u0131q Qaraba\u011f m\u00fcnaqi\u015f\u0259sinin h\u0259lli il\u0259 ba\u011fl\u0131 s\u0259rgil\u0259diyi \u0259dal\u0259tli v\u0259 beyn\u0259lxalq h\u00fcququn norma v\u0259 prinsipl\u0259rin\u0259 \u0259saslanan m\u00f6vqeyin\u0259 v\u0259 Sloveniya Milli \u015eurasn\u0131n Xocal\u0131 soyq\u0131r\u0131m\u0131 il\u0259 ba\u011fl\u0131 q\u0259bul etdiyi q\u0259rara g\u00f6r\u0259 h\u0259ms\u00f6hb\u0259tin\u0259 \u00f6z t\u0259\u015f\u0259kk\u00fcr\u00fcn\u00fc bildirib. T\u0259r\u0259fl\u0259r Az\u0259rbaycan\u0131n t\u0259\u015f\u0259bb\u00fcs\u00fc il\u0259 h\u0259yata ke\u00e7iril\u0259n layih\u0259l\u0259r, x\u00fcsusil\u0259&hellip;<\/p>\n","protected":false},"author":2,"featured_media":21253,"comment_status":"closed","ping_status":"closed","sticky":false,"template":"","format":"standard","meta":{"om_disable_all_campaigns":false,"_monsterinsights_skip_tracking":false,"_monsterinsights_sitenote_active":false,"_monsterinsights_sitenote_note":"","_monsterinsights_sitenote_category":0},"categories":[4],"tags":[],"aioseo_notices":[],"gutentor_comment":0,"rttpg_featured_image_url":{"full":["https:\/\/arantv.az\/wp-content\/uploads\/2018\/10\/xin-1.jpg",613,465,false],"landscape":["https:\/\/arantv.az\/wp-content\/uploads\/2018\/10\/xin-1.jpg",613,465,false],"portraits":["https:\/\/arantv.az\/wp-content\/uploads\/2018\/10\/xin-1.jpg",613,465,false],"thumbnail":["https:\/\/arantv.az\/wp-content\/uploads\/2018\/10\/xin-1-150x150.jpg",150,150,true],"medium":["https:\/\/arantv.az\/wp-content\/uploads\/2018\/10\/xin-1-300x228.jpg",300,228,true],"large":["https:\/\/arantv.az\/wp-content\/uploads\/2018\/10\/xin-1.jpg",613,465,false],"1536x1536":["https:\/\/arantv.az\/wp-content\/uploads\/2018\/10\/xin-1.jpg",613,465,false],"2048x2048":["https:\/\/arantv.az\/wp-content\/uploads\/2018\/10\/xin-1.jpg",613,465,false],"post-thumbnail":["https:\/\/arantv.az\/wp-content\/uploads\/2018\/10\/xin-1-240x172.jpg",240,172,true],"advps-thumb-one":["https:\/\/arantv.az\/wp-content\/uploads\/2018\/10\/xin-1.jpg",613,465,false]},"rttpg_author":{"display_name":"V\u00fcsal Rafiqo\u011flu","author_link":"https:\/\/arantv.az\/?author=2"},"rttpg_comment":0,"rttpg_category":"<a href=\"https:\/\/arantv.az\/?cat=4\" rel=\"category\">Siyas\u0259t<\/a>","rttpg_excerpt":"Az\u0259rbaycan xarici i\u015fl\u0259r naziri\u00a0Elmar M\u0259mm\u0259dyarov\u00a0VI Bak\u0131 Beyn\u0259lxalq Humanitar Forumu \u00e7\u0259r\u00e7iv\u0259sind\u0259 Sloveniya Respublikas\u0131 Milli \u015euras\u0131n\u0131n s\u0259dri\u00a0Aloyz Kov\u015fa\u00a0il\u0259 g\u00f6r\u00fc\u015f\u00fcb. ARANTV.AZ x\u0259b\u0259r verir ki, g\u00f6r\u00fc\u015f zaman\u0131 t\u0259r\u0259fl\u0259r iki \u00f6lk\u0259 aras\u0131nda m\u00fcnasib\u0259tl\u0259rin cari s\u0259viyy\u0259sini y\u00fcks\u0259k qiym\u0259tl\u0259ndiribl\u0259r v\u0259 enerji, k\u0259nd t\u0259s\u0259rr\u00fcfat\u0131, turizm v\u0259 dig\u0259r sah\u0259l\u0259rd\u0259 \u0259m\u0259kda\u015fl\u0131q \u0259laq\u0259l\u0259rinin g\u00fccl\u0259ndirilm\u0259sinin z\u0259ruriliyini vur\u011fulay\u0131blar. E.M\u0259mm\u0259dyarov Sloveniya qanunverici orqan\u0131n\u0131n Erm\u0259nistan-Az\u0259rbaycan Da\u011fl\u0131q Qaraba\u011f m\u00fcnaqi\u015f\u0259sinin h\u0259lli il\u0259&hellip;","_links":{"self":[{"href":"https:\/\/arantv.az\/index.php?rest_route=\/wp\/v2\/posts\/21252"}],"collection":[{"href":"https:\/\/arantv.az\/index.php?rest_route=\/wp\/v2\/posts"}],"about":[{"href":"https:\/\/arantv.az\/index.php?rest_route=\/wp\/v2\/types\/post"}],"author":[{"embeddable":true,"href":"https:\/\/arantv.az\/index.php?rest_route=\/wp\/v2\/users\/2"}],"replies":[{"embeddable":true,"href":"https:\/\/arantv.az\/index.php?rest_route=%2Fwp%2Fv2%2Fcomments&post=21252"}],"version-history":[{"count":0,"href":"https:\/\/arantv.az\/index.php?rest_route=\/wp\/v2\/posts\/21252\/revisions"}],"wp:featuredmedia":[{"embeddable":true,"href":"https:\/\/arantv.az\/index.php?rest_route=\/wp\/v2\/media\/21253"}],"wp:attachment":[{"href":"https:\/\/arantv.az\/index.php?rest_route=%2Fwp%2Fv2%2Fmedia&parent=21252"}],"wp:term":[{"taxonomy":"category","embeddable":true,"href":"https:\/\/arantv.az\/index.php?rest_route=%2Fwp%2Fv2%2Fcategories&post=21252"},{"taxonomy":"post_tag","embeddable":true,"href":"https:\/\/arantv.az\/index.php?rest_route=%2Fwp%2Fv2%2Ftags&post=21252"}],"curies":[{"name":"wp","href":"https:\/\/api.w.org\/{rel}","templated":true}]}}