{"id":21255,"date":"2018-10-25T15:04:16","date_gmt":"2018-10-25T12:04:16","guid":{"rendered":"http:\/\/arantv.az\/?p=21255"},"modified":"2018-10-25T15:04:16","modified_gmt":"2018-10-25T12:04:16","slug":"%c9%99li-%c9%99hm%c9%99dov-dunyada-qacqin-problemi-munaqis%c9%99l%c9%99r-aradan-qalxmalidir-ki-dayaniqli-inkisaf-m%c9%99qs%c9%99dl%c9%99rin%c9%99-nail-ola-bil%c9%99k","status":"publish","type":"post","link":"https:\/\/arantv.az\/?p=21255","title":{"rendered":"\u018fli \u018fhm\u0259dov: &#8220;D\u00fcnyada qa\u00e7q\u0131n problemi, m\u00fcnaqi\u015f\u0259l\u0259r aradan qalxmal\u0131d\u0131r ki, Dayan\u0131ql\u0131 \u0130nki\u015faf M\u0259qs\u0259dl\u0259rin\u0259 nail ola bil\u0259k&#8221;"},"content":{"rendered":"<p><strong>&#8220;Az\u0259rbaycan\u0131n bug\u00fcnk\u00fc m\u00f6ht\u0259\u015f\u0259m inki\u015faf\u0131na c\u0259mi 13-15 il \u0259rzind\u0259 nail olunub&#8221;.<\/strong><\/p>\n<p><strong>ARANTV.AZ<\/strong> trend-\u0259 istinad\u0259n x\u0259b\u0259r verir ki, bunu Az\u0259rbaycan Ba\u015f nazirinin m\u00fcavini, Dayan\u0131ql\u0131 \u0130nki\u015faf \u00fczr\u0259 Milli \u018flaq\u0259l\u0259ndirm\u0259 \u015euras\u0131n\u0131n s\u0259dri \u018fli \u018fhm\u0259dov Dayan\u0131ql\u0131 \u0130nki\u015fafa dair Bak\u0131 Forumunda deyib.<\/p>\n<p>\u018f.\u018fhm\u0259dov bildirib ki, Az\u0259rbaycan bu ill\u0259r \u0259rzind\u0259 \u00f6lk\u0259d\u0259 yoxsullu\u011fu 50 faizd\u0259n t\u0259xmin\u0259n 5 faiz\u0259 q\u0259d\u0259r endir\u0259 bilib, \u00f6k\u0259d\u0259 2 milyon i\u015f yeri a\u00e7\u0131l\u0131b. Ba\u015f nazirin m\u00fcavini vur\u011fulay\u0131b ki, Az\u0259rbaycanda d\u0259yi\u015f\u0259nl\u0259r t\u0259kc\u0259 statistikda \u0259ks olunmur, Az\u0259rbaycan\u0131n b\u00fct\u00fcn simas\u0131 d\u0259yi\u015fib. Bak\u0131 m\u00fcasir \u015f\u0259h\u0259r\u0259 \u00e7evrilib, Az\u0259rbaycan\u0131n b\u00fct\u00fcn regionlar\u0131 t\u0259xmin\u0259n bu simaya malikdir.<\/p>\n<p>Ba\u015f nazirin m\u00fcavini qeyd edib ki, Az\u0259rbaycanda 13-15 il \u0259rzind\u0259 \u0259ld\u0259 olunan nailiyy\u0259tl\u0259r BMT-nin 2030 Dayan\u0131ql\u0131 \u0130nki\u015faf M\u0259qs\u0259dl\u0259rin\u0259 nail olma\u011fa \u00fcmid yarad\u0131r.<\/p>\n<p>\u018f.\u018fhm\u0259dov qeyd edib ki, lakin b\u00fct\u00fcn d\u00fcnyan\u0131n liderl\u0259rinin \u00f6z siyasi irad\u0259sini ortaya qoymas\u0131 \u0259n vacib \u015f\u0259rtl\u0259rd\u0259n biridir.<\/p>\n<p>O vur\u011fulay\u0131b ki, d\u00fcnyada qa\u00e7q\u0131n v\u0259 m\u0259cburi k\u00f6\u00e7k\u00fcn probleml\u0259ri, m\u00fcnaqi\u015f\u0259l\u0259r aradan qalxmal\u0131d\u0131r ki, Dayan\u0131ql\u0131 \u0130nki\u015faf M\u0259qs\u0259dl\u0259rin\u0259 nail olmaq m\u00fcmk\u00fcn olsun. \u018f.\u018fhm\u0259dov vur\u011fulay\u0131b ki, Az\u0259rbaycan\u0131n 20 faiz \u0259razisi i\u015f\u011fal alt\u0131nda qalmaqdad\u0131r. H\u0259min \u0259razil\u0259rd\u0259n \u00f6lk\u0259miz istifad\u0259 ed\u0259 bilmir:<\/p>\n<p>&#8220;Beyn\u0259lxalq ictimaiyy\u0259t s\u0259yl\u0259rini s\u0259f\u0259rb\u0259r etm\u0259lidir ki, qa\u00e7q\u0131n v\u0259 m\u0259cburi k\u00f6\u00e7k\u00fcn problemi, haqs\u0131zl\u0131qlar, etnik t\u0259mizl\u0259m\u0259r aradan qalxs\u0131n v\u0259 bel\u0259likl\u0259, 2030-cu il\u0259 q\u0259d\u0259r d\u00fcnyan\u0131n simas\u0131n\u0131 d\u0259yi\u015fm\u0259k m\u00fcmk\u00fcn olsun&#8221;.<\/p>\n","protected":false},"excerpt":{"rendered":"<p>&#8220;Az\u0259rbaycan\u0131n bug\u00fcnk\u00fc m\u00f6ht\u0259\u015f\u0259m inki\u015faf\u0131na c\u0259mi 13-15 il \u0259rzind\u0259 nail olunub&#8221;. ARANTV.AZ trend-\u0259 istinad\u0259n x\u0259b\u0259r verir ki, bunu Az\u0259rbaycan Ba\u015f nazirinin m\u00fcavini, Dayan\u0131ql\u0131 \u0130nki\u015faf \u00fczr\u0259 Milli \u018flaq\u0259l\u0259ndirm\u0259 \u015euras\u0131n\u0131n s\u0259dri \u018fli \u018fhm\u0259dov Dayan\u0131ql\u0131 \u0130nki\u015fafa dair Bak\u0131 Forumunda deyib. \u018f.\u018fhm\u0259dov bildirib ki, Az\u0259rbaycan bu ill\u0259r \u0259rzind\u0259 \u00f6lk\u0259d\u0259 yoxsullu\u011fu 50 faizd\u0259n t\u0259xmin\u0259n 5 faiz\u0259 q\u0259d\u0259r endir\u0259 bilib, \u00f6k\u0259d\u0259 2 milyon i\u015f yeri a\u00e7\u0131l\u0131b. Ba\u015f nazirin m\u00fcavini vur\u011fulay\u0131b ki, Az\u0259rbaycanda d\u0259yi\u015f\u0259nl\u0259r t\u0259kc\u0259 statistikda \u0259ks olunmur, Az\u0259rbaycan\u0131n b\u00fct\u00fcn simas\u0131 d\u0259yi\u015fib. Bak\u0131 m\u00fcasir \u015f\u0259h\u0259r\u0259 \u00e7evrilib, Az\u0259rbaycan\u0131n b\u00fct\u00fcn regionlar\u0131 t\u0259xmin\u0259n bu simaya malikdir. Ba\u015f nazirin m\u00fcavini qeyd edib&hellip;<\/p>\n","protected":false},"author":2,"featured_media":21256,"comment_status":"closed","ping_status":"closed","sticky":false,"template":"","format":"standard","meta":{"om_disable_all_campaigns":false,"_monsterinsights_skip_tracking":false,"_monsterinsights_sitenote_active":false,"_monsterinsights_sitenote_note":"","_monsterinsights_sitenote_category":0},"categories":[4],"tags":[],"aioseo_notices":[],"gutentor_comment":0,"rttpg_featured_image_url":{"full":["https:\/\/arantv.az\/wp-content\/uploads\/2018\/10\/697775.jpg",800,600,false],"landscape":["https:\/\/arantv.az\/wp-content\/uploads\/2018\/10\/697775.jpg",800,600,false],"portraits":["https:\/\/arantv.az\/wp-content\/uploads\/2018\/10\/697775.jpg",800,600,false],"thumbnail":["https:\/\/arantv.az\/wp-content\/uploads\/2018\/10\/697775-150x150.jpg",150,150,true],"medium":["https:\/\/arantv.az\/wp-content\/uploads\/2018\/10\/697775-300x225.jpg",300,225,true],"large":["https:\/\/arantv.az\/wp-content\/uploads\/2018\/10\/697775.jpg",640,480,false],"1536x1536":["https:\/\/arantv.az\/wp-content\/uploads\/2018\/10\/697775.jpg",800,600,false],"2048x2048":["https:\/\/arantv.az\/wp-content\/uploads\/2018\/10\/697775.jpg",800,600,false],"post-thumbnail":["https:\/\/arantv.az\/wp-content\/uploads\/2018\/10\/697775-240x172.jpg",240,172,true],"advps-thumb-one":["https:\/\/arantv.az\/wp-content\/uploads\/2018\/10\/697775.jpg",800,600,false]},"rttpg_author":{"display_name":"V\u00fcsal Rafiqo\u011flu","author_link":"https:\/\/arantv.az\/?author=2"},"rttpg_comment":0,"rttpg_category":"<a href=\"https:\/\/arantv.az\/?cat=4\" rel=\"category\">Siyas\u0259t<\/a>","rttpg_excerpt":"&#8220;Az\u0259rbaycan\u0131n bug\u00fcnk\u00fc m\u00f6ht\u0259\u015f\u0259m inki\u015faf\u0131na c\u0259mi 13-15 il \u0259rzind\u0259 nail olunub&#8221;. ARANTV.AZ trend-\u0259 istinad\u0259n x\u0259b\u0259r verir ki, bunu Az\u0259rbaycan Ba\u015f nazirinin m\u00fcavini, Dayan\u0131ql\u0131 \u0130nki\u015faf \u00fczr\u0259 Milli \u018flaq\u0259l\u0259ndirm\u0259 \u015euras\u0131n\u0131n s\u0259dri \u018fli \u018fhm\u0259dov Dayan\u0131ql\u0131 \u0130nki\u015fafa dair Bak\u0131 Forumunda deyib. \u018f.\u018fhm\u0259dov bildirib ki, Az\u0259rbaycan bu ill\u0259r \u0259rzind\u0259 \u00f6lk\u0259d\u0259 yoxsullu\u011fu 50 faizd\u0259n t\u0259xmin\u0259n 5 faiz\u0259 q\u0259d\u0259r endir\u0259 bilib, \u00f6k\u0259d\u0259 2&hellip;","_links":{"self":[{"href":"https:\/\/arantv.az\/index.php?rest_route=\/wp\/v2\/posts\/21255"}],"collection":[{"href":"https:\/\/arantv.az\/index.php?rest_route=\/wp\/v2\/posts"}],"about":[{"href":"https:\/\/arantv.az\/index.php?rest_route=\/wp\/v2\/types\/post"}],"author":[{"embeddable":true,"href":"https:\/\/arantv.az\/index.php?rest_route=\/wp\/v2\/users\/2"}],"replies":[{"embeddable":true,"href":"https:\/\/arantv.az\/index.php?rest_route=%2Fwp%2Fv2%2Fcomments&post=21255"}],"version-history":[{"count":0,"href":"https:\/\/arantv.az\/index.php?rest_route=\/wp\/v2\/posts\/21255\/revisions"}],"wp:featuredmedia":[{"embeddable":true,"href":"https:\/\/arantv.az\/index.php?rest_route=\/wp\/v2\/media\/21256"}],"wp:attachment":[{"href":"https:\/\/arantv.az\/index.php?rest_route=%2Fwp%2Fv2%2Fmedia&parent=21255"}],"wp:term":[{"taxonomy":"category","embeddable":true,"href":"https:\/\/arantv.az\/index.php?rest_route=%2Fwp%2Fv2%2Fcategories&post=21255"},{"taxonomy":"post_tag","embeddable":true,"href":"https:\/\/arantv.az\/index.php?rest_route=%2Fwp%2Fv2%2Ftags&post=21255"}],"curies":[{"name":"wp","href":"https:\/\/api.w.org\/{rel}","templated":true}]}}