{"id":21258,"date":"2018-10-25T15:08:26","date_gmt":"2018-10-25T12:08:26","guid":{"rendered":"http:\/\/arantv.az\/?p=21258"},"modified":"2018-10-25T15:08:26","modified_gmt":"2018-10-25T12:08:26","slug":"builki-oktyabr-anomal-isti-kecir-bakida-v%c9%99-abseronda-oktyabrin-%c9%99n-isti-kecdiyi-dovr-1934-cu-il-olub","status":"publish","type":"post","link":"https:\/\/arantv.az\/?p=21258","title":{"rendered":"Builki oktyabr ANOMAL isti ke\u00e7ir &#8211; Bak\u0131da v\u0259 Ab\u015feronda oktyabr\u0131n \u0259n isti ke\u00e7diyi d\u00f6vr 1934-c\u00fc il olub"},"content":{"rendered":"<p><strong>&#8220;Az\u0259rbaycanda bu ilki oktyabr ay\u0131 anomal isti ke\u00e7ir. Lakin bu il t\u0259kc\u0259 Az\u0259rbaycanda deyil, bir \u00e7ox \u015e\u0259rqi Avropa \u00f6lk\u0259l\u0259rind\u0259 oktyabr ay\u0131 m\u00fclayim isti ke\u00e7ir&#8221;.<\/strong><\/p>\n<p><strong>ARANTV.AZ<\/strong>\u00a0 x\u0259b\u0259r verir ki, bunu \u00f6z\u0259l olaraq\u00a0 trend-\u0259 Ekologiya v\u0259 T\u0259bii S\u0259rv\u0259tl\u0259r Nazirliyinin Ekoloji maarifl\u0259ndirm\u0259 v\u0259 ictimaiyy\u0259tl\u0259 \u0259laq\u0259l\u0259r \u015f\u00f6b\u0259sinin m\u00fcdiri\u00a0<strong>Umayra Ta\u011f\u0131yeva<\/strong>\u00a0deyib.<\/p>\n<p>Onun s\u00f6zl\u0259rin\u0259 g\u00f6r\u0259, bu il Bak\u0131da v\u0259 Ab\u015feron yar\u0131madas\u0131nda oktyabr\u0131n I, II v\u0259 III ong\u00fcnl\u00fcy\u00fcn\u00fcn I yar\u0131s\u0131nda havan\u0131n orta temperaturu 19,1 d\u0259r\u0259c\u0259 isti olub. Bu da \u00e7oxillik iqlim normas\u0131ndan 3 d\u0259r\u0259c\u0259 y\u00fcks\u0259kdir.<\/p>\n<p>U.Ta\u011f\u0131yeva qeyd edib ki, havan\u0131n orta temperaturunun \u00e7oxillik iqlim normas\u0131ndan 3 d\u0259r\u0259c\u0259 y\u00fcks\u0259k olmas\u0131 anomal say\u0131lsa da, bu g\u00f6st\u0259rici rekord say\u0131lm\u0131r: &#8220;120 illik meteoroloji m\u00fc\u015fahid\u0259l\u0259r\u0259 \u0259sas\u0259n, Bak\u0131da v\u0259 Ab\u015feron yar\u0131madas\u0131nda oktyabr ay\u0131n\u0131n \u0259n isti ke\u00e7diyi d\u00f6vr 1934-c\u00fc il olub. H\u0259min ayda havan\u0131n orta ayl\u0131q temperaturu iqlim normas\u0131ndan 4,5 d\u0259r\u0259c\u0259 y\u00fcks\u0259k olub&#8221;.<\/p>\n<p>Son onillikl\u0259r\u0259 g\u0259ldikd\u0259, U.Ta\u011f\u0131yeva \u0259lav\u0259 edib ki, 2012-ci il \u0259rzind\u0259 b\u00fct\u00fcn oktyabr ay\u0131 \u0259rzind\u0259 havan\u0131n temperaturu iqlim normas\u0131ndan 3,1 d\u0259r\u0259c\u0259 y\u00fcks\u0259k olub.<\/p>\n","protected":false},"excerpt":{"rendered":"<p>&#8220;Az\u0259rbaycanda bu ilki oktyabr ay\u0131 anomal isti ke\u00e7ir. Lakin bu il t\u0259kc\u0259 Az\u0259rbaycanda deyil, bir \u00e7ox \u015e\u0259rqi Avropa \u00f6lk\u0259l\u0259rind\u0259 oktyabr ay\u0131 m\u00fclayim isti ke\u00e7ir&#8221;. ARANTV.AZ\u00a0 x\u0259b\u0259r verir ki, bunu \u00f6z\u0259l olaraq\u00a0 trend-\u0259 Ekologiya v\u0259 T\u0259bii S\u0259rv\u0259tl\u0259r Nazirliyinin Ekoloji maarifl\u0259ndirm\u0259 v\u0259 ictimaiyy\u0259tl\u0259 \u0259laq\u0259l\u0259r \u015f\u00f6b\u0259sinin m\u00fcdiri\u00a0Umayra Ta\u011f\u0131yeva\u00a0deyib. Onun s\u00f6zl\u0259rin\u0259 g\u00f6r\u0259, bu il Bak\u0131da v\u0259 Ab\u015feron yar\u0131madas\u0131nda oktyabr\u0131n I, II v\u0259 III ong\u00fcnl\u00fcy\u00fcn\u00fcn I yar\u0131s\u0131nda havan\u0131n orta temperaturu 19,1 d\u0259r\u0259c\u0259 isti olub. Bu da \u00e7oxillik iqlim normas\u0131ndan 3 d\u0259r\u0259c\u0259 y\u00fcks\u0259kdir. U.Ta\u011f\u0131yeva qeyd edib ki, havan\u0131n orta temperaturunun \u00e7oxillik iqlim normas\u0131ndan 3 d\u0259r\u0259c\u0259 y\u00fcks\u0259k&hellip;<\/p>\n","protected":false},"author":2,"featured_media":21259,"comment_status":"closed","ping_status":"closed","sticky":false,"template":"","format":"standard","meta":{"om_disable_all_campaigns":false,"_monsterinsights_skip_tracking":false,"_monsterinsights_sitenote_active":false,"_monsterinsights_sitenote_note":"","_monsterinsights_sitenote_category":0},"categories":[1],"tags":[],"aioseo_notices":[],"gutentor_comment":0,"rttpg_featured_image_url":{"full":["https:\/\/arantv.az\/wp-content\/uploads\/2018\/10\/697769.jpg",800,600,false],"landscape":["https:\/\/arantv.az\/wp-content\/uploads\/2018\/10\/697769.jpg",800,600,false],"portraits":["https:\/\/arantv.az\/wp-content\/uploads\/2018\/10\/697769.jpg",800,600,false],"thumbnail":["https:\/\/arantv.az\/wp-content\/uploads\/2018\/10\/697769-150x150.jpg",150,150,true],"medium":["https:\/\/arantv.az\/wp-content\/uploads\/2018\/10\/697769-300x225.jpg",300,225,true],"large":["https:\/\/arantv.az\/wp-content\/uploads\/2018\/10\/697769.jpg",640,480,false],"1536x1536":["https:\/\/arantv.az\/wp-content\/uploads\/2018\/10\/697769.jpg",800,600,false],"2048x2048":["https:\/\/arantv.az\/wp-content\/uploads\/2018\/10\/697769.jpg",800,600,false],"post-thumbnail":["https:\/\/arantv.az\/wp-content\/uploads\/2018\/10\/697769-240x172.jpg",240,172,true],"advps-thumb-one":["https:\/\/arantv.az\/wp-content\/uploads\/2018\/10\/697769.jpg",800,600,false]},"rttpg_author":{"display_name":"V\u00fcsal Rafiqo\u011flu","author_link":"https:\/\/arantv.az\/?author=2"},"rttpg_comment":0,"rttpg_category":"<a href=\"https:\/\/arantv.az\/?cat=1\" rel=\"category\">C\u0259miyy\u0259t<\/a>","rttpg_excerpt":"&#8220;Az\u0259rbaycanda bu ilki oktyabr ay\u0131 anomal isti ke\u00e7ir. Lakin bu il t\u0259kc\u0259 Az\u0259rbaycanda deyil, bir \u00e7ox \u015e\u0259rqi Avropa \u00f6lk\u0259l\u0259rind\u0259 oktyabr ay\u0131 m\u00fclayim isti ke\u00e7ir&#8221;. ARANTV.AZ\u00a0 x\u0259b\u0259r verir ki, bunu \u00f6z\u0259l olaraq\u00a0 trend-\u0259 Ekologiya v\u0259 T\u0259bii S\u0259rv\u0259tl\u0259r Nazirliyinin Ekoloji maarifl\u0259ndirm\u0259 v\u0259 ictimaiyy\u0259tl\u0259 \u0259laq\u0259l\u0259r \u015f\u00f6b\u0259sinin m\u00fcdiri\u00a0Umayra Ta\u011f\u0131yeva\u00a0deyib. Onun s\u00f6zl\u0259rin\u0259 g\u00f6r\u0259, bu il Bak\u0131da v\u0259 Ab\u015feron yar\u0131madas\u0131nda oktyabr\u0131n&hellip;","_links":{"self":[{"href":"https:\/\/arantv.az\/index.php?rest_route=\/wp\/v2\/posts\/21258"}],"collection":[{"href":"https:\/\/arantv.az\/index.php?rest_route=\/wp\/v2\/posts"}],"about":[{"href":"https:\/\/arantv.az\/index.php?rest_route=\/wp\/v2\/types\/post"}],"author":[{"embeddable":true,"href":"https:\/\/arantv.az\/index.php?rest_route=\/wp\/v2\/users\/2"}],"replies":[{"embeddable":true,"href":"https:\/\/arantv.az\/index.php?rest_route=%2Fwp%2Fv2%2Fcomments&post=21258"}],"version-history":[{"count":0,"href":"https:\/\/arantv.az\/index.php?rest_route=\/wp\/v2\/posts\/21258\/revisions"}],"wp:featuredmedia":[{"embeddable":true,"href":"https:\/\/arantv.az\/index.php?rest_route=\/wp\/v2\/media\/21259"}],"wp:attachment":[{"href":"https:\/\/arantv.az\/index.php?rest_route=%2Fwp%2Fv2%2Fmedia&parent=21258"}],"wp:term":[{"taxonomy":"category","embeddable":true,"href":"https:\/\/arantv.az\/index.php?rest_route=%2Fwp%2Fv2%2Fcategories&post=21258"},{"taxonomy":"post_tag","embeddable":true,"href":"https:\/\/arantv.az\/index.php?rest_route=%2Fwp%2Fv2%2Ftags&post=21258"}],"curies":[{"name":"wp","href":"https:\/\/api.w.org\/{rel}","templated":true}]}}