{"id":21262,"date":"2018-10-25T15:09:38","date_gmt":"2018-10-25T12:09:38","guid":{"rendered":"http:\/\/arantv.az\/?p=21262"},"modified":"2018-10-25T15:09:38","modified_gmt":"2018-10-25T12:09:38","slug":"vi-baki-beyn%c9%99lxalq-humanitar-forumu-isini-plenar-sessiyalarla-davam-etdirir","status":"publish","type":"post","link":"https:\/\/arantv.az\/?p=21262","title":{"rendered":"VI Bak\u0131 Beyn\u0259lxalq Humanitar Forumu i\u015fini plenar sessiyalarla davam etdirir"},"content":{"rendered":"<p><strong>ARANTV.AZ<\/strong> x\u0259b\u0259r verir ki, oktyabr\u0131n 25-d\u0259 Heyd\u0259r \u018fliyev M\u0259rk\u0259zind\u0259 \u201cYeni d\u00fcnya v\u0259 yeni insan formala\u015fd\u0131raq: kreativlik v\u0259 insan inki\u015faf\u0131\u201d m\u00f6vzusunda VI Bak\u0131 Beyn\u0259lxalq Humanitar Forumu a\u00e7\u0131l\u0131\u015f m\u0259rasimind\u0259n sonra i\u015fini plenar sessiyalarla davam etdirir.<\/p>\n<p>\u201cT\u0259hsil v\u0259 elm insan kapital\u0131n\u0131n inki\u015faf\u0131 kontekstind\u0259\u201d m\u00f6vzusunda birinci plenar sessiyaya Az\u0259rbaycan Respublikas\u0131n\u0131n Prezidenti yan\u0131nda D\u00f6vl\u0259t \u0130dar\u0259\u00e7ilik Akademiyas\u0131n\u0131n rektoru akademik Urxan \u018fl\u0259kb\u0259rov moderatorluq edib.<\/p>\n<p>Plenar sessiyada \u0259n yax\u015f\u0131 t\u0259hsil sisteml\u0259rinin m\u00fcxt\u0259lif zamanlar \u00fc\u00e7\u00fcn haz\u0131rland\u0131\u011f\u0131 n\u0259z\u0259r\u0259 al\u0131nmaqla pedaqogikada m\u00fcasir d\u00f6vr \u00fc\u00e7\u00fcn z\u0259ruri olan d\u0259yi\u015fiklikl\u0259ri s\u00fcr\u0259tl\u0259ndirm\u0259k, \u0259m\u0259k bazar\u0131nda i\u015f tapmaq m\u0259qs\u0259dil\u0259 daha haz\u0131rl\u0131ql\u0131 olma\u011fa k\u00f6m\u0259k ed\u0259 bil\u0259c\u0259k i\u015fl\u0259ri nec\u0259 proqnozla\u015fd\u0131rmaq, t\u0259hsili s\u00fclh namin\u0259 nec\u0259 s\u0259f\u0259rb\u0259r etm\u0259k, m\u00fcst\u0259qil \u00f6yr\u0259nm\u0259nin v\u0259 \u00f6m\u00fcrboyu \u00f6yr\u0259nm\u0259nin n\u0259 \u00fc\u00e7\u00fcn h\u0259l\u0259 d\u0259 az m\u00fcraci\u0259t olunan f\u0259aliyy\u0259t hesab olunmas\u0131 v\u0259 dig\u0259r m\u0259s\u0259l\u0259l\u0259r m\u00fczakir\u0259 edilib.<\/p>\n","protected":false},"excerpt":{"rendered":"<p>ARANTV.AZ x\u0259b\u0259r verir ki, oktyabr\u0131n 25-d\u0259 Heyd\u0259r \u018fliyev M\u0259rk\u0259zind\u0259 \u201cYeni d\u00fcnya v\u0259 yeni insan formala\u015fd\u0131raq: kreativlik v\u0259 insan inki\u015faf\u0131\u201d m\u00f6vzusunda VI Bak\u0131 Beyn\u0259lxalq Humanitar Forumu a\u00e7\u0131l\u0131\u015f m\u0259rasimind\u0259n sonra i\u015fini plenar sessiyalarla davam etdirir. \u201cT\u0259hsil v\u0259 elm insan kapital\u0131n\u0131n inki\u015faf\u0131 kontekstind\u0259\u201d m\u00f6vzusunda birinci plenar sessiyaya Az\u0259rbaycan Respublikas\u0131n\u0131n Prezidenti yan\u0131nda D\u00f6vl\u0259t \u0130dar\u0259\u00e7ilik Akademiyas\u0131n\u0131n rektoru akademik Urxan \u018fl\u0259kb\u0259rov moderatorluq edib. Plenar sessiyada \u0259n yax\u015f\u0131 t\u0259hsil sisteml\u0259rinin m\u00fcxt\u0259lif zamanlar \u00fc\u00e7\u00fcn haz\u0131rland\u0131\u011f\u0131 n\u0259z\u0259r\u0259 al\u0131nmaqla pedaqogikada m\u00fcasir d\u00f6vr \u00fc\u00e7\u00fcn z\u0259ruri olan d\u0259yi\u015fiklikl\u0259ri s\u00fcr\u0259tl\u0259ndirm\u0259k, \u0259m\u0259k bazar\u0131nda i\u015f tapmaq m\u0259qs\u0259dil\u0259 daha haz\u0131rl\u0131ql\u0131 olma\u011fa k\u00f6m\u0259k ed\u0259 bil\u0259c\u0259k i\u015fl\u0259ri nec\u0259&hellip;<\/p>\n","protected":false},"author":2,"featured_media":21263,"comment_status":"closed","ping_status":"closed","sticky":false,"template":"","format":"standard","meta":{"om_disable_all_campaigns":false,"_monsterinsights_skip_tracking":false,"_monsterinsights_sitenote_active":false,"_monsterinsights_sitenote_note":"","_monsterinsights_sitenote_category":0},"categories":[4],"tags":[],"aioseo_notices":[],"gutentor_comment":0,"rttpg_featured_image_url":{"full":["https:\/\/arantv.az\/wp-content\/uploads\/2018\/10\/e5jvlb7q1g59vs0ojhkfi31q43forum.jpg",1000,528,false],"landscape":["https:\/\/arantv.az\/wp-content\/uploads\/2018\/10\/e5jvlb7q1g59vs0ojhkfi31q43forum.jpg",1000,528,false],"portraits":["https:\/\/arantv.az\/wp-content\/uploads\/2018\/10\/e5jvlb7q1g59vs0ojhkfi31q43forum.jpg",1000,528,false],"thumbnail":["https:\/\/arantv.az\/wp-content\/uploads\/2018\/10\/e5jvlb7q1g59vs0ojhkfi31q43forum-150x150.jpg",150,150,true],"medium":["https:\/\/arantv.az\/wp-content\/uploads\/2018\/10\/e5jvlb7q1g59vs0ojhkfi31q43forum-300x158.jpg",300,158,true],"large":["https:\/\/arantv.az\/wp-content\/uploads\/2018\/10\/e5jvlb7q1g59vs0ojhkfi31q43forum.jpg",640,338,false],"1536x1536":["https:\/\/arantv.az\/wp-content\/uploads\/2018\/10\/e5jvlb7q1g59vs0ojhkfi31q43forum.jpg",1000,528,false],"2048x2048":["https:\/\/arantv.az\/wp-content\/uploads\/2018\/10\/e5jvlb7q1g59vs0ojhkfi31q43forum.jpg",1000,528,false],"post-thumbnail":["https:\/\/arantv.az\/wp-content\/uploads\/2018\/10\/e5jvlb7q1g59vs0ojhkfi31q43forum-240x172.jpg",240,172,true],"advps-thumb-one":["https:\/\/arantv.az\/wp-content\/uploads\/2018\/10\/e5jvlb7q1g59vs0ojhkfi31q43forum.jpg",1000,528,false]},"rttpg_author":{"display_name":"V\u00fcsal Rafiqo\u011flu","author_link":"https:\/\/arantv.az\/?author=2"},"rttpg_comment":0,"rttpg_category":"<a href=\"https:\/\/arantv.az\/?cat=4\" rel=\"category\">Siyas\u0259t<\/a>","rttpg_excerpt":"ARANTV.AZ x\u0259b\u0259r verir ki, oktyabr\u0131n 25-d\u0259 Heyd\u0259r \u018fliyev M\u0259rk\u0259zind\u0259 \u201cYeni d\u00fcnya v\u0259 yeni insan formala\u015fd\u0131raq: kreativlik v\u0259 insan inki\u015faf\u0131\u201d m\u00f6vzusunda VI Bak\u0131 Beyn\u0259lxalq Humanitar Forumu a\u00e7\u0131l\u0131\u015f m\u0259rasimind\u0259n sonra i\u015fini plenar sessiyalarla davam etdirir. \u201cT\u0259hsil v\u0259 elm insan kapital\u0131n\u0131n inki\u015faf\u0131 kontekstind\u0259\u201d m\u00f6vzusunda birinci plenar sessiyaya Az\u0259rbaycan Respublikas\u0131n\u0131n Prezidenti yan\u0131nda D\u00f6vl\u0259t \u0130dar\u0259\u00e7ilik Akademiyas\u0131n\u0131n rektoru akademik Urxan \u018fl\u0259kb\u0259rov&hellip;","_links":{"self":[{"href":"https:\/\/arantv.az\/index.php?rest_route=\/wp\/v2\/posts\/21262"}],"collection":[{"href":"https:\/\/arantv.az\/index.php?rest_route=\/wp\/v2\/posts"}],"about":[{"href":"https:\/\/arantv.az\/index.php?rest_route=\/wp\/v2\/types\/post"}],"author":[{"embeddable":true,"href":"https:\/\/arantv.az\/index.php?rest_route=\/wp\/v2\/users\/2"}],"replies":[{"embeddable":true,"href":"https:\/\/arantv.az\/index.php?rest_route=%2Fwp%2Fv2%2Fcomments&post=21262"}],"version-history":[{"count":0,"href":"https:\/\/arantv.az\/index.php?rest_route=\/wp\/v2\/posts\/21262\/revisions"}],"wp:featuredmedia":[{"embeddable":true,"href":"https:\/\/arantv.az\/index.php?rest_route=\/wp\/v2\/media\/21263"}],"wp:attachment":[{"href":"https:\/\/arantv.az\/index.php?rest_route=%2Fwp%2Fv2%2Fmedia&parent=21262"}],"wp:term":[{"taxonomy":"category","embeddable":true,"href":"https:\/\/arantv.az\/index.php?rest_route=%2Fwp%2Fv2%2Fcategories&post=21262"},{"taxonomy":"post_tag","embeddable":true,"href":"https:\/\/arantv.az\/index.php?rest_route=%2Fwp%2Fv2%2Ftags&post=21262"}],"curies":[{"name":"wp","href":"https:\/\/api.w.org\/{rel}","templated":true}]}}