{"id":21274,"date":"2018-10-25T15:28:20","date_gmt":"2018-10-25T12:28:20","guid":{"rendered":"http:\/\/arantv.az\/?p=21274"},"modified":"2018-10-25T15:28:20","modified_gmt":"2018-10-25T12:28:20","slug":"gul%c9%99scimiz-dunya-cempionatinda-erm%c9%99nini-m%c9%99glub-etdi-video","status":"publish","type":"post","link":"https:\/\/arantv.az\/?p=21274","title":{"rendered":"G\u00fcl\u0259\u015f\u00e7imiz d\u00fcnya \u00e7empionat\u0131nda erm\u0259nini m\u0259\u011flub etdi &#8211; V\u0130DEO"},"content":{"rendered":"<p>Macar\u0131stan\u0131n paytaxt\u0131 Budape\u015ftd\u0259 ke\u00e7iril\u0259n g\u00fcl\u0259\u015f \u00fczr\u0259 d\u00fcnya \u00e7empionat\u0131 davam edir.<\/p>\n<p><b>ARANTV.AZ\u00a0<\/b>x\u0259b\u0259r verir ki, yar\u0131\u015f\u0131n alt\u0131nc\u0131 g\u00fcn\u00fcnd\u0259 d\u00f6rd \u00e7\u0259kid\u0259 yunan-Roma g\u00fcl\u0259\u015f\u00e7il\u0259rinin m\u00fcbariz\u0259sin\u0259 start verilib.<\/p>\n<p>Avropa \u00e7empionu\u00a0<strong>Eld\u0259niz \u018fzizli<\/strong>\u00a0(55 kq) ilk m\u0259rh\u0259l\u0259d\u0259 macar r\u0259qibini c\u0259mi bir d\u0259qiq\u0259y\u0259 m\u0259\u011flub edib. 1\/8 finalda o, \u00e7inli idman\u00e7\u0131 il\u0259 qar\u015f\u0131la\u015facaq.<\/p>\n<div id=\"AdributorNativeVideo0\" class=\"AdributorNativeVideo\"><\/div>\n<p><strong>Taleh M\u0259mm\u0259dov<\/strong>\u00a0(63 kq) t\u0259snifat m\u0259rh\u0259l\u0259sind\u0259 \u00e7\u0259tinlikl\u0259 d\u0259 olsa, norve\u00e7li h\u0259mkar\u0131n\u0131 \u00fcst\u0259l\u0259yib. Taleh 1\/8 finalda erm\u0259ni h\u0259mkar\u0131 Slavik Qaltsyandan g\u00fccl\u00fc olub \u2013 3:1.<\/p>\n<p>D\u00fcnya \u00e7empionu\u00a0<strong>R\u0259sul \u00c7unayev<\/strong>\u00a0(72 kq) m\u00fcbariz\u0259y\u0259 1\/8 finaldan qo\u015fulub v\u0259 yapon r\u0259qibin\u0259 qalib g\u0259lib. O, 1\/4 finalda da qalib g\u0259l\u0259r\u0259k yar\u0131mfinala v\u0259siq\u0259 qazan\u0131b.<\/p>\n<p><strong>Rafiq H\u00fcseynov<\/strong>\u00a0(82 kq) da yar\u0131\u015fa 1\/8 finaldan ba\u015flay\u0131b v\u0259 bolqar g\u00fcl\u0259\u015f\u00e7i il\u0259 g\u0259rgin ke\u00e7\u0259n g\u00f6r\u00fc\u015fd\u0259 \u0259zmkar q\u0259l\u0259b\u0259y\u0259 sevinib. Hesabda 0:3 gerid\u0259 olsa da, yekun n\u0259tic\u0259 H\u00fcseynovun xeyrin\u0259 olub.<\/p>\n<div><iframe loading=\"lazy\" src=\"https:\/\/player.baku.tv\/embed\/4654\" width=\"560\" height=\"315\" frameborder=\"0\" allowfullscreen=\"allowfullscreen\" data-mce-fragment=\"1\"><\/iframe><\/div>\n<p><b>oxu.az<\/b><\/p>\n","protected":false},"excerpt":{"rendered":"<p>Macar\u0131stan\u0131n paytaxt\u0131 Budape\u015ftd\u0259 ke\u00e7iril\u0259n g\u00fcl\u0259\u015f \u00fczr\u0259 d\u00fcnya \u00e7empionat\u0131 davam edir. ARANTV.AZ\u00a0x\u0259b\u0259r verir ki, yar\u0131\u015f\u0131n alt\u0131nc\u0131 g\u00fcn\u00fcnd\u0259 d\u00f6rd \u00e7\u0259kid\u0259 yunan-Roma g\u00fcl\u0259\u015f\u00e7il\u0259rinin m\u00fcbariz\u0259sin\u0259 start verilib. Avropa \u00e7empionu\u00a0Eld\u0259niz \u018fzizli\u00a0(55 kq) ilk m\u0259rh\u0259l\u0259d\u0259 macar r\u0259qibini c\u0259mi bir d\u0259qiq\u0259y\u0259 m\u0259\u011flub edib. 1\/8 finalda o, \u00e7inli idman\u00e7\u0131 il\u0259 qar\u015f\u0131la\u015facaq. Taleh M\u0259mm\u0259dov\u00a0(63 kq) t\u0259snifat m\u0259rh\u0259l\u0259sind\u0259 \u00e7\u0259tinlikl\u0259 d\u0259 olsa, norve\u00e7li h\u0259mkar\u0131n\u0131 \u00fcst\u0259l\u0259yib. Taleh 1\/8 finalda erm\u0259ni h\u0259mkar\u0131 Slavik Qaltsyandan g\u00fccl\u00fc olub \u2013 3:1. D\u00fcnya \u00e7empionu\u00a0R\u0259sul \u00c7unayev\u00a0(72 kq) m\u00fcbariz\u0259y\u0259 1\/8 finaldan qo\u015fulub v\u0259 yapon r\u0259qibin\u0259 qalib g\u0259lib. O, 1\/4 finalda da qalib g\u0259l\u0259r\u0259k yar\u0131mfinala v\u0259siq\u0259 qazan\u0131b. Rafiq H\u00fcseynov\u00a0(82 kq)&hellip;<\/p>\n","protected":false},"author":2,"featured_media":21275,"comment_status":"closed","ping_status":"closed","sticky":false,"template":"","format":"standard","meta":{"om_disable_all_campaigns":false,"_monsterinsights_skip_tracking":false,"_monsterinsights_sitenote_active":false,"_monsterinsights_sitenote_note":"","_monsterinsights_sitenote_category":0},"categories":[6],"tags":[],"aioseo_notices":[],"gutentor_comment":0,"rttpg_featured_image_url":{"full":["https:\/\/arantv.az\/wp-content\/uploads\/2018\/10\/taleh.jpg",620,412,false],"landscape":["https:\/\/arantv.az\/wp-content\/uploads\/2018\/10\/taleh.jpg",620,412,false],"portraits":["https:\/\/arantv.az\/wp-content\/uploads\/2018\/10\/taleh.jpg",620,412,false],"thumbnail":["https:\/\/arantv.az\/wp-content\/uploads\/2018\/10\/taleh-150x150.jpg",150,150,true],"medium":["https:\/\/arantv.az\/wp-content\/uploads\/2018\/10\/taleh-300x199.jpg",300,199,true],"large":["https:\/\/arantv.az\/wp-content\/uploads\/2018\/10\/taleh.jpg",620,412,false],"1536x1536":["https:\/\/arantv.az\/wp-content\/uploads\/2018\/10\/taleh.jpg",620,412,false],"2048x2048":["https:\/\/arantv.az\/wp-content\/uploads\/2018\/10\/taleh.jpg",620,412,false],"post-thumbnail":["https:\/\/arantv.az\/wp-content\/uploads\/2018\/10\/taleh-240x172.jpg",240,172,true],"advps-thumb-one":["https:\/\/arantv.az\/wp-content\/uploads\/2018\/10\/taleh.jpg",620,412,false]},"rttpg_author":{"display_name":"V\u00fcsal Rafiqo\u011flu","author_link":"https:\/\/arantv.az\/?author=2"},"rttpg_comment":0,"rttpg_category":"<a href=\"https:\/\/arantv.az\/?cat=6\" rel=\"category\">\u0130dman<\/a>","rttpg_excerpt":"Macar\u0131stan\u0131n paytaxt\u0131 Budape\u015ftd\u0259 ke\u00e7iril\u0259n g\u00fcl\u0259\u015f \u00fczr\u0259 d\u00fcnya \u00e7empionat\u0131 davam edir. ARANTV.AZ\u00a0x\u0259b\u0259r verir ki, yar\u0131\u015f\u0131n alt\u0131nc\u0131 g\u00fcn\u00fcnd\u0259 d\u00f6rd \u00e7\u0259kid\u0259 yunan-Roma g\u00fcl\u0259\u015f\u00e7il\u0259rinin m\u00fcbariz\u0259sin\u0259 start verilib. Avropa \u00e7empionu\u00a0Eld\u0259niz \u018fzizli\u00a0(55 kq) ilk m\u0259rh\u0259l\u0259d\u0259 macar r\u0259qibini c\u0259mi bir d\u0259qiq\u0259y\u0259 m\u0259\u011flub edib. 1\/8 finalda o, \u00e7inli idman\u00e7\u0131 il\u0259 qar\u015f\u0131la\u015facaq. Taleh M\u0259mm\u0259dov\u00a0(63 kq) t\u0259snifat m\u0259rh\u0259l\u0259sind\u0259 \u00e7\u0259tinlikl\u0259 d\u0259 olsa, norve\u00e7li h\u0259mkar\u0131n\u0131 \u00fcst\u0259l\u0259yib. Taleh&hellip;","_links":{"self":[{"href":"https:\/\/arantv.az\/index.php?rest_route=\/wp\/v2\/posts\/21274"}],"collection":[{"href":"https:\/\/arantv.az\/index.php?rest_route=\/wp\/v2\/posts"}],"about":[{"href":"https:\/\/arantv.az\/index.php?rest_route=\/wp\/v2\/types\/post"}],"author":[{"embeddable":true,"href":"https:\/\/arantv.az\/index.php?rest_route=\/wp\/v2\/users\/2"}],"replies":[{"embeddable":true,"href":"https:\/\/arantv.az\/index.php?rest_route=%2Fwp%2Fv2%2Fcomments&post=21274"}],"version-history":[{"count":0,"href":"https:\/\/arantv.az\/index.php?rest_route=\/wp\/v2\/posts\/21274\/revisions"}],"wp:featuredmedia":[{"embeddable":true,"href":"https:\/\/arantv.az\/index.php?rest_route=\/wp\/v2\/media\/21275"}],"wp:attachment":[{"href":"https:\/\/arantv.az\/index.php?rest_route=%2Fwp%2Fv2%2Fmedia&parent=21274"}],"wp:term":[{"taxonomy":"category","embeddable":true,"href":"https:\/\/arantv.az\/index.php?rest_route=%2Fwp%2Fv2%2Fcategories&post=21274"},{"taxonomy":"post_tag","embeddable":true,"href":"https:\/\/arantv.az\/index.php?rest_route=%2Fwp%2Fv2%2Ftags&post=21274"}],"curies":[{"name":"wp","href":"https:\/\/api.w.org\/{rel}","templated":true}]}}