{"id":21277,"date":"2018-10-25T15:29:49","date_gmt":"2018-10-25T12:29:49","guid":{"rendered":"http:\/\/arantv.az\/?p=21277"},"modified":"2018-10-25T15:29:49","modified_gmt":"2018-10-25T12:29:49","slug":"prezident-ilham-%c9%99liyev-sloveniya-milli-surasi-s%c9%99drinin-basciliq-etdiyi-numay%c9%99nd%c9%99-hey%c9%99tini-q%c9%99bul-edib","status":"publish","type":"post","link":"https:\/\/arantv.az\/?p=21277","title":{"rendered":"Prezident \u0130lham \u018fliyev Sloveniya Milli \u015euras\u0131 s\u0259drinin ba\u015f\u00e7\u0131l\u0131q etdiyi n\u00fcmay\u0259nd\u0259 hey\u0259tini q\u0259bul edib"},"content":{"rendered":"<p><strong>ARANTV.AZ<\/strong> az\u0259rtac-a istinad\u0259n x\u0259b\u0259r verir ki, Az\u0259rbaycan Respublikas\u0131n\u0131n Prezidenti \u0130lham \u018fliyev oktyabr\u0131n 25-d\u0259 Sloveniya Milli \u015euras\u0131n\u0131n s\u0259dri Aloyz Kov\u015fkan\u0131n bac\u0131l\u0131q etdiyi n\u00fcmay\u0259nd\u0259 hey\u0259tini q\u0259bul edib.<\/p>\n","protected":false},"excerpt":{"rendered":"<p>ARANTV.AZ az\u0259rtac-a istinad\u0259n x\u0259b\u0259r verir ki, Az\u0259rbaycan Respublikas\u0131n\u0131n Prezidenti \u0130lham \u018fliyev oktyabr\u0131n 25-d\u0259 Sloveniya Milli \u015euras\u0131n\u0131n s\u0259dri Aloyz Kov\u015fkan\u0131n bac\u0131l\u0131q etdiyi n\u00fcmay\u0259nd\u0259 hey\u0259tini q\u0259bul edib.<\/p>\n","protected":false},"author":2,"featured_media":21278,"comment_status":"closed","ping_status":"closed","sticky":false,"template":"","format":"standard","meta":{"om_disable_all_campaigns":false,"_monsterinsights_skip_tracking":false,"_monsterinsights_sitenote_active":false,"_monsterinsights_sitenote_note":"","_monsterinsights_sitenote_category":0},"categories":[8],"tags":[],"aioseo_notices":[],"gutentor_comment":0,"rttpg_featured_image_url":{"full":["https:\/\/arantv.az\/wp-content\/uploads\/2018\/10\/697780.jpg",909,669,false],"landscape":["https:\/\/arantv.az\/wp-content\/uploads\/2018\/10\/697780.jpg",909,669,false],"portraits":["https:\/\/arantv.az\/wp-content\/uploads\/2018\/10\/697780.jpg",909,669,false],"thumbnail":["https:\/\/arantv.az\/wp-content\/uploads\/2018\/10\/697780-150x150.jpg",150,150,true],"medium":["https:\/\/arantv.az\/wp-content\/uploads\/2018\/10\/697780-300x221.jpg",300,221,true],"large":["https:\/\/arantv.az\/wp-content\/uploads\/2018\/10\/697780.jpg",640,471,false],"1536x1536":["https:\/\/arantv.az\/wp-content\/uploads\/2018\/10\/697780.jpg",909,669,false],"2048x2048":["https:\/\/arantv.az\/wp-content\/uploads\/2018\/10\/697780.jpg",909,669,false],"post-thumbnail":["https:\/\/arantv.az\/wp-content\/uploads\/2018\/10\/697780-240x172.jpg",240,172,true],"advps-thumb-one":["https:\/\/arantv.az\/wp-content\/uploads\/2018\/10\/697780-909x620.jpg",909,620,true]},"rttpg_author":{"display_name":"V\u00fcsal Rafiqo\u011flu","author_link":"https:\/\/arantv.az\/?author=2"},"rttpg_comment":0,"rttpg_category":"<a href=\"https:\/\/arantv.az\/?cat=8\" rel=\"category\">\u018fsas s\u0259hif\u0259<\/a>","rttpg_excerpt":"ARANTV.AZ az\u0259rtac-a istinad\u0259n x\u0259b\u0259r verir ki, Az\u0259rbaycan Respublikas\u0131n\u0131n Prezidenti \u0130lham \u018fliyev oktyabr\u0131n 25-d\u0259 Sloveniya Milli \u015euras\u0131n\u0131n s\u0259dri Aloyz Kov\u015fkan\u0131n bac\u0131l\u0131q etdiyi n\u00fcmay\u0259nd\u0259 hey\u0259tini q\u0259bul edib.","_links":{"self":[{"href":"https:\/\/arantv.az\/index.php?rest_route=\/wp\/v2\/posts\/21277"}],"collection":[{"href":"https:\/\/arantv.az\/index.php?rest_route=\/wp\/v2\/posts"}],"about":[{"href":"https:\/\/arantv.az\/index.php?rest_route=\/wp\/v2\/types\/post"}],"author":[{"embeddable":true,"href":"https:\/\/arantv.az\/index.php?rest_route=\/wp\/v2\/users\/2"}],"replies":[{"embeddable":true,"href":"https:\/\/arantv.az\/index.php?rest_route=%2Fwp%2Fv2%2Fcomments&post=21277"}],"version-history":[{"count":0,"href":"https:\/\/arantv.az\/index.php?rest_route=\/wp\/v2\/posts\/21277\/revisions"}],"wp:featuredmedia":[{"embeddable":true,"href":"https:\/\/arantv.az\/index.php?rest_route=\/wp\/v2\/media\/21278"}],"wp:attachment":[{"href":"https:\/\/arantv.az\/index.php?rest_route=%2Fwp%2Fv2%2Fmedia&parent=21277"}],"wp:term":[{"taxonomy":"category","embeddable":true,"href":"https:\/\/arantv.az\/index.php?rest_route=%2Fwp%2Fv2%2Fcategories&post=21277"},{"taxonomy":"post_tag","embeddable":true,"href":"https:\/\/arantv.az\/index.php?rest_route=%2Fwp%2Fv2%2Ftags&post=21277"}],"curies":[{"name":"wp","href":"https:\/\/api.w.org\/{rel}","templated":true}]}}