{"id":21285,"date":"2018-10-25T15:36:42","date_gmt":"2018-10-25T12:36:42","guid":{"rendered":"http:\/\/arantv.az\/?p=21285"},"modified":"2018-10-25T15:36:42","modified_gmt":"2018-10-25T12:36:42","slug":"elmir-v%c9%99lizad%c9%99-yeni-investisiyalarin-c%c9%99lbi-innovativ-layih%c9%99l%c9%99rin-h%c9%99yata-kecirilm%c9%99sin%c9%99-imkan-verir","status":"publish","type":"post","link":"https:\/\/arantv.az\/?p=21285","title":{"rendered":"Elmir V\u0259lizad\u0259: &#8220;Yeni investisiyalar\u0131n c\u0259lbi innovativ layih\u0259l\u0259rin h\u0259yata ke\u00e7irilm\u0259sin\u0259 imkan verir&#8221;"},"content":{"rendered":"<p><strong>&#8220;Az\u0259rbaycan h\u00f6kum\u0259ti b\u00fct\u00fcn sah\u0259l\u0259rd\u0259 inki\u015faf\u0131 t\u0259\u015fviq edir&#8221;.<\/strong><\/p>\n<p><strong>ARANTV.AZ<\/strong> trend-\u0259 istinad\u0259n x\u0259b\u0259r verir ki, bunu n\u0259qliyyat, rabit\u0259 v\u0259 y\u00fcks\u0259k texnologiyalar nazirinin m\u00fcavini\u00a0<strong>Elmir V\u0259lizad\u0259<\/strong>\u00a0VI Bak\u0131 Beyn\u0259lxalq Humanitar Forumu \u00e7\u0259r\u00e7iv\u0259sind\u0259 ke\u00e7iril\u0259n &#8220;\u0130nnovasiyalar yarad\u0131c\u0131 iqtisadiyyat\u0131n yeni m\u0259nb\u0259yi kimi&#8221; plenar sessiyas\u0131nda \u00e7\u0131x\u0131\u015f\u0131 zaman\u0131 deyib.<\/p>\n<p>Az\u0259rbaycanda Y\u00fcks\u0259k Texnologiyalar Park\u0131n\u0131n f\u0259aliyy\u0259t g\u00f6st\u0259rdiyini t\u0259dbir i\u015ftirak\u00e7\u0131lar\u0131n\u0131n n\u0259z\u0259rin\u0259 \u00e7atd\u0131ran E.V\u0259lizad\u0259 \u0259lav\u0259 edib ki, haz\u0131rda Az\u0259rbaycan kosmosu f\u0259th ed\u0259n \u00f6lk\u0259l\u0259rd\u0259n biridir: &#8220;Bu, inki\u015fafda olan \u00f6lk\u0259 \u00fc\u00e7\u00fcn \u00e7ox g\u00f6z\u0259l n\u0259tic\u0259dir&#8221;.<\/p>\n<div id=\"AdributorNativeVideo0\" class=\"AdributorNativeVideo\"><\/div>\n<p>Az\u0259rbaycanda \u0259halinin internet\u0259 \u0259l\u00e7atanl\u0131\u011f\u0131 imkanlar\u0131n\u0131n ild\u0259n-il\u0259 artd\u0131\u011f\u0131n\u0131 s\u00f6yl\u0259y\u0259n nazir m\u00fcavini hesab edir ki, Az\u0259rbaycanda innovativ inki\u015faf v\u0259 yeni investisiyalar\u0131n c\u0259lbi innovativ layih\u0259l\u0259rin h\u0259yata ke\u00e7irilm\u0259sin\u0259 imkan verir.<\/p>\n","protected":false},"excerpt":{"rendered":"<p>&#8220;Az\u0259rbaycan h\u00f6kum\u0259ti b\u00fct\u00fcn sah\u0259l\u0259rd\u0259 inki\u015faf\u0131 t\u0259\u015fviq edir&#8221;. ARANTV.AZ trend-\u0259 istinad\u0259n x\u0259b\u0259r verir ki, bunu n\u0259qliyyat, rabit\u0259 v\u0259 y\u00fcks\u0259k texnologiyalar nazirinin m\u00fcavini\u00a0Elmir V\u0259lizad\u0259\u00a0VI Bak\u0131 Beyn\u0259lxalq Humanitar Forumu \u00e7\u0259r\u00e7iv\u0259sind\u0259 ke\u00e7iril\u0259n &#8220;\u0130nnovasiyalar yarad\u0131c\u0131 iqtisadiyyat\u0131n yeni m\u0259nb\u0259yi kimi&#8221; plenar sessiyas\u0131nda \u00e7\u0131x\u0131\u015f\u0131 zaman\u0131 deyib. Az\u0259rbaycanda Y\u00fcks\u0259k Texnologiyalar Park\u0131n\u0131n f\u0259aliyy\u0259t g\u00f6st\u0259rdiyini t\u0259dbir i\u015ftirak\u00e7\u0131lar\u0131n\u0131n n\u0259z\u0259rin\u0259 \u00e7atd\u0131ran E.V\u0259lizad\u0259 \u0259lav\u0259 edib ki, haz\u0131rda Az\u0259rbaycan kosmosu f\u0259th ed\u0259n \u00f6lk\u0259l\u0259rd\u0259n biridir: &#8220;Bu, inki\u015fafda olan \u00f6lk\u0259 \u00fc\u00e7\u00fcn \u00e7ox g\u00f6z\u0259l n\u0259tic\u0259dir&#8221;. Az\u0259rbaycanda \u0259halinin internet\u0259 \u0259l\u00e7atanl\u0131\u011f\u0131 imkanlar\u0131n\u0131n ild\u0259n-il\u0259 artd\u0131\u011f\u0131n\u0131 s\u00f6yl\u0259y\u0259n nazir m\u00fcavini hesab edir ki, Az\u0259rbaycanda innovativ inki\u015faf v\u0259 yeni investisiyalar\u0131n c\u0259lbi innovativ layih\u0259l\u0259rin&hellip;<\/p>\n","protected":false},"author":2,"featured_media":21286,"comment_status":"closed","ping_status":"closed","sticky":false,"template":"","format":"standard","meta":{"om_disable_all_campaigns":false,"_monsterinsights_skip_tracking":false,"_monsterinsights_sitenote_active":false,"_monsterinsights_sitenote_note":"","_monsterinsights_sitenote_category":0},"categories":[1],"tags":[],"aioseo_notices":[],"gutentor_comment":0,"rttpg_featured_image_url":{"full":["https:\/\/arantv.az\/wp-content\/uploads\/2018\/10\/697770.jpg",800,600,false],"landscape":["https:\/\/arantv.az\/wp-content\/uploads\/2018\/10\/697770.jpg",800,600,false],"portraits":["https:\/\/arantv.az\/wp-content\/uploads\/2018\/10\/697770.jpg",800,600,false],"thumbnail":["https:\/\/arantv.az\/wp-content\/uploads\/2018\/10\/697770-150x150.jpg",150,150,true],"medium":["https:\/\/arantv.az\/wp-content\/uploads\/2018\/10\/697770-300x225.jpg",300,225,true],"large":["https:\/\/arantv.az\/wp-content\/uploads\/2018\/10\/697770.jpg",640,480,false],"1536x1536":["https:\/\/arantv.az\/wp-content\/uploads\/2018\/10\/697770.jpg",800,600,false],"2048x2048":["https:\/\/arantv.az\/wp-content\/uploads\/2018\/10\/697770.jpg",800,600,false],"post-thumbnail":["https:\/\/arantv.az\/wp-content\/uploads\/2018\/10\/697770-240x172.jpg",240,172,true],"advps-thumb-one":["https:\/\/arantv.az\/wp-content\/uploads\/2018\/10\/697770.jpg",800,600,false]},"rttpg_author":{"display_name":"V\u00fcsal Rafiqo\u011flu","author_link":"https:\/\/arantv.az\/?author=2"},"rttpg_comment":0,"rttpg_category":"<a href=\"https:\/\/arantv.az\/?cat=1\" rel=\"category\">C\u0259miyy\u0259t<\/a>","rttpg_excerpt":"&#8220;Az\u0259rbaycan h\u00f6kum\u0259ti b\u00fct\u00fcn sah\u0259l\u0259rd\u0259 inki\u015faf\u0131 t\u0259\u015fviq edir&#8221;. ARANTV.AZ trend-\u0259 istinad\u0259n x\u0259b\u0259r verir ki, bunu n\u0259qliyyat, rabit\u0259 v\u0259 y\u00fcks\u0259k texnologiyalar nazirinin m\u00fcavini\u00a0Elmir V\u0259lizad\u0259\u00a0VI Bak\u0131 Beyn\u0259lxalq Humanitar Forumu \u00e7\u0259r\u00e7iv\u0259sind\u0259 ke\u00e7iril\u0259n &#8220;\u0130nnovasiyalar yarad\u0131c\u0131 iqtisadiyyat\u0131n yeni m\u0259nb\u0259yi kimi&#8221; plenar sessiyas\u0131nda \u00e7\u0131x\u0131\u015f\u0131 zaman\u0131 deyib. Az\u0259rbaycanda Y\u00fcks\u0259k Texnologiyalar Park\u0131n\u0131n f\u0259aliyy\u0259t g\u00f6st\u0259rdiyini t\u0259dbir i\u015ftirak\u00e7\u0131lar\u0131n\u0131n n\u0259z\u0259rin\u0259 \u00e7atd\u0131ran E.V\u0259lizad\u0259 \u0259lav\u0259 edib ki, haz\u0131rda Az\u0259rbaycan&hellip;","_links":{"self":[{"href":"https:\/\/arantv.az\/index.php?rest_route=\/wp\/v2\/posts\/21285"}],"collection":[{"href":"https:\/\/arantv.az\/index.php?rest_route=\/wp\/v2\/posts"}],"about":[{"href":"https:\/\/arantv.az\/index.php?rest_route=\/wp\/v2\/types\/post"}],"author":[{"embeddable":true,"href":"https:\/\/arantv.az\/index.php?rest_route=\/wp\/v2\/users\/2"}],"replies":[{"embeddable":true,"href":"https:\/\/arantv.az\/index.php?rest_route=%2Fwp%2Fv2%2Fcomments&post=21285"}],"version-history":[{"count":0,"href":"https:\/\/arantv.az\/index.php?rest_route=\/wp\/v2\/posts\/21285\/revisions"}],"wp:featuredmedia":[{"embeddable":true,"href":"https:\/\/arantv.az\/index.php?rest_route=\/wp\/v2\/media\/21286"}],"wp:attachment":[{"href":"https:\/\/arantv.az\/index.php?rest_route=%2Fwp%2Fv2%2Fmedia&parent=21285"}],"wp:term":[{"taxonomy":"category","embeddable":true,"href":"https:\/\/arantv.az\/index.php?rest_route=%2Fwp%2Fv2%2Fcategories&post=21285"},{"taxonomy":"post_tag","embeddable":true,"href":"https:\/\/arantv.az\/index.php?rest_route=%2Fwp%2Fv2%2Ftags&post=21285"}],"curies":[{"name":"wp","href":"https:\/\/api.w.org\/{rel}","templated":true}]}}