{"id":21294,"date":"2018-10-25T15:48:11","date_gmt":"2018-10-25T12:48:11","guid":{"rendered":"http:\/\/arantv.az\/?p=21294"},"modified":"2018-10-25T15:48:11","modified_gmt":"2018-10-25T12:48:11","slug":"rusiyali-politoloq-baki-humanitar-forumunda-qarsiliqli-anlasma-ruhu-hokm-surur","status":"publish","type":"post","link":"https:\/\/arantv.az\/?p=21294","title":{"rendered":"Rusiyal\u0131 politoloq: &#8220;Bak\u0131 Humanitar Forumunda qar\u015f\u0131l\u0131ql\u0131 anla\u015fma ruhu h\u00f6km s\u00fcr\u00fcr&#8221;"},"content":{"rendered":"<p><strong>&#8220;Bak\u0131 t\u0259kc\u0259 sivilizasiya v\u0259 dinl\u0259rin k\u0259si\u015fdiyi \u015f\u0259h\u0259r deyil, h\u0259m d\u0259 onlar\u0131n qar\u015f\u0131l\u0131ql\u0131 m\u00f6vcud oldu\u011fu yerdir. Ham\u0131 bilir ki, d\u00fcnyan\u0131n he\u00e7 bir yerind\u0259 Bak\u0131 Humanitar Forumu kimi t\u0259dbir ke\u00e7iril\u0259 bilm\u0259z&#8221;.<\/strong><\/p>\n<p><strong>ARANTV.AZ<\/strong> trend-\u0259 istinad\u0259n x\u0259b\u0259r verir ki, bunu rusiyal\u0131 tarix\u00e7i v\u0259 politoloq Oleq Kuznetsov deyib.<\/p>\n<p>O.Kuznetsovun s\u00f6zl\u0259rin\u0259 g\u00f6r\u0259, Bak\u0131 Humanitar Forumunda qar\u015f\u0131l\u0131ql\u0131 anla\u015fma ruhu h\u00f6km s\u00fcr\u00fcr v\u0259 siyasi konyunktur yoxdur:<\/p>\n<p>&#8220;H\u0259r k\u0259s Bak\u0131 prosesinin \u0259h\u0259miyy\u0259tini g\u00f6z\u0259l ba\u015fa d\u00fc\u015f\u00fcr. Humanitar bax\u0131mdan Bak\u0131 planetar \u0259h\u0259miyy\u0259t da\u015f\u0131y\u0131r. M\u0259nim ISESCO-nun ba\u015f katibinin \u00e7\u0131x\u0131\u015f\u0131 xo\u015fuma g\u0259ldi. O dedi ki, burada sivilizasiyalararas\u0131 dialoq yox, \u00fcmumd\u00fcnya humanitar dialoqi ke\u00e7irilir&#8221;.<\/p>\n<p>O.Kuznetsov bildirib ki, bu, h\u0259min t\u0259dbirin xarakterinin v\u0259 m\u00fchitinin g\u00f6st\u0259ricisidir.<\/p>\n","protected":false},"excerpt":{"rendered":"<p>&#8220;Bak\u0131 t\u0259kc\u0259 sivilizasiya v\u0259 dinl\u0259rin k\u0259si\u015fdiyi \u015f\u0259h\u0259r deyil, h\u0259m d\u0259 onlar\u0131n qar\u015f\u0131l\u0131ql\u0131 m\u00f6vcud oldu\u011fu yerdir. Ham\u0131 bilir ki, d\u00fcnyan\u0131n he\u00e7 bir yerind\u0259 Bak\u0131 Humanitar Forumu kimi t\u0259dbir ke\u00e7iril\u0259 bilm\u0259z&#8221;. ARANTV.AZ trend-\u0259 istinad\u0259n x\u0259b\u0259r verir ki, bunu rusiyal\u0131 tarix\u00e7i v\u0259 politoloq Oleq Kuznetsov deyib. O.Kuznetsovun s\u00f6zl\u0259rin\u0259 g\u00f6r\u0259, Bak\u0131 Humanitar Forumunda qar\u015f\u0131l\u0131ql\u0131 anla\u015fma ruhu h\u00f6km s\u00fcr\u00fcr v\u0259 siyasi konyunktur yoxdur: &#8220;H\u0259r k\u0259s Bak\u0131 prosesinin \u0259h\u0259miyy\u0259tini g\u00f6z\u0259l ba\u015fa d\u00fc\u015f\u00fcr. Humanitar bax\u0131mdan Bak\u0131 planetar \u0259h\u0259miyy\u0259t da\u015f\u0131y\u0131r. M\u0259nim ISESCO-nun ba\u015f katibinin \u00e7\u0131x\u0131\u015f\u0131 xo\u015fuma g\u0259ldi. O dedi ki, burada sivilizasiyalararas\u0131 dialoq yox, \u00fcmumd\u00fcnya humanitar dialoqi ke\u00e7irilir&#8221;.&hellip;<\/p>\n","protected":false},"author":2,"featured_media":21295,"comment_status":"closed","ping_status":"closed","sticky":false,"template":"","format":"standard","meta":{"om_disable_all_campaigns":false,"_monsterinsights_skip_tracking":false,"_monsterinsights_sitenote_active":false,"_monsterinsights_sitenote_note":"","_monsterinsights_sitenote_category":0},"categories":[19],"tags":[],"aioseo_notices":[],"gutentor_comment":0,"rttpg_featured_image_url":{"full":["https:\/\/arantv.az\/wp-content\/uploads\/2018\/10\/697784.jpg",800,600,false],"landscape":["https:\/\/arantv.az\/wp-content\/uploads\/2018\/10\/697784.jpg",800,600,false],"portraits":["https:\/\/arantv.az\/wp-content\/uploads\/2018\/10\/697784.jpg",800,600,false],"thumbnail":["https:\/\/arantv.az\/wp-content\/uploads\/2018\/10\/697784-150x150.jpg",150,150,true],"medium":["https:\/\/arantv.az\/wp-content\/uploads\/2018\/10\/697784-300x225.jpg",300,225,true],"large":["https:\/\/arantv.az\/wp-content\/uploads\/2018\/10\/697784.jpg",640,480,false],"1536x1536":["https:\/\/arantv.az\/wp-content\/uploads\/2018\/10\/697784.jpg",800,600,false],"2048x2048":["https:\/\/arantv.az\/wp-content\/uploads\/2018\/10\/697784.jpg",800,600,false],"post-thumbnail":["https:\/\/arantv.az\/wp-content\/uploads\/2018\/10\/697784-240x172.jpg",240,172,true],"advps-thumb-one":["https:\/\/arantv.az\/wp-content\/uploads\/2018\/10\/697784.jpg",800,600,false]},"rttpg_author":{"display_name":"V\u00fcsal Rafiqo\u011flu","author_link":"https:\/\/arantv.az\/?author=2"},"rttpg_comment":0,"rttpg_category":"<a href=\"https:\/\/arantv.az\/?cat=19\" rel=\"category\">G\u00fcnd\u0259m<\/a>","rttpg_excerpt":"&#8220;Bak\u0131 t\u0259kc\u0259 sivilizasiya v\u0259 dinl\u0259rin k\u0259si\u015fdiyi \u015f\u0259h\u0259r deyil, h\u0259m d\u0259 onlar\u0131n qar\u015f\u0131l\u0131ql\u0131 m\u00f6vcud oldu\u011fu yerdir. Ham\u0131 bilir ki, d\u00fcnyan\u0131n he\u00e7 bir yerind\u0259 Bak\u0131 Humanitar Forumu kimi t\u0259dbir ke\u00e7iril\u0259 bilm\u0259z&#8221;. ARANTV.AZ trend-\u0259 istinad\u0259n x\u0259b\u0259r verir ki, bunu rusiyal\u0131 tarix\u00e7i v\u0259 politoloq Oleq Kuznetsov deyib. O.Kuznetsovun s\u00f6zl\u0259rin\u0259 g\u00f6r\u0259, Bak\u0131 Humanitar Forumunda qar\u015f\u0131l\u0131ql\u0131 anla\u015fma ruhu h\u00f6km s\u00fcr\u00fcr v\u0259&hellip;","_links":{"self":[{"href":"https:\/\/arantv.az\/index.php?rest_route=\/wp\/v2\/posts\/21294"}],"collection":[{"href":"https:\/\/arantv.az\/index.php?rest_route=\/wp\/v2\/posts"}],"about":[{"href":"https:\/\/arantv.az\/index.php?rest_route=\/wp\/v2\/types\/post"}],"author":[{"embeddable":true,"href":"https:\/\/arantv.az\/index.php?rest_route=\/wp\/v2\/users\/2"}],"replies":[{"embeddable":true,"href":"https:\/\/arantv.az\/index.php?rest_route=%2Fwp%2Fv2%2Fcomments&post=21294"}],"version-history":[{"count":0,"href":"https:\/\/arantv.az\/index.php?rest_route=\/wp\/v2\/posts\/21294\/revisions"}],"wp:featuredmedia":[{"embeddable":true,"href":"https:\/\/arantv.az\/index.php?rest_route=\/wp\/v2\/media\/21295"}],"wp:attachment":[{"href":"https:\/\/arantv.az\/index.php?rest_route=%2Fwp%2Fv2%2Fmedia&parent=21294"}],"wp:term":[{"taxonomy":"category","embeddable":true,"href":"https:\/\/arantv.az\/index.php?rest_route=%2Fwp%2Fv2%2Fcategories&post=21294"},{"taxonomy":"post_tag","embeddable":true,"href":"https:\/\/arantv.az\/index.php?rest_route=%2Fwp%2Fv2%2Ftags&post=21294"}],"curies":[{"name":"wp","href":"https:\/\/api.w.org\/{rel}","templated":true}]}}